{"id":9433,"date":"2019-06-12T08:58:27","date_gmt":"2019-06-12T06:58:27","guid":{"rendered":"https:\/\/fundacioncomillas.es\/?p=9433"},"modified":"2023-12-13T13:09:25","modified_gmt":"2023-12-13T12:09:25","slug":"5-actividades-para-practicar-los-subjuntivos-en-el-aula-de-ele","status":"publish","type":"post","link":"https:\/\/fundacioncomillas.es\/zh-hans\/2019\/06\/12\/5-actividades-para-practicar-los-subjuntivos-en-el-aula-de-ele\/","title":{"rendered":"5 actividades para practicar los subjuntivos en el aula de ELE"},"content":{"rendered":"<p style=\"text-align: justify;\"><strong>Explicar el subjuntivo a estudiantes de Espa\u00f1ol como Lengua Extranjera (ELE)\u00a0<\/strong>no es tarea f\u00e1cil y en el Centro Universitario CIESE-Fundaci\u00f3n Comillas somos conscientes de ello. Por este motivo hemos elaborado este art\u00edculo con el objetivo de facilitar el aprendizaje del subjuntivo a trav\u00e9s <strong>de actividades pr\u00e1cticas de lo m\u00e1s amenas<\/strong>\u00a0a trav\u00e9s de diferentes juegos, canciones y otras ideas que puedas<strong>\u00a0incluir en el aula ELE.<\/strong><\/p>\n<h2>5 actividades para practicar los subjuntivos en el aula de ELE<\/h2>\n<h3 style=\"text-align: justify;\"><strong>Formular deseos<\/strong><\/h3>\n<p style=\"text-align: justify;\">La estructura\u00a0<strong>ojal\u00e1, m\u00e1s modo subjuntivo<\/strong>\u00a0se utiliza en espa\u00f1ol para formular deseos. Nuestra propuesta es que lo incluyas en la clase de ELE animando a tus alumnos a realizar sus propias frases sobre diferentes tem\u00e1ticas. Por ejemplo pueden hablar sobre\u00a0<strong>c\u00f3mo les gustar\u00eda que fuera el mundo o qu\u00e9 habilidades desear\u00edan tener.\u00a0<\/strong>\u00a1Las opciones son infinitas! Estamos seguros de que si dedicas unos minutos a pensar bien esta actividad se te ocurrir\u00e1n numerosas ideas de lo m\u00e1s originales y divertidas.<\/p>\n<h3 style=\"text-align: justify;\"><strong>Canciones<\/strong><\/h3>\n<p style=\"text-align: justify;\">Otra manera de practicar el subjuntivo y entender sus usos es a trav\u00e9s de\u00a0<strong>canciones<\/strong>. Si eres un fan\u00e1tico de la m\u00fasica conocer\u00e1s muchas letras en las que abundan los subjuntivos ya que es un\u00a0<strong>modo verbal muy recurrente\u00a0<\/strong>en la poes\u00eda y la l\u00edrica. En el Centro Universitario CIESE-Comillas hemos elaborado un peque\u00f1o\u00a0<strong>listado con algunas de las m\u00e1s populares:<\/strong><\/p>\n<ul style=\"text-align: justify;\">\n<li><a href=\"https:\/\/www.youtube.com\/watch?v=kB9wpKXvr1o\">Ojal\u00e1<\/a>, Silvio Rodr\u00edguez. En la p\u00e1gina\u00a0<a href=\"https:\/\/www.profe-de-espanol.de\/2015\/05\/07\/ojala\/\">Profe de Espa\u00f1ol<\/a>\u00a0puedes ver su propuesta de actividades con esta canci\u00f3n.<\/li>\n<li><a href=\"https:\/\/www.youtube.com\/watch?v=RM9JWCVG4v4\">La vida t\u00f3mbola<\/a>, Manu Chao.<\/li>\n<li><a href=\"https:\/\/www.youtube.com\/watch?v=XZOLOggfWp0\">Ojal\u00e1 que llueva caf\u00e9<\/a>, Juan Luis Guerra.<\/li>\n<li><a href=\"https:\/\/www.youtube.com\/watch?v=kMIaYXxLnUA\">A Dios le pido<\/a>, Juanes.<\/li>\n<li><a href=\"https:\/\/www.youtube.com\/watch?v=akbFm4cpGZ4\">Azul<\/a>, Natalia Lafourcade.<\/li>\n<li><a href=\"https:\/\/www.youtube.com\/watch?v=2GhF2mPKnDg\">Agua<\/a>, Jarabe de Palo.<\/li>\n<li><a href=\"https:\/\/www.youtube.com\/watch?v=WlSBl0YUZcc\">Que me quedes t\u00fa<\/a>, Shakira.<\/li>\n<li><a href=\"https:\/\/www.youtube.com\/watch?v=OzOwxYLsmw8\">Tu jard\u00edn con enanitos<\/a>, Melendi.<\/li>\n<\/ul>\n<h3 style=\"text-align: justify;\"><strong>Dado para jugar al subjuntivo<\/strong><\/h3>\n<p style=\"text-align: justify;\">Navegando en internet puedes encontrar recursos e ideas maravillosas. En este sentido dos de nuestras\u00a0<strong>p\u00e1ginas preferidas<\/strong>\u00a0son\u00a0<strong>ELE Internacional <\/strong>y\u00a0<strong>Color ELE<\/strong>. En ambas abundan propuestas de lo m\u00e1s originales para la clase de segundas lenguas.<\/p>\n<p style=\"text-align: justify;\">En este caso para practicar el subjuntivo en el Centro Universitario CIESE-Comillas nos hemos decantado por\u00a0<a href=\"https:\/\/eleinternacional.com\/blog\/jugando-con-el-subjuntivo\/\">este dado<\/a> que nos propone Color ELE en ELE Internacional.<\/p>\n<p style=\"text-align: justify;\">En cada cara del lado aparece una\u00a0<strong>expresi\u00f3n que requiere el uso del modo subjuntivo.<\/strong>\u00a0De esta manera los alumnos, en parejas o grupos, deben tirar el dado y formar frases utilizando un verbo de manera adecuada. Otra variante del juego consiste en a\u00f1adir a la actividad un\u00a0<strong>listado de verbos<\/strong>, as\u00ed los estudiantes deber\u00e1n coger uno al azar y<strong>\u00a0formular la oraci\u00f3n con este y con la expresi\u00f3n<\/strong>\u00a0que les toque en el dado.<\/p>\n<h3 style=\"text-align: justify;\"><strong>\u00bfVerdad o mentira?<\/strong><\/h3>\n<p style=\"text-align: justify;\">Para terminar te damos una idea que\u00a0<strong>combina el indicativo y el subjuntivo<\/strong> a trav\u00e9s de fichas de verdad y mentira. En el Centro Universitario CIESE-Fundaci\u00f3n Comillas consideramos que esta es la <strong>manera perfecta de poner fin a la clase<\/strong>\u00a0ya que pondr\u00e1s a prueba a tus alumnos y evaluar\u00e1s su capacidad para diferenciar los dos modos verbales.<\/p>\n<p style=\"text-align: justify;\">Profe de ELE ha elaborado varias fichas interactivas con afirmaciones. Puedes\u00a0<a href=\"https:\/\/www.profedeele.es\/profesores\/fichas-verdad-mentira-indicativo-subjuntivo\/?fbclid=IwAR3TZpdtmQ09xanpQ6Go8QElrrVh5igFwx1jyK4BdDHsp_Ply7nFVlImdU8\" target=\"_blank\" rel=\"noopener\">encontrarlas aqu\u00ed<\/a>. La idea es que se las muestres a tus alumnos y ellos adivinen si efectivamente son ciertas o si son falsas. Pero, \u00a1ojo! Los estudiantes\u00a0<strong>deber\u00e1n formular oraciones completas<\/strong>\u00a0para que su respuesta sea v\u00e1lida. As\u00ed practicar\u00e1n la gram\u00e1tica aprendida a lo largo de la sesi\u00f3n.<\/p>\n<p style=\"text-align: justify;\"><strong>\u00bfQu\u00e9 te han parecido estas ideas?\u00a0<\/strong>Desde el Centro Universitario CIESE-Fundaci\u00f3n Comillas confiamos en que estas te <strong>resulten de gran utilidad.<\/strong>\u00a0Asimismo, tanto si eres profesor de ELE como estudiante de espa\u00f1ol te animamos a consultar nuestra amplia\u00a0<a href=\"https:\/\/fundacioncomillas.es\/\">oferta acad\u00e9mica de cursos, posgrados y grado<\/a>. Estamos seguros de que\u00a0<strong>esta informaci\u00f3n ser\u00e1 de tu inter\u00e9s.<\/strong><\/p>\n<p style=\"text-align: justify;\">\n","protected":false},"excerpt":{"rendered":"<p>La estructura\u00a0ojal\u00e1, m\u00e1s modo subjuntivo se utiliza en espa\u00f1ol para formular deseos. Nuestra propuesta es que lo incluyas en la clase de ELE animando a tus alumnos a realizar sus propias frases sobre diferentes tem\u00e1ticas.<\/p>\n","protected":false},"author":3,"featured_media":9434,"comment_status":"closed","ping_status":"closed","sticky":false,"template":"","format":"standard","meta":{"_acf_changed":false,"om_disable_all_campaigns":false,"_monsterinsights_skip_tracking":false,"_monsterinsights_sitenote_active":false,"_monsterinsights_sitenote_note":"","_monsterinsights_sitenote_category":0,"_uf_show_specific_survey":0,"_uf_disable_surveys":false,"footnotes":"","_links_to":"","_links_to_target":""},"categories":[149],"tags":[388,207,110],"class_list":["post-9433","post","type-post","status-publish","format-standard","has-post-thumbnail","hentry","category-curiosidades","tag-actividades","tag-aula-ele","tag-ele"],"acf":[],"yoast_head":"<!-- This site is optimized with the Yoast SEO plugin v27.4 - https:\/\/yoast.com\/product\/yoast-seo-wordpress\/ -->\n<title>5 actividades para practicar los subjuntivos en el aula de ELE<\/title>\n<meta name=\"description\" content=\"Descubre 5 actividades para practicar los subjuntivos en el aula de ELE con nosotros, te animamos a ponerlas en pr\u00e1ctica.\" \/>\n<meta name=\"robots\" content=\"index, follow, max-snippet:-1, max-image-preview:large, max-video-preview:-1\" \/>\n<link rel=\"canonical\" href=\"https:\/\/fundacioncomillas.es\/zh-hans\/2019\/06\/12\/5-actividades-para-practicar-los-subjuntivos-en-el-aula-de-ele\/\" \/>\n<meta property=\"og:locale\" content=\"zh_CN\" \/>\n<meta property=\"og:type\" content=\"article\" \/>\n<meta property=\"og:title\" content=\"5 actividades para practicar los subjuntivos en el aula de ELE\" \/>\n<meta property=\"og:description\" content=\"Descubre 5 actividades para practicar los subjuntivos en el aula de ELE con nosotros, te animamos a ponerlas en pr\u00e1ctica.\" \/>\n<meta property=\"og:url\" content=\"https:\/\/fundacioncomillas.es\/zh-hans\/2019\/06\/12\/5-actividades-para-practicar-los-subjuntivos-en-el-aula-de-ele\/\" \/>\n<meta property=\"og:site_name\" content=\"Fundaci\u00f3n Comillas\" \/>\n<meta property=\"article:publisher\" content=\"https:\/\/www.facebook.com\/ciese.comillas\" \/>\n<meta property=\"article:published_time\" content=\"2019-06-12T06:58:27+00:00\" \/>\n<meta property=\"article:modified_time\" content=\"2023-12-13T12:09:25+00:00\" \/>\n<meta property=\"og:image\" content=\"https:\/\/fundacioncomillas.es\/wp-content\/uploads\/2023\/07\/5-actividades-para-practicar-los-subjuntivos-en-el-aula-de-ele.jpg\" \/>\n\t<meta property=\"og:image:width\" content=\"600\" \/>\n\t<meta property=\"og:image:height\" content=\"400\" \/>\n\t<meta property=\"og:image:type\" content=\"image\/jpeg\" \/>\n<meta name=\"author\" content=\"fundacion\" \/>\n<meta name=\"twitter:card\" content=\"summary_large_image\" \/>\n<meta name=\"twitter:creator\" content=\"@CIESEComillas\" \/>\n<meta name=\"twitter:site\" content=\"@CIESEComillas\" \/>\n<meta name=\"twitter:label1\" content=\"\u4f5c\u8005\" \/>\n\t<meta name=\"twitter:data1\" content=\"fundacion\" \/>\n\t<meta name=\"twitter:label2\" content=\"\u9884\u8ba1\u9605\u8bfb\u65f6\u95f4\" \/>\n\t<meta name=\"twitter:data2\" content=\"3 \u5206\" \/>\n<script type=\"application\/ld+json\" class=\"yoast-schema-graph\">{\"@context\":\"https:\\\/\\\/schema.org\",\"@graph\":[{\"@type\":\"Article\",\"@id\":\"https:\\\/\\\/fundacioncomillas.es\\\/zh-hans\\\/2019\\\/06\\\/12\\\/5-actividades-para-practicar-los-subjuntivos-en-el-aula-de-ele\\\/#article\",\"isPartOf\":{\"@id\":\"https:\\\/\\\/fundacioncomillas.es\\\/zh-hans\\\/2019\\\/06\\\/12\\\/5-actividades-para-practicar-los-subjuntivos-en-el-aula-de-ele\\\/\"},\"author\":{\"name\":\"fundacion\",\"@id\":\"https:\\\/\\\/fundacioncomillas.es\\\/zh-hans\\\/#\\\/schema\\\/person\\\/3cdde58ad1a78de54c94309e39ec81cb\"},\"headline\":\"5 actividades para practicar los subjuntivos en el aula de ELE\",\"datePublished\":\"2019-06-12T06:58:27+00:00\",\"dateModified\":\"2023-12-13T12:09:25+00:00\",\"mainEntityOfPage\":{\"@id\":\"https:\\\/\\\/fundacioncomillas.es\\\/zh-hans\\\/2019\\\/06\\\/12\\\/5-actividades-para-practicar-los-subjuntivos-en-el-aula-de-ele\\\/\"},\"wordCount\":653,\"publisher\":{\"@id\":\"https:\\\/\\\/fundacioncomillas.es\\\/zh-hans\\\/#organization\"},\"image\":{\"@id\":\"https:\\\/\\\/fundacioncomillas.es\\\/zh-hans\\\/2019\\\/06\\\/12\\\/5-actividades-para-practicar-los-subjuntivos-en-el-aula-de-ele\\\/#primaryimage\"},\"thumbnailUrl\":\"https:\\\/\\\/fundacioncomillas.es\\\/wp-content\\\/uploads\\\/2023\\\/07\\\/5-actividades-para-practicar-los-subjuntivos-en-el-aula-de-ele.jpg\",\"keywords\":[\"actividades\",\"aula ele\",\"ele\"],\"articleSection\":[\"Curiosidades\"],\"inLanguage\":\"zh-Hans\"},{\"@type\":\"WebPage\",\"@id\":\"https:\\\/\\\/fundacioncomillas.es\\\/zh-hans\\\/2019\\\/06\\\/12\\\/5-actividades-para-practicar-los-subjuntivos-en-el-aula-de-ele\\\/\",\"url\":\"https:\\\/\\\/fundacioncomillas.es\\\/zh-hans\\\/2019\\\/06\\\/12\\\/5-actividades-para-practicar-los-subjuntivos-en-el-aula-de-ele\\\/\",\"name\":\"5 actividades para practicar los subjuntivos en el aula de ELE\",\"isPartOf\":{\"@id\":\"https:\\\/\\\/fundacioncomillas.es\\\/zh-hans\\\/#website\"},\"primaryImageOfPage\":{\"@id\":\"https:\\\/\\\/fundacioncomillas.es\\\/zh-hans\\\/2019\\\/06\\\/12\\\/5-actividades-para-practicar-los-subjuntivos-en-el-aula-de-ele\\\/#primaryimage\"},\"image\":{\"@id\":\"https:\\\/\\\/fundacioncomillas.es\\\/zh-hans\\\/2019\\\/06\\\/12\\\/5-actividades-para-practicar-los-subjuntivos-en-el-aula-de-ele\\\/#primaryimage\"},\"thumbnailUrl\":\"https:\\\/\\\/fundacioncomillas.es\\\/wp-content\\\/uploads\\\/2023\\\/07\\\/5-actividades-para-practicar-los-subjuntivos-en-el-aula-de-ele.jpg\",\"datePublished\":\"2019-06-12T06:58:27+00:00\",\"dateModified\":\"2023-12-13T12:09:25+00:00\",\"description\":\"Descubre 5 actividades para practicar los subjuntivos en el aula de ELE con nosotros, te animamos a ponerlas en pr\u00e1ctica.\",\"breadcrumb\":{\"@id\":\"https:\\\/\\\/fundacioncomillas.es\\\/zh-hans\\\/2019\\\/06\\\/12\\\/5-actividades-para-practicar-los-subjuntivos-en-el-aula-de-ele\\\/#breadcrumb\"},\"inLanguage\":\"zh-Hans\",\"potentialAction\":[{\"@type\":\"ReadAction\",\"target\":[\"https:\\\/\\\/fundacioncomillas.es\\\/zh-hans\\\/2019\\\/06\\\/12\\\/5-actividades-para-practicar-los-subjuntivos-en-el-aula-de-ele\\\/\"]}]},{\"@type\":\"ImageObject\",\"inLanguage\":\"zh-Hans\",\"@id\":\"https:\\\/\\\/fundacioncomillas.es\\\/zh-hans\\\/2019\\\/06\\\/12\\\/5-actividades-para-practicar-los-subjuntivos-en-el-aula-de-ele\\\/#primaryimage\",\"url\":\"https:\\\/\\\/fundacioncomillas.es\\\/wp-content\\\/uploads\\\/2023\\\/07\\\/5-actividades-para-practicar-los-subjuntivos-en-el-aula-de-ele.jpg\",\"contentUrl\":\"https:\\\/\\\/fundacioncomillas.es\\\/wp-content\\\/uploads\\\/2023\\\/07\\\/5-actividades-para-practicar-los-subjuntivos-en-el-aula-de-ele.jpg\",\"width\":600,\"height\":400,\"caption\":\"5 actividades para practicar los subjuntivos en el aula de ELE\"},{\"@type\":\"BreadcrumbList\",\"@id\":\"https:\\\/\\\/fundacioncomillas.es\\\/zh-hans\\\/2019\\\/06\\\/12\\\/5-actividades-para-practicar-los-subjuntivos-en-el-aula-de-ele\\\/#breadcrumb\",\"itemListElement\":[{\"@type\":\"ListItem\",\"position\":1,\"name\":\"Portada\",\"item\":\"https:\\\/\\\/fundacioncomillas.es\\\/zh-hans\\\/\"},{\"@type\":\"ListItem\",\"position\":2,\"name\":\"5 actividades para practicar los subjuntivos en el aula de ELE\"}]},{\"@type\":\"WebSite\",\"@id\":\"https:\\\/\\\/fundacioncomillas.es\\\/zh-hans\\\/#website\",\"url\":\"https:\\\/\\\/fundacioncomillas.es\\\/zh-hans\\\/\",\"name\":\"Fundaci\u00f3n Comillas\",\"description\":\"La Fundaci\u00f3n Comillas del Espa\u00f1ol y la Cultura Hisp\u00e1nica\",\"publisher\":{\"@id\":\"https:\\\/\\\/fundacioncomillas.es\\\/zh-hans\\\/#organization\"},\"potentialAction\":[{\"@type\":\"SearchAction\",\"target\":{\"@type\":\"EntryPoint\",\"urlTemplate\":\"https:\\\/\\\/fundacioncomillas.es\\\/zh-hans\\\/?s={search_term_string}\"},\"query-input\":{\"@type\":\"PropertyValueSpecification\",\"valueRequired\":true,\"valueName\":\"search_term_string\"}}],\"inLanguage\":\"zh-Hans\"},{\"@type\":\"Organization\",\"@id\":\"https:\\\/\\\/fundacioncomillas.es\\\/zh-hans\\\/#organization\",\"name\":\"Fundaci\u00f3n Comillas\",\"alternateName\":\"Fundaci\u00f3n Comillas - CIESE\",\"url\":\"https:\\\/\\\/fundacioncomillas.es\\\/zh-hans\\\/\",\"logo\":{\"@type\":\"ImageObject\",\"inLanguage\":\"zh-Hans\",\"@id\":\"https:\\\/\\\/fundacioncomillas.es\\\/zh-hans\\\/#\\\/schema\\\/logo\\\/image\\\/\",\"url\":\"https:\\\/\\\/fundacioncomillas.es\\\/wp-content\\\/uploads\\\/2023\\\/04\\\/logo-fundacion-comillas-.png\",\"contentUrl\":\"https:\\\/\\\/fundacioncomillas.es\\\/wp-content\\\/uploads\\\/2023\\\/04\\\/logo-fundacion-comillas-.png\",\"width\":548,\"height\":536,\"caption\":\"Fundaci\u00f3n Comillas\"},\"image\":{\"@id\":\"https:\\\/\\\/fundacioncomillas.es\\\/zh-hans\\\/#\\\/schema\\\/logo\\\/image\\\/\"},\"sameAs\":[\"https:\\\/\\\/www.facebook.com\\\/ciese.comillas\",\"https:\\\/\\\/x.com\\\/CIESEComillas\",\"https:\\\/\\\/www.instagram.com\\\/uniciesecomillas\\\/\",\"https:\\\/\\\/www.linkedin.com\\\/company\\\/fundacion-comillas\\\/\",\"https:\\\/\\\/www.youtube.com\\\/user\\\/fundacioncomillas\",\"https:\\\/\\\/twitter.com\\\/FundComillas\",\"https:\\\/\\\/www.linkedin.com\\\/company\\\/1533960\\\/admin\\\/\"]},{\"@type\":\"Person\",\"@id\":\"https:\\\/\\\/fundacioncomillas.es\\\/zh-hans\\\/#\\\/schema\\\/person\\\/3cdde58ad1a78de54c94309e39ec81cb\",\"name\":\"fundacion\",\"url\":\"https:\\\/\\\/fundacioncomillas.es\\\/zh-hans\\\/author\\\/fundacion\\\/\"}]}<\/script>\n<!-- \/ Yoast SEO plugin. -->","yoast_head_json":{"title":"5 actividades para practicar los subjuntivos en el aula de ELE","description":"Descubre 5 actividades para practicar los subjuntivos en el aula de ELE con nosotros, te animamos a ponerlas en pr\u00e1ctica.","robots":{"index":"index","follow":"follow","max-snippet":"max-snippet:-1","max-image-preview":"max-image-preview:large","max-video-preview":"max-video-preview:-1"},"canonical":"https:\/\/fundacioncomillas.es\/zh-hans\/2019\/06\/12\/5-actividades-para-practicar-los-subjuntivos-en-el-aula-de-ele\/","og_locale":"zh_CN","og_type":"article","og_title":"5 actividades para practicar los subjuntivos en el aula de ELE","og_description":"Descubre 5 actividades para practicar los subjuntivos en el aula de ELE con nosotros, te animamos a ponerlas en pr\u00e1ctica.","og_url":"https:\/\/fundacioncomillas.es\/zh-hans\/2019\/06\/12\/5-actividades-para-practicar-los-subjuntivos-en-el-aula-de-ele\/","og_site_name":"Fundaci\u00f3n Comillas","article_publisher":"https:\/\/www.facebook.com\/ciese.comillas","article_published_time":"2019-06-12T06:58:27+00:00","article_modified_time":"2023-12-13T12:09:25+00:00","og_image":[{"width":600,"height":400,"url":"https:\/\/fundacioncomillas.es\/wp-content\/uploads\/2023\/07\/5-actividades-para-practicar-los-subjuntivos-en-el-aula-de-ele.jpg","type":"image\/jpeg"}],"author":"fundacion","twitter_card":"summary_large_image","twitter_creator":"@CIESEComillas","twitter_site":"@CIESEComillas","twitter_misc":{"\u4f5c\u8005":"fundacion","\u9884\u8ba1\u9605\u8bfb\u65f6\u95f4":"3 \u5206"},"schema":{"@context":"https:\/\/schema.org","@graph":[{"@type":"Article","@id":"https:\/\/fundacioncomillas.es\/zh-hans\/2019\/06\/12\/5-actividades-para-practicar-los-subjuntivos-en-el-aula-de-ele\/#article","isPartOf":{"@id":"https:\/\/fundacioncomillas.es\/zh-hans\/2019\/06\/12\/5-actividades-para-practicar-los-subjuntivos-en-el-aula-de-ele\/"},"author":{"name":"fundacion","@id":"https:\/\/fundacioncomillas.es\/zh-hans\/#\/schema\/person\/3cdde58ad1a78de54c94309e39ec81cb"},"headline":"5 actividades para practicar los subjuntivos en el aula de ELE","datePublished":"2019-06-12T06:58:27+00:00","dateModified":"2023-12-13T12:09:25+00:00","mainEntityOfPage":{"@id":"https:\/\/fundacioncomillas.es\/zh-hans\/2019\/06\/12\/5-actividades-para-practicar-los-subjuntivos-en-el-aula-de-ele\/"},"wordCount":653,"publisher":{"@id":"https:\/\/fundacioncomillas.es\/zh-hans\/#organization"},"image":{"@id":"https:\/\/fundacioncomillas.es\/zh-hans\/2019\/06\/12\/5-actividades-para-practicar-los-subjuntivos-en-el-aula-de-ele\/#primaryimage"},"thumbnailUrl":"https:\/\/fundacioncomillas.es\/wp-content\/uploads\/2023\/07\/5-actividades-para-practicar-los-subjuntivos-en-el-aula-de-ele.jpg","keywords":["actividades","aula ele","ele"],"articleSection":["Curiosidades"],"inLanguage":"zh-Hans"},{"@type":"WebPage","@id":"https:\/\/fundacioncomillas.es\/zh-hans\/2019\/06\/12\/5-actividades-para-practicar-los-subjuntivos-en-el-aula-de-ele\/","url":"https:\/\/fundacioncomillas.es\/zh-hans\/2019\/06\/12\/5-actividades-para-practicar-los-subjuntivos-en-el-aula-de-ele\/","name":"5 actividades para practicar los subjuntivos en el aula de ELE","isPartOf":{"@id":"https:\/\/fundacioncomillas.es\/zh-hans\/#website"},"primaryImageOfPage":{"@id":"https:\/\/fundacioncomillas.es\/zh-hans\/2019\/06\/12\/5-actividades-para-practicar-los-subjuntivos-en-el-aula-de-ele\/#primaryimage"},"image":{"@id":"https:\/\/fundacioncomillas.es\/zh-hans\/2019\/06\/12\/5-actividades-para-practicar-los-subjuntivos-en-el-aula-de-ele\/#primaryimage"},"thumbnailUrl":"https:\/\/fundacioncomillas.es\/wp-content\/uploads\/2023\/07\/5-actividades-para-practicar-los-subjuntivos-en-el-aula-de-ele.jpg","datePublished":"2019-06-12T06:58:27+00:00","dateModified":"2023-12-13T12:09:25+00:00","description":"Descubre 5 actividades para practicar los subjuntivos en el aula de ELE con nosotros, te animamos a ponerlas en pr\u00e1ctica.","breadcrumb":{"@id":"https:\/\/fundacioncomillas.es\/zh-hans\/2019\/06\/12\/5-actividades-para-practicar-los-subjuntivos-en-el-aula-de-ele\/#breadcrumb"},"inLanguage":"zh-Hans","potentialAction":[{"@type":"ReadAction","target":["https:\/\/fundacioncomillas.es\/zh-hans\/2019\/06\/12\/5-actividades-para-practicar-los-subjuntivos-en-el-aula-de-ele\/"]}]},{"@type":"ImageObject","inLanguage":"zh-Hans","@id":"https:\/\/fundacioncomillas.es\/zh-hans\/2019\/06\/12\/5-actividades-para-practicar-los-subjuntivos-en-el-aula-de-ele\/#primaryimage","url":"https:\/\/fundacioncomillas.es\/wp-content\/uploads\/2023\/07\/5-actividades-para-practicar-los-subjuntivos-en-el-aula-de-ele.jpg","contentUrl":"https:\/\/fundacioncomillas.es\/wp-content\/uploads\/2023\/07\/5-actividades-para-practicar-los-subjuntivos-en-el-aula-de-ele.jpg","width":600,"height":400,"caption":"5 actividades para practicar los subjuntivos en el aula de ELE"},{"@type":"BreadcrumbList","@id":"https:\/\/fundacioncomillas.es\/zh-hans\/2019\/06\/12\/5-actividades-para-practicar-los-subjuntivos-en-el-aula-de-ele\/#breadcrumb","itemListElement":[{"@type":"ListItem","position":1,"name":"Portada","item":"https:\/\/fundacioncomillas.es\/zh-hans\/"},{"@type":"ListItem","position":2,"name":"5 actividades para practicar los subjuntivos en el aula de ELE"}]},{"@type":"WebSite","@id":"https:\/\/fundacioncomillas.es\/zh-hans\/#website","url":"https:\/\/fundacioncomillas.es\/zh-hans\/","name":"Fundaci\u00f3n Comillas","description":"La Fundaci\u00f3n Comillas del Espa\u00f1ol y la Cultura Hisp\u00e1nica","publisher":{"@id":"https:\/\/fundacioncomillas.es\/zh-hans\/#organization"},"potentialAction":[{"@type":"SearchAction","target":{"@type":"EntryPoint","urlTemplate":"https:\/\/fundacioncomillas.es\/zh-hans\/?s={search_term_string}"},"query-input":{"@type":"PropertyValueSpecification","valueRequired":true,"valueName":"search_term_string"}}],"inLanguage":"zh-Hans"},{"@type":"Organization","@id":"https:\/\/fundacioncomillas.es\/zh-hans\/#organization","name":"Fundaci\u00f3n Comillas","alternateName":"Fundaci\u00f3n Comillas - CIESE","url":"https:\/\/fundacioncomillas.es\/zh-hans\/","logo":{"@type":"ImageObject","inLanguage":"zh-Hans","@id":"https:\/\/fundacioncomillas.es\/zh-hans\/#\/schema\/logo\/image\/","url":"https:\/\/fundacioncomillas.es\/wp-content\/uploads\/2023\/04\/logo-fundacion-comillas-.png","contentUrl":"https:\/\/fundacioncomillas.es\/wp-content\/uploads\/2023\/04\/logo-fundacion-comillas-.png","width":548,"height":536,"caption":"Fundaci\u00f3n Comillas"},"image":{"@id":"https:\/\/fundacioncomillas.es\/zh-hans\/#\/schema\/logo\/image\/"},"sameAs":["https:\/\/www.facebook.com\/ciese.comillas","https:\/\/x.com\/CIESEComillas","https:\/\/www.instagram.com\/uniciesecomillas\/","https:\/\/www.linkedin.com\/company\/fundacion-comillas\/","https:\/\/www.youtube.com\/user\/fundacioncomillas","https:\/\/twitter.com\/FundComillas","https:\/\/www.linkedin.com\/company\/1533960\/admin\/"]},{"@type":"Person","@id":"https:\/\/fundacioncomillas.es\/zh-hans\/#\/schema\/person\/3cdde58ad1a78de54c94309e39ec81cb","name":"fundacion","url":"https:\/\/fundacioncomillas.es\/zh-hans\/author\/fundacion\/"}]}},"_links":{"self":[{"href":"https:\/\/fundacioncomillas.es\/zh-hans\/wp-json\/wp\/v2\/posts\/9433","targetHints":{"allow":["GET"]}}],"collection":[{"href":"https:\/\/fundacioncomillas.es\/zh-hans\/wp-json\/wp\/v2\/posts"}],"about":[{"href":"https:\/\/fundacioncomillas.es\/zh-hans\/wp-json\/wp\/v2\/types\/post"}],"author":[{"embeddable":true,"href":"https:\/\/fundacioncomillas.es\/zh-hans\/wp-json\/wp\/v2\/users\/3"}],"replies":[{"embeddable":true,"href":"https:\/\/fundacioncomillas.es\/zh-hans\/wp-json\/wp\/v2\/comments?post=9433"}],"version-history":[{"count":3,"href":"https:\/\/fundacioncomillas.es\/zh-hans\/wp-json\/wp\/v2\/posts\/9433\/revisions"}],"predecessor-version":[{"id":10492,"href":"https:\/\/fundacioncomillas.es\/zh-hans\/wp-json\/wp\/v2\/posts\/9433\/revisions\/10492"}],"wp:featuredmedia":[{"embeddable":true,"href":"https:\/\/fundacioncomillas.es\/zh-hans\/wp-json\/wp\/v2\/media\/9434"}],"wp:attachment":[{"href":"https:\/\/fundacioncomillas.es\/zh-hans\/wp-json\/wp\/v2\/media?parent=9433"}],"wp:term":[{"taxonomy":"category","embeddable":true,"href":"https:\/\/fundacioncomillas.es\/zh-hans\/wp-json\/wp\/v2\/categories?post=9433"},{"taxonomy":"post_tag","embeddable":true,"href":"https:\/\/fundacioncomillas.es\/zh-hans\/wp-json\/wp\/v2\/tags?post=9433"}],"curies":[{"name":"wp","href":"https:\/\/api.w.org\/{rel}","templated":true}]}}