{"id":8501,"date":"2019-12-02T10:05:46","date_gmt":"2019-12-02T09:05:46","guid":{"rendered":"https:\/\/fundacioncomillas.es\/?p=8501"},"modified":"2024-08-26T13:11:11","modified_gmt":"2024-08-26T11:11:11","slug":"curso-de-especialista-universitario-en-literatura-en-el-aula-de-ele","status":"publish","type":"post","link":"https:\/\/fundacioncomillas.es\/zh-hans\/2019\/12\/02\/curso-de-especialista-universitario-en-literatura-en-el-aula-de-ele\/","title":{"rendered":"Curso de especialista universitario en literatura en el aula de ELE"},"content":{"rendered":"<p>El \u201carte de la expresi\u00f3n escrita o hablada\u201d o la\u00a0<em>\u201cteor\u00eda de la composici\u00f3n de las obras escritas en prosa o verso\u201d<\/em>\u00a0son dos definiciones propias de la palabra literatura; pero, tambi\u00e9n podr\u00edamos utilizar este t\u00e9rmino para referirnos al\u00a0<em>conjunto de producciones literarias, por ejemplo, de un pa\u00eds, \u00e9poca o lengua espec\u00edfica.<\/em><\/p>\n<p>La literatura, cuyo origen sem\u00e1ntico procede del lat\u00edn<em>\u00a0litterae<\/em>, tiene, desde hace miles de a\u00f1os, una\u00a0<strong>gran relevancia en la forma en la que la cultura y el conocimiento se trasladan de generaci\u00f3n en generaci\u00f3n, jugando un papel fundamental en el desarrollo y expansi\u00f3n geogr\u00e1fica y demogr\u00e1fica de cualquier lengua<\/strong>. Y este es, precisamente, el nudo sobre el que gira nuestro art\u00edculo de hoy: formar a trav\u00e9s de la literatura a los futuros profesionales del mundo de ELE.<\/p>\n<p>Nuestro curso de\u00a0<a href=\"https:\/\/fundacioncomillas.es\/cursos-de-espanol\/cursos-de-formacion-de-profesores\/de-la-literatura-al-cine-en-el-aula-ele\/\">Especialista universitario en literatura en el aula de ELE<\/a>\u00a0propone a todos aquellos alumnos interesados en el desarrollo de esta doctrina como soporte para la ense\u00f1anza de Espa\u00f1ol como Lengua Extranjera una serie de materiales y propuestas metodol\u00f3gicas que les permitan progresar y dominar la disciplina educativa bajo un prisma literario. Adem\u00e1s, gracias al uso de las nuevas tecnolog\u00edas en el aula que nos ha permitido dise\u00f1ar y desarrollar con \u00e9xito un\u00a0<strong>programa formativo \u00fanico con una duraci\u00f3n de 3 meses<\/strong>, el alumno puede aprender\u00a0<strong>v\u00eda telem\u00e1tica<\/strong>, lo cual influye de forma determinante sobre su grado de disponibilidad para afrontar con garant\u00edas esta propuesta formativa.<\/p>\n<p>El primer bloque de contenidos del curso aborda desde una perspectiva te\u00f3rica los diferentes\u00a0<strong>materiales y recursos necesarios para trabajar la literatura en las aulas de ELE<\/strong>. A lo largo de esta etapa, trabajar\u00e1s sobre\u00a0<em>Cuestiones b\u00e1sicas en la ense\u00f1anza de la literatura en las aulas de espa\u00f1ol como lengua extranjera, Utilizaci\u00f3n del canon literario en las aulas de ELE, Materiales para ense\u00f1ar lengua espa\u00f1ola utilizando textos literarios o Metodolog\u00edas y recursos de literatura espa\u00f1ola e hispanoamericana destinados al profesorado espa\u00f1ol.\u00a0<\/em><\/p>\n<p>El segundo bloque de contenidos est\u00e1 enfocado en las\u00a0<em>Nuevas perspectivas para el tratamiento de la literatura: el aprovechamiento pragm\u00e1tico y el\u00a0<strong>uso de las TIC o tecnolog\u00edas de la informaci\u00f3n y la comunicaci\u00f3n<\/strong><\/em>. C\u00f3mo influyen las competencias digitales y el uso de las nuevas tecnolog\u00edas, el papel de la literatura o el tratamiento de fen\u00f3menos pragm\u00e1ticos a trav\u00e9s de textos literarios en el aula de ELE ser\u00e1n algunos de los aspectos m\u00e1s relevantes sobre los que trabajar\u00e1s a lo largo de seis temas desarrollados para maximizar tu grado de aprendizaje:\u00a0<em>Nuevas tecnolog\u00edas en el aula de ELE: la competencia digital docente; La literatura en el aula de espa\u00f1ol como lengua extranjera a partir de la teor\u00eda del Conectivismo y la nueva era digital: propuestas did\u00e1cticas; Cine y literatura en el aula; Introducci\u00f3n al texto literario desde la perspectiva pragm\u00e1tica; El papel de la literatura en el aula de ELE para el desarrollo de las subcompetencias pragm\u00e1tica y sociocultural; y el tratamiento de algunos fen\u00f3menos pragm\u00e1ticos a trav\u00e9s de textos literarios en el aula de ELE.<\/em><\/p>\n<p>Para todos aquellos alumnos que superen con \u00e9xito este curso se expedir\u00e1 un\u00a0<strong>Diploma de especialista universitario de la Universidad de Cantabria<\/strong>\u00a0en el que aparecen las 300 horas del programa, los 12 cr\u00e9ditos ECTS equivalentes y la calificaci\u00f3n que hayas obtenido. Recuerda que el t\u00edtulo de\u00a0<em>Especialista universitario en literatura en el aula de ELE\u00a0<\/em>es un posgrado propio de la Universidad de Cantabria y que puedes preinscribirte a trav\u00e9s de su Secretar\u00eda Virtual<a href=\"https:\/\/campusvirtual.unican.es\/secretaria\/fglccgi.exe\/wa\/r\/eppreins5\">\u00a0pinchando aqu\u00ed.<\/a><\/p>\n<p>\u00bfTodav\u00eda tienes dudas? Recuerda que en el\u00a0<a href=\"http:\/\/www.fundacioncomillas.es\/\">Centro Universitario CIESE-Comillas<\/a>\u00a0estamos a tu disposici\u00f3n para ayudarte. Si necesitas m\u00e1s informaci\u00f3n acerca de este o cualquier otro curso, puedes ponerte en contacto con nosotros a trav\u00e9s del correo\u00a0<a href=\"mailto:posgrado@ciese-comillas.co\">info@fundacioncomillas.co<\/a>m o el tel\u00e9fono\u00a0<strong>+34 942 715 500.<\/strong><\/p>\n<p>&nbsp;<\/p>\n<p>&nbsp;<\/p>\n","protected":false},"excerpt":{"rendered":"<p>La literatura\u00a0tiene una gran relevancia en la forma en la que la cultura y el conocimiento se trasladan de generaci\u00f3n en generaci\u00f3n, jugando un papel fundamental en el desarrollo y expansi\u00f3n geogr\u00e1fica y demogr\u00e1fica de cualquier lengua.<\/p>\n","protected":false},"author":3,"featured_media":8502,"comment_status":"closed","ping_status":"closed","sticky":false,"template":"","format":"standard","meta":{"_acf_changed":false,"om_disable_all_campaigns":false,"_monsterinsights_skip_tracking":false,"_monsterinsights_sitenote_active":false,"_monsterinsights_sitenote_note":"","_monsterinsights_sitenote_category":0,"_uf_show_specific_survey":0,"_uf_disable_surveys":false,"footnotes":"","_links_to":"","_links_to_target":""},"categories":[42],"tags":[307,110,153,101],"class_list":["post-8501","post","type-post","status-publish","format-standard","has-post-thumbnail","hentry","category-academicas","tag-curso","tag-ele","tag-especialista","tag-literatura"],"acf":[],"yoast_head":"<!-- This site is optimized with the Yoast SEO plugin v27.4 - https:\/\/yoast.com\/product\/yoast-seo-wordpress\/ -->\n<title>Curso de especialista universitario en literatura en el aula de ELE<\/title>\n<meta name=\"description\" content=\"El curso de\u00a0Especialista universitario en literatura en el aula de ELE\u00a0propone a todos aquellos interesados una serie de materiales y...\" \/>\n<meta name=\"robots\" content=\"index, follow, max-snippet:-1, max-image-preview:large, max-video-preview:-1\" \/>\n<link rel=\"canonical\" href=\"https:\/\/fundacioncomillas.es\/zh-hans\/2019\/12\/02\/curso-de-especialista-universitario-en-literatura-en-el-aula-de-ele\/\" \/>\n<meta property=\"og:locale\" content=\"zh_CN\" \/>\n<meta property=\"og:type\" content=\"article\" \/>\n<meta property=\"og:title\" content=\"Curso de especialista universitario en literatura en el aula de ELE\" \/>\n<meta property=\"og:description\" content=\"El curso de\u00a0Especialista universitario en literatura en el aula de ELE\u00a0propone a todos aquellos interesados una serie de materiales y...\" \/>\n<meta property=\"og:url\" content=\"https:\/\/fundacioncomillas.es\/zh-hans\/2019\/12\/02\/curso-de-especialista-universitario-en-literatura-en-el-aula-de-ele\/\" \/>\n<meta property=\"og:site_name\" content=\"Fundaci\u00f3n Comillas\" \/>\n<meta property=\"article:publisher\" content=\"https:\/\/www.facebook.com\/ciese.comillas\" \/>\n<meta property=\"article:published_time\" content=\"2019-12-02T09:05:46+00:00\" \/>\n<meta property=\"article:modified_time\" content=\"2024-08-26T11:11:11+00:00\" \/>\n<meta property=\"og:image\" content=\"https:\/\/fundacioncomillas.es\/wp-content\/uploads\/2023\/06\/curso-de-especialista-universitario-en-literatura-en-el-aula-de-ele.jpg\" \/>\n\t<meta property=\"og:image:width\" content=\"599\" \/>\n\t<meta property=\"og:image:height\" content=\"400\" \/>\n\t<meta property=\"og:image:type\" content=\"image\/jpeg\" \/>\n<meta name=\"author\" content=\"fundacion\" \/>\n<meta name=\"twitter:card\" content=\"summary_large_image\" \/>\n<meta name=\"twitter:creator\" content=\"@CIESEComillas\" \/>\n<meta name=\"twitter:site\" content=\"@CIESEComillas\" \/>\n<meta name=\"twitter:label1\" content=\"\u4f5c\u8005\" \/>\n\t<meta name=\"twitter:data1\" content=\"fundacion\" \/>\n\t<meta name=\"twitter:label2\" content=\"\u9884\u8ba1\u9605\u8bfb\u65f6\u95f4\" \/>\n\t<meta name=\"twitter:data2\" content=\"4 \u5206\" \/>\n<script type=\"application\/ld+json\" class=\"yoast-schema-graph\">{\"@context\":\"https:\\\/\\\/schema.org\",\"@graph\":[{\"@type\":\"Article\",\"@id\":\"https:\\\/\\\/fundacioncomillas.es\\\/zh-hans\\\/2019\\\/12\\\/02\\\/curso-de-especialista-universitario-en-literatura-en-el-aula-de-ele\\\/#article\",\"isPartOf\":{\"@id\":\"https:\\\/\\\/fundacioncomillas.es\\\/zh-hans\\\/2019\\\/12\\\/02\\\/curso-de-especialista-universitario-en-literatura-en-el-aula-de-ele\\\/\"},\"author\":{\"name\":\"fundacion\",\"@id\":\"https:\\\/\\\/fundacioncomillas.es\\\/zh-hans\\\/#\\\/schema\\\/person\\\/3cdde58ad1a78de54c94309e39ec81cb\"},\"headline\":\"Curso de especialista universitario en literatura en el aula de ELE\",\"datePublished\":\"2019-12-02T09:05:46+00:00\",\"dateModified\":\"2024-08-26T11:11:11+00:00\",\"mainEntityOfPage\":{\"@id\":\"https:\\\/\\\/fundacioncomillas.es\\\/zh-hans\\\/2019\\\/12\\\/02\\\/curso-de-especialista-universitario-en-literatura-en-el-aula-de-ele\\\/\"},\"wordCount\":697,\"publisher\":{\"@id\":\"https:\\\/\\\/fundacioncomillas.es\\\/zh-hans\\\/#organization\"},\"image\":{\"@id\":\"https:\\\/\\\/fundacioncomillas.es\\\/zh-hans\\\/2019\\\/12\\\/02\\\/curso-de-especialista-universitario-en-literatura-en-el-aula-de-ele\\\/#primaryimage\"},\"thumbnailUrl\":\"https:\\\/\\\/fundacioncomillas.es\\\/wp-content\\\/uploads\\\/2023\\\/06\\\/curso-de-especialista-universitario-en-literatura-en-el-aula-de-ele.jpg\",\"keywords\":[\"curso\",\"ele\",\"especialista\",\"literatura\"],\"articleSection\":[\"ACAD\u00c9MICAS\"],\"inLanguage\":\"zh-Hans\"},{\"@type\":\"WebPage\",\"@id\":\"https:\\\/\\\/fundacioncomillas.es\\\/zh-hans\\\/2019\\\/12\\\/02\\\/curso-de-especialista-universitario-en-literatura-en-el-aula-de-ele\\\/\",\"url\":\"https:\\\/\\\/fundacioncomillas.es\\\/zh-hans\\\/2019\\\/12\\\/02\\\/curso-de-especialista-universitario-en-literatura-en-el-aula-de-ele\\\/\",\"name\":\"Curso de especialista universitario en literatura en el aula de ELE\",\"isPartOf\":{\"@id\":\"https:\\\/\\\/fundacioncomillas.es\\\/zh-hans\\\/#website\"},\"primaryImageOfPage\":{\"@id\":\"https:\\\/\\\/fundacioncomillas.es\\\/zh-hans\\\/2019\\\/12\\\/02\\\/curso-de-especialista-universitario-en-literatura-en-el-aula-de-ele\\\/#primaryimage\"},\"image\":{\"@id\":\"https:\\\/\\\/fundacioncomillas.es\\\/zh-hans\\\/2019\\\/12\\\/02\\\/curso-de-especialista-universitario-en-literatura-en-el-aula-de-ele\\\/#primaryimage\"},\"thumbnailUrl\":\"https:\\\/\\\/fundacioncomillas.es\\\/wp-content\\\/uploads\\\/2023\\\/06\\\/curso-de-especialista-universitario-en-literatura-en-el-aula-de-ele.jpg\",\"datePublished\":\"2019-12-02T09:05:46+00:00\",\"dateModified\":\"2024-08-26T11:11:11+00:00\",\"description\":\"El curso de\u00a0Especialista universitario en literatura en el aula de ELE\u00a0propone a todos aquellos interesados una serie de materiales y...\",\"breadcrumb\":{\"@id\":\"https:\\\/\\\/fundacioncomillas.es\\\/zh-hans\\\/2019\\\/12\\\/02\\\/curso-de-especialista-universitario-en-literatura-en-el-aula-de-ele\\\/#breadcrumb\"},\"inLanguage\":\"zh-Hans\",\"potentialAction\":[{\"@type\":\"ReadAction\",\"target\":[\"https:\\\/\\\/fundacioncomillas.es\\\/zh-hans\\\/2019\\\/12\\\/02\\\/curso-de-especialista-universitario-en-literatura-en-el-aula-de-ele\\\/\"]}]},{\"@type\":\"ImageObject\",\"inLanguage\":\"zh-Hans\",\"@id\":\"https:\\\/\\\/fundacioncomillas.es\\\/zh-hans\\\/2019\\\/12\\\/02\\\/curso-de-especialista-universitario-en-literatura-en-el-aula-de-ele\\\/#primaryimage\",\"url\":\"https:\\\/\\\/fundacioncomillas.es\\\/wp-content\\\/uploads\\\/2023\\\/06\\\/curso-de-especialista-universitario-en-literatura-en-el-aula-de-ele.jpg\",\"contentUrl\":\"https:\\\/\\\/fundacioncomillas.es\\\/wp-content\\\/uploads\\\/2023\\\/06\\\/curso-de-especialista-universitario-en-literatura-en-el-aula-de-ele.jpg\",\"width\":599,\"height\":400},{\"@type\":\"BreadcrumbList\",\"@id\":\"https:\\\/\\\/fundacioncomillas.es\\\/zh-hans\\\/2019\\\/12\\\/02\\\/curso-de-especialista-universitario-en-literatura-en-el-aula-de-ele\\\/#breadcrumb\",\"itemListElement\":[{\"@type\":\"ListItem\",\"position\":1,\"name\":\"Portada\",\"item\":\"https:\\\/\\\/fundacioncomillas.es\\\/zh-hans\\\/\"},{\"@type\":\"ListItem\",\"position\":2,\"name\":\"Curso de especialista universitario en literatura en el aula de ELE\"}]},{\"@type\":\"WebSite\",\"@id\":\"https:\\\/\\\/fundacioncomillas.es\\\/zh-hans\\\/#website\",\"url\":\"https:\\\/\\\/fundacioncomillas.es\\\/zh-hans\\\/\",\"name\":\"Fundaci\u00f3n Comillas\",\"description\":\"La Fundaci\u00f3n Comillas del Espa\u00f1ol y la Cultura Hisp\u00e1nica\",\"publisher\":{\"@id\":\"https:\\\/\\\/fundacioncomillas.es\\\/zh-hans\\\/#organization\"},\"potentialAction\":[{\"@type\":\"SearchAction\",\"target\":{\"@type\":\"EntryPoint\",\"urlTemplate\":\"https:\\\/\\\/fundacioncomillas.es\\\/zh-hans\\\/?s={search_term_string}\"},\"query-input\":{\"@type\":\"PropertyValueSpecification\",\"valueRequired\":true,\"valueName\":\"search_term_string\"}}],\"inLanguage\":\"zh-Hans\"},{\"@type\":\"Organization\",\"@id\":\"https:\\\/\\\/fundacioncomillas.es\\\/zh-hans\\\/#organization\",\"name\":\"Fundaci\u00f3n Comillas\",\"alternateName\":\"Fundaci\u00f3n Comillas - CIESE\",\"url\":\"https:\\\/\\\/fundacioncomillas.es\\\/zh-hans\\\/\",\"logo\":{\"@type\":\"ImageObject\",\"inLanguage\":\"zh-Hans\",\"@id\":\"https:\\\/\\\/fundacioncomillas.es\\\/zh-hans\\\/#\\\/schema\\\/logo\\\/image\\\/\",\"url\":\"https:\\\/\\\/fundacioncomillas.es\\\/wp-content\\\/uploads\\\/2023\\\/04\\\/logo-fundacion-comillas-.png\",\"contentUrl\":\"https:\\\/\\\/fundacioncomillas.es\\\/wp-content\\\/uploads\\\/2023\\\/04\\\/logo-fundacion-comillas-.png\",\"width\":548,\"height\":536,\"caption\":\"Fundaci\u00f3n Comillas\"},\"image\":{\"@id\":\"https:\\\/\\\/fundacioncomillas.es\\\/zh-hans\\\/#\\\/schema\\\/logo\\\/image\\\/\"},\"sameAs\":[\"https:\\\/\\\/www.facebook.com\\\/ciese.comillas\",\"https:\\\/\\\/x.com\\\/CIESEComillas\",\"https:\\\/\\\/www.instagram.com\\\/uniciesecomillas\\\/\",\"https:\\\/\\\/www.linkedin.com\\\/company\\\/fundacion-comillas\\\/\",\"https:\\\/\\\/www.youtube.com\\\/user\\\/fundacioncomillas\",\"https:\\\/\\\/twitter.com\\\/FundComillas\",\"https:\\\/\\\/www.linkedin.com\\\/company\\\/1533960\\\/admin\\\/\"]},{\"@type\":\"Person\",\"@id\":\"https:\\\/\\\/fundacioncomillas.es\\\/zh-hans\\\/#\\\/schema\\\/person\\\/3cdde58ad1a78de54c94309e39ec81cb\",\"name\":\"fundacion\",\"url\":\"https:\\\/\\\/fundacioncomillas.es\\\/zh-hans\\\/author\\\/fundacion\\\/\"}]}<\/script>\n<!-- \/ Yoast SEO plugin. -->","yoast_head_json":{"title":"Curso de especialista universitario en literatura en el aula de ELE","description":"El curso de\u00a0Especialista universitario en literatura en el aula de ELE\u00a0propone a todos aquellos interesados una serie de materiales y...","robots":{"index":"index","follow":"follow","max-snippet":"max-snippet:-1","max-image-preview":"max-image-preview:large","max-video-preview":"max-video-preview:-1"},"canonical":"https:\/\/fundacioncomillas.es\/zh-hans\/2019\/12\/02\/curso-de-especialista-universitario-en-literatura-en-el-aula-de-ele\/","og_locale":"zh_CN","og_type":"article","og_title":"Curso de especialista universitario en literatura en el aula de ELE","og_description":"El curso de\u00a0Especialista universitario en literatura en el aula de ELE\u00a0propone a todos aquellos interesados una serie de materiales y...","og_url":"https:\/\/fundacioncomillas.es\/zh-hans\/2019\/12\/02\/curso-de-especialista-universitario-en-literatura-en-el-aula-de-ele\/","og_site_name":"Fundaci\u00f3n Comillas","article_publisher":"https:\/\/www.facebook.com\/ciese.comillas","article_published_time":"2019-12-02T09:05:46+00:00","article_modified_time":"2024-08-26T11:11:11+00:00","og_image":[{"width":599,"height":400,"url":"https:\/\/fundacioncomillas.es\/wp-content\/uploads\/2023\/06\/curso-de-especialista-universitario-en-literatura-en-el-aula-de-ele.jpg","type":"image\/jpeg"}],"author":"fundacion","twitter_card":"summary_large_image","twitter_creator":"@CIESEComillas","twitter_site":"@CIESEComillas","twitter_misc":{"\u4f5c\u8005":"fundacion","\u9884\u8ba1\u9605\u8bfb\u65f6\u95f4":"4 \u5206"},"schema":{"@context":"https:\/\/schema.org","@graph":[{"@type":"Article","@id":"https:\/\/fundacioncomillas.es\/zh-hans\/2019\/12\/02\/curso-de-especialista-universitario-en-literatura-en-el-aula-de-ele\/#article","isPartOf":{"@id":"https:\/\/fundacioncomillas.es\/zh-hans\/2019\/12\/02\/curso-de-especialista-universitario-en-literatura-en-el-aula-de-ele\/"},"author":{"name":"fundacion","@id":"https:\/\/fundacioncomillas.es\/zh-hans\/#\/schema\/person\/3cdde58ad1a78de54c94309e39ec81cb"},"headline":"Curso de especialista universitario en literatura en el aula de ELE","datePublished":"2019-12-02T09:05:46+00:00","dateModified":"2024-08-26T11:11:11+00:00","mainEntityOfPage":{"@id":"https:\/\/fundacioncomillas.es\/zh-hans\/2019\/12\/02\/curso-de-especialista-universitario-en-literatura-en-el-aula-de-ele\/"},"wordCount":697,"publisher":{"@id":"https:\/\/fundacioncomillas.es\/zh-hans\/#organization"},"image":{"@id":"https:\/\/fundacioncomillas.es\/zh-hans\/2019\/12\/02\/curso-de-especialista-universitario-en-literatura-en-el-aula-de-ele\/#primaryimage"},"thumbnailUrl":"https:\/\/fundacioncomillas.es\/wp-content\/uploads\/2023\/06\/curso-de-especialista-universitario-en-literatura-en-el-aula-de-ele.jpg","keywords":["curso","ele","especialista","literatura"],"articleSection":["ACAD\u00c9MICAS"],"inLanguage":"zh-Hans"},{"@type":"WebPage","@id":"https:\/\/fundacioncomillas.es\/zh-hans\/2019\/12\/02\/curso-de-especialista-universitario-en-literatura-en-el-aula-de-ele\/","url":"https:\/\/fundacioncomillas.es\/zh-hans\/2019\/12\/02\/curso-de-especialista-universitario-en-literatura-en-el-aula-de-ele\/","name":"Curso de especialista universitario en literatura en el aula de ELE","isPartOf":{"@id":"https:\/\/fundacioncomillas.es\/zh-hans\/#website"},"primaryImageOfPage":{"@id":"https:\/\/fundacioncomillas.es\/zh-hans\/2019\/12\/02\/curso-de-especialista-universitario-en-literatura-en-el-aula-de-ele\/#primaryimage"},"image":{"@id":"https:\/\/fundacioncomillas.es\/zh-hans\/2019\/12\/02\/curso-de-especialista-universitario-en-literatura-en-el-aula-de-ele\/#primaryimage"},"thumbnailUrl":"https:\/\/fundacioncomillas.es\/wp-content\/uploads\/2023\/06\/curso-de-especialista-universitario-en-literatura-en-el-aula-de-ele.jpg","datePublished":"2019-12-02T09:05:46+00:00","dateModified":"2024-08-26T11:11:11+00:00","description":"El curso de\u00a0Especialista universitario en literatura en el aula de ELE\u00a0propone a todos aquellos interesados una serie de materiales y...","breadcrumb":{"@id":"https:\/\/fundacioncomillas.es\/zh-hans\/2019\/12\/02\/curso-de-especialista-universitario-en-literatura-en-el-aula-de-ele\/#breadcrumb"},"inLanguage":"zh-Hans","potentialAction":[{"@type":"ReadAction","target":["https:\/\/fundacioncomillas.es\/zh-hans\/2019\/12\/02\/curso-de-especialista-universitario-en-literatura-en-el-aula-de-ele\/"]}]},{"@type":"ImageObject","inLanguage":"zh-Hans","@id":"https:\/\/fundacioncomillas.es\/zh-hans\/2019\/12\/02\/curso-de-especialista-universitario-en-literatura-en-el-aula-de-ele\/#primaryimage","url":"https:\/\/fundacioncomillas.es\/wp-content\/uploads\/2023\/06\/curso-de-especialista-universitario-en-literatura-en-el-aula-de-ele.jpg","contentUrl":"https:\/\/fundacioncomillas.es\/wp-content\/uploads\/2023\/06\/curso-de-especialista-universitario-en-literatura-en-el-aula-de-ele.jpg","width":599,"height":400},{"@type":"BreadcrumbList","@id":"https:\/\/fundacioncomillas.es\/zh-hans\/2019\/12\/02\/curso-de-especialista-universitario-en-literatura-en-el-aula-de-ele\/#breadcrumb","itemListElement":[{"@type":"ListItem","position":1,"name":"Portada","item":"https:\/\/fundacioncomillas.es\/zh-hans\/"},{"@type":"ListItem","position":2,"name":"Curso de especialista universitario en literatura en el aula de ELE"}]},{"@type":"WebSite","@id":"https:\/\/fundacioncomillas.es\/zh-hans\/#website","url":"https:\/\/fundacioncomillas.es\/zh-hans\/","name":"Fundaci\u00f3n Comillas","description":"La Fundaci\u00f3n Comillas del Espa\u00f1ol y la Cultura Hisp\u00e1nica","publisher":{"@id":"https:\/\/fundacioncomillas.es\/zh-hans\/#organization"},"potentialAction":[{"@type":"SearchAction","target":{"@type":"EntryPoint","urlTemplate":"https:\/\/fundacioncomillas.es\/zh-hans\/?s={search_term_string}"},"query-input":{"@type":"PropertyValueSpecification","valueRequired":true,"valueName":"search_term_string"}}],"inLanguage":"zh-Hans"},{"@type":"Organization","@id":"https:\/\/fundacioncomillas.es\/zh-hans\/#organization","name":"Fundaci\u00f3n Comillas","alternateName":"Fundaci\u00f3n Comillas - CIESE","url":"https:\/\/fundacioncomillas.es\/zh-hans\/","logo":{"@type":"ImageObject","inLanguage":"zh-Hans","@id":"https:\/\/fundacioncomillas.es\/zh-hans\/#\/schema\/logo\/image\/","url":"https:\/\/fundacioncomillas.es\/wp-content\/uploads\/2023\/04\/logo-fundacion-comillas-.png","contentUrl":"https:\/\/fundacioncomillas.es\/wp-content\/uploads\/2023\/04\/logo-fundacion-comillas-.png","width":548,"height":536,"caption":"Fundaci\u00f3n Comillas"},"image":{"@id":"https:\/\/fundacioncomillas.es\/zh-hans\/#\/schema\/logo\/image\/"},"sameAs":["https:\/\/www.facebook.com\/ciese.comillas","https:\/\/x.com\/CIESEComillas","https:\/\/www.instagram.com\/uniciesecomillas\/","https:\/\/www.linkedin.com\/company\/fundacion-comillas\/","https:\/\/www.youtube.com\/user\/fundacioncomillas","https:\/\/twitter.com\/FundComillas","https:\/\/www.linkedin.com\/company\/1533960\/admin\/"]},{"@type":"Person","@id":"https:\/\/fundacioncomillas.es\/zh-hans\/#\/schema\/person\/3cdde58ad1a78de54c94309e39ec81cb","name":"fundacion","url":"https:\/\/fundacioncomillas.es\/zh-hans\/author\/fundacion\/"}]}},"_links":{"self":[{"href":"https:\/\/fundacioncomillas.es\/zh-hans\/wp-json\/wp\/v2\/posts\/8501","targetHints":{"allow":["GET"]}}],"collection":[{"href":"https:\/\/fundacioncomillas.es\/zh-hans\/wp-json\/wp\/v2\/posts"}],"about":[{"href":"https:\/\/fundacioncomillas.es\/zh-hans\/wp-json\/wp\/v2\/types\/post"}],"author":[{"embeddable":true,"href":"https:\/\/fundacioncomillas.es\/zh-hans\/wp-json\/wp\/v2\/users\/3"}],"replies":[{"embeddable":true,"href":"https:\/\/fundacioncomillas.es\/zh-hans\/wp-json\/wp\/v2\/comments?post=8501"}],"version-history":[{"count":3,"href":"https:\/\/fundacioncomillas.es\/zh-hans\/wp-json\/wp\/v2\/posts\/8501\/revisions"}],"predecessor-version":[{"id":12177,"href":"https:\/\/fundacioncomillas.es\/zh-hans\/wp-json\/wp\/v2\/posts\/8501\/revisions\/12177"}],"wp:featuredmedia":[{"embeddable":true,"href":"https:\/\/fundacioncomillas.es\/zh-hans\/wp-json\/wp\/v2\/media\/8502"}],"wp:attachment":[{"href":"https:\/\/fundacioncomillas.es\/zh-hans\/wp-json\/wp\/v2\/media?parent=8501"}],"wp:term":[{"taxonomy":"category","embeddable":true,"href":"https:\/\/fundacioncomillas.es\/zh-hans\/wp-json\/wp\/v2\/categories?post=8501"},{"taxonomy":"post_tag","embeddable":true,"href":"https:\/\/fundacioncomillas.es\/zh-hans\/wp-json\/wp\/v2\/tags?post=8501"}],"curies":[{"name":"wp","href":"https:\/\/api.w.org\/{rel}","templated":true}]}}