{"id":4314,"date":"2022-09-08T14:12:01","date_gmt":"2022-09-08T12:12:01","guid":{"rendered":"https:\/\/fundacioncomillas.es\/?p=4314"},"modified":"2023-11-13T13:37:13","modified_gmt":"2023-11-13T12:37:13","slug":"profesores-del-ciese-ponentes-asele-verona-2022","status":"publish","type":"post","link":"https:\/\/fundacioncomillas.es\/zh-hans\/2022\/09\/08\/profesores-del-ciese-ponentes-asele-verona-2022\/","title":{"rendered":"Los profesores del CIESE, Inmaculada Mart\u00ednez y V\u00edctor Coto, participan como ponentes en el Congreso ASELE Verona 2022"},"content":{"rendered":"<p style=\"text-align: justify;\">En esta <span style=\"color: #cb333b;\">cita<\/span> anual se dieron cita expertos dedicados a la investigaci\u00f3n y docencia de la lengua espa\u00f1ola de m\u00e1s de 60 pa\u00edses<\/p>\n<p style=\"text-align: justify;\">La localidad italiana de Verona acogi\u00f3 del 31 de agosto al 3 de septiembre de 2022 el\u00a0<a href=\"http:\/\/aseleverona2022.org\/\" target=\"_blank\" rel=\"noopener\">32\u00b0 Congreso Internacional de ASELE<\/a>\u00a0(Asociaci\u00f3n para la Ense\u00f1anza del Espa\u00f1ol como Lengua Extranjera) en el que participaron especialistas de todo el mundo en la\u00a0<strong>ense\u00f1anza del espa\u00f1ol como lengua extranjera<\/strong>\u00a0(LE), segunda lengua (L2) y como lengua de herencia (LH).<\/p>\n<p style=\"text-align: justify;\">Expertos, docentes y especialistas se dieron cita en este congreso para dialogar y debatir acerca de la\u00a0<strong>\u201cComunicaci\u00f3n, traducci\u00f3n pedag\u00f3gica y humanidades digitales en la ense\u00f1anza del espa\u00f1ol como LE\/L2\/LH\u201d.<\/strong><\/p>\n<p style=\"text-align: justify;\">Los profesores del CIESE, <a href=\"https:\/\/fundacioncomillas.es\/profesor\/inmaculada-martinez-martinez\/\">Inmaculada Mart\u00ednez<\/a> y <a href=\"https:\/\/fundacioncomillas.es\/profesor\/victor-coto-ordas\/\">V\u00edctor Coto<\/a>, intervinieron en este Congreso como ponentes.<\/p>\n<p>&nbsp;<\/p>\n<h3><span style=\"color: #cb333b;\">ESPA\u00d1OL DE LOS NEGOCIOS<\/span><\/h3>\n<hr \/>\n<p style=\"text-align: justify;\">La\u00a0<strong>doctora en Filolog\u00eda Hisp\u00e1nica Inmaculada Mart\u00ednez Mart\u00ednez y profesora del CIESE,\u00a0<\/strong>imparti\u00f3 en el Congreso ASELE 2022 una ponencia sobre\u00a0<strong>\u201cLa especificaci\u00f3n basada en corpus de las unidades fraseol\u00f3gicas en el curr\u00edculo de Espa\u00f1ol de Negocios\u201d.<\/strong><\/p>\n<p style=\"text-align: justify;\">&#8220;Este corpus viene a cubrir un importante vac\u00edo en el aprendizaje de esta lengua de especialidad. Constituye la necesaria base emp\u00edrica para la elaboraci\u00f3n de materiales did\u00e1cticos fundamentados en la innovaci\u00f3n educativa; tambi\u00e9n constituye una herramienta de primer orden para la elaboraci\u00f3n de un plan curricular, a\u00fan inexistente en el espa\u00f1ol de los negocios.&#8221;, explic\u00f3\u00a0Mart\u00ednez durante su intervenci\u00f3n.<\/p>\n<p>&nbsp;<\/p>\n<h3><span style=\"color: #cb333b;\">EL ESPA\u00d1OL DEL VINO<\/span><\/h3>\n<hr \/>\n<p style=\"text-align: justify;\">Por su parte,\u00a0<strong>V\u00edctor Coto Ord\u00e1s, Doctor en Filolog\u00eda Espa\u00f1ola y Profesor del \u00c1rea de Lengua y Comunicaci\u00f3n<\/strong>\u00a0del\u00a0Centro Universitario CIESE-Comillas, particip\u00f3 en el Congreso Asele 2022 con una propuesta sobre<strong>\u00a0\u201cEl aprendizaje de lenguas en entornos profesionales mediante unidades fraseol\u00f3gicas extra\u00eddas de un corpus especializado: el espa\u00f1ol del vino\u201d<\/strong>.<\/p>\n<p style=\"text-align: justify;\">Durante su ponencia el Doctor Coto, explic\u00f3 a los asistentes el desarrollo de su trabajo relacionado con un\u00a0<strong>corpus especializado: el espa\u00f1ol del vino<\/strong>,\u00a0y describi\u00f3 c\u00f3mo han desarrollado una serie de manuales de ense\u00f1anza de lenguas (espa\u00f1ol\/alem\u00e1n\/franc\u00e9s\/italiano) con fines espec\u00edficos; en concreto, en torno al lenguaje del vino. Tras identificar las necesidades de comunicaci\u00f3n de los destinatarios de estos materiales, se procedi\u00f3 a la compilaci\u00f3n de varios corpus de textos aut\u00e9nticos a partir de grabaciones realizadas a viticultores, bodegueros y catadores, lo cual facilit\u00f3 la extracci\u00f3n de l\u00e9xico especializado y la selecci\u00f3n de aquellas unidades l\u00e9xicas complejas de mayor utilidad en las situaciones en las que se tienen que desenvolver. \u201cAdem\u00e1s, se opt\u00f3 por adoptar un enfoque l\u00e9xico, dado el car\u00e1cter monol\u00f3gico de la mayor parte de actos de habla y su necesidad de comunicarse de una manera profesional, pese a su condici\u00f3n de usuarios b\u00e1sicos de la lengua\u201d explic\u00f3 Coto a los asistentes.<\/p>\n<p style=\"text-align: justify;\">La conclusi\u00f3n m\u00e1s destacada estriba en que alumnos principiantes se pueden comunicar con precisi\u00f3n y soltura en un entorno profesional gracias a la utilizaci\u00f3n de un enfoque l\u00e9xico que se apoye en un corpus especializado y en un an\u00e1lisis de necesidades riguroso.<\/p>\n<p style=\"text-align: justify;\">El Congreso ASELE Verona 2022 fue inaugurado por el director del Instituto Cervantes, Luis Garc\u00eda Montero. En este encuentro se dieron cita\u00a0<strong>expertos<\/strong>\u00a0dedicados a la investigaci\u00f3n y docencia de la lengua espa\u00f1ola\u00a0<strong>de m\u00e1s de 60 pa\u00edses.<\/strong><\/p>\n","protected":false},"excerpt":{"rendered":"<p>Los profesores del CIESE, Inmaculada Mart\u00ednez y V\u00edctor Coto, intervinieron en este Congreso como ponentes.<\/p>\n","protected":false},"author":3,"featured_media":4315,"comment_status":"closed","ping_status":"closed","sticky":false,"template":"","format":"standard","meta":{"_acf_changed":false,"om_disable_all_campaigns":false,"_monsterinsights_skip_tracking":false,"_monsterinsights_sitenote_active":false,"_monsterinsights_sitenote_note":"","_monsterinsights_sitenote_category":0,"_uf_show_specific_survey":0,"_uf_disable_surveys":false,"footnotes":"","_links_to":"","_links_to_target":""},"categories":[42],"tags":[108,96,109],"class_list":["post-4314","post","type-post","status-publish","format-standard","has-post-thumbnail","hentry","category-academicas","tag-asele","tag-ciese","tag-investigacion"],"acf":[],"yoast_head":"<!-- This site is optimized with the Yoast SEO plugin v27.4 - https:\/\/yoast.com\/product\/yoast-seo-wordpress\/ -->\n<title>Los profesores del CIESE participan como ponentes en el ASELE<\/title>\n<meta name=\"description\" content=\"Los profesores del CIESE, Inmaculada Mart\u00ednez y V\u00edctor Coto, participan como ponentes en el Congreso ASELE Verona 2022.\" \/>\n<meta name=\"robots\" content=\"index, follow, max-snippet:-1, max-image-preview:large, max-video-preview:-1\" \/>\n<link rel=\"canonical\" href=\"https:\/\/fundacioncomillas.es\/zh-hans\/2022\/09\/08\/profesores-del-ciese-ponentes-asele-verona-2022\/\" \/>\n<meta property=\"og:locale\" content=\"zh_CN\" \/>\n<meta property=\"og:type\" content=\"article\" \/>\n<meta property=\"og:title\" content=\"Los profesores del CIESE participan como ponentes en el ASELE\" \/>\n<meta property=\"og:description\" content=\"Los profesores del CIESE, Inmaculada Mart\u00ednez y V\u00edctor Coto, participan como ponentes en el Congreso ASELE Verona 2022.\" \/>\n<meta property=\"og:url\" content=\"https:\/\/fundacioncomillas.es\/zh-hans\/2022\/09\/08\/profesores-del-ciese-ponentes-asele-verona-2022\/\" \/>\n<meta property=\"og:site_name\" content=\"Fundaci\u00f3n Comillas\" \/>\n<meta property=\"article:publisher\" content=\"https:\/\/www.facebook.com\/ciese.comillas\" \/>\n<meta property=\"article:published_time\" content=\"2022-09-08T12:12:01+00:00\" \/>\n<meta property=\"article:modified_time\" content=\"2023-11-13T12:37:13+00:00\" \/>\n<meta property=\"og:image\" content=\"https:\/\/fundacioncomillas.es\/wp-content\/uploads\/2023\/02\/asele.png\" \/>\n\t<meta property=\"og:image:width\" content=\"1021\" \/>\n\t<meta property=\"og:image:height\" content=\"707\" \/>\n\t<meta property=\"og:image:type\" content=\"image\/png\" \/>\n<meta name=\"author\" content=\"fundacion\" \/>\n<meta name=\"twitter:card\" content=\"summary_large_image\" \/>\n<meta name=\"twitter:creator\" content=\"@CIESEComillas\" \/>\n<meta name=\"twitter:site\" content=\"@CIESEComillas\" \/>\n<meta name=\"twitter:label1\" content=\"\u4f5c\u8005\" \/>\n\t<meta name=\"twitter:data1\" content=\"fundacion\" \/>\n\t<meta name=\"twitter:label2\" content=\"\u9884\u8ba1\u9605\u8bfb\u65f6\u95f4\" \/>\n\t<meta name=\"twitter:data2\" content=\"3 \u5206\" \/>\n<script type=\"application\/ld+json\" class=\"yoast-schema-graph\">{\"@context\":\"https:\\\/\\\/schema.org\",\"@graph\":[{\"@type\":\"Article\",\"@id\":\"https:\\\/\\\/fundacioncomillas.es\\\/zh-hans\\\/2022\\\/09\\\/08\\\/profesores-del-ciese-ponentes-asele-verona-2022\\\/#article\",\"isPartOf\":{\"@id\":\"https:\\\/\\\/fundacioncomillas.es\\\/zh-hans\\\/2022\\\/09\\\/08\\\/profesores-del-ciese-ponentes-asele-verona-2022\\\/\"},\"author\":{\"name\":\"fundacion\",\"@id\":\"https:\\\/\\\/fundacioncomillas.es\\\/zh-hans\\\/#\\\/schema\\\/person\\\/3cdde58ad1a78de54c94309e39ec81cb\"},\"headline\":\"Los profesores del CIESE, Inmaculada Mart\u00ednez y V\u00edctor Coto, participan como ponentes en el Congreso ASELE Verona 2022\",\"datePublished\":\"2022-09-08T12:12:01+00:00\",\"dateModified\":\"2023-11-13T12:37:13+00:00\",\"mainEntityOfPage\":{\"@id\":\"https:\\\/\\\/fundacioncomillas.es\\\/zh-hans\\\/2022\\\/09\\\/08\\\/profesores-del-ciese-ponentes-asele-verona-2022\\\/\"},\"wordCount\":609,\"publisher\":{\"@id\":\"https:\\\/\\\/fundacioncomillas.es\\\/zh-hans\\\/#organization\"},\"image\":{\"@id\":\"https:\\\/\\\/fundacioncomillas.es\\\/zh-hans\\\/2022\\\/09\\\/08\\\/profesores-del-ciese-ponentes-asele-verona-2022\\\/#primaryimage\"},\"thumbnailUrl\":\"https:\\\/\\\/fundacioncomillas.es\\\/wp-content\\\/uploads\\\/2023\\\/02\\\/asele.png\",\"keywords\":[\"asele\",\"ciese\",\"investigaci\u00f3n\"],\"articleSection\":[\"ACAD\u00c9MICAS\"],\"inLanguage\":\"zh-Hans\"},{\"@type\":\"WebPage\",\"@id\":\"https:\\\/\\\/fundacioncomillas.es\\\/zh-hans\\\/2022\\\/09\\\/08\\\/profesores-del-ciese-ponentes-asele-verona-2022\\\/\",\"url\":\"https:\\\/\\\/fundacioncomillas.es\\\/zh-hans\\\/2022\\\/09\\\/08\\\/profesores-del-ciese-ponentes-asele-verona-2022\\\/\",\"name\":\"Los profesores del CIESE participan como ponentes en el ASELE\",\"isPartOf\":{\"@id\":\"https:\\\/\\\/fundacioncomillas.es\\\/zh-hans\\\/#website\"},\"primaryImageOfPage\":{\"@id\":\"https:\\\/\\\/fundacioncomillas.es\\\/zh-hans\\\/2022\\\/09\\\/08\\\/profesores-del-ciese-ponentes-asele-verona-2022\\\/#primaryimage\"},\"image\":{\"@id\":\"https:\\\/\\\/fundacioncomillas.es\\\/zh-hans\\\/2022\\\/09\\\/08\\\/profesores-del-ciese-ponentes-asele-verona-2022\\\/#primaryimage\"},\"thumbnailUrl\":\"https:\\\/\\\/fundacioncomillas.es\\\/wp-content\\\/uploads\\\/2023\\\/02\\\/asele.png\",\"datePublished\":\"2022-09-08T12:12:01+00:00\",\"dateModified\":\"2023-11-13T12:37:13+00:00\",\"description\":\"Los profesores del CIESE, Inmaculada Mart\u00ednez y V\u00edctor Coto, participan como ponentes en el Congreso ASELE Verona 2022.\",\"breadcrumb\":{\"@id\":\"https:\\\/\\\/fundacioncomillas.es\\\/zh-hans\\\/2022\\\/09\\\/08\\\/profesores-del-ciese-ponentes-asele-verona-2022\\\/#breadcrumb\"},\"inLanguage\":\"zh-Hans\",\"potentialAction\":[{\"@type\":\"ReadAction\",\"target\":[\"https:\\\/\\\/fundacioncomillas.es\\\/zh-hans\\\/2022\\\/09\\\/08\\\/profesores-del-ciese-ponentes-asele-verona-2022\\\/\"]}]},{\"@type\":\"ImageObject\",\"inLanguage\":\"zh-Hans\",\"@id\":\"https:\\\/\\\/fundacioncomillas.es\\\/zh-hans\\\/2022\\\/09\\\/08\\\/profesores-del-ciese-ponentes-asele-verona-2022\\\/#primaryimage\",\"url\":\"https:\\\/\\\/fundacioncomillas.es\\\/wp-content\\\/uploads\\\/2023\\\/02\\\/asele.png\",\"contentUrl\":\"https:\\\/\\\/fundacioncomillas.es\\\/wp-content\\\/uploads\\\/2023\\\/02\\\/asele.png\",\"width\":1021,\"height\":707},{\"@type\":\"BreadcrumbList\",\"@id\":\"https:\\\/\\\/fundacioncomillas.es\\\/zh-hans\\\/2022\\\/09\\\/08\\\/profesores-del-ciese-ponentes-asele-verona-2022\\\/#breadcrumb\",\"itemListElement\":[{\"@type\":\"ListItem\",\"position\":1,\"name\":\"Portada\",\"item\":\"https:\\\/\\\/fundacioncomillas.es\\\/zh-hans\\\/\"},{\"@type\":\"ListItem\",\"position\":2,\"name\":\"Los profesores del CIESE, Inmaculada Mart\u00ednez y V\u00edctor Coto, participan como ponentes en el Congreso ASELE Verona 2022\"}]},{\"@type\":\"WebSite\",\"@id\":\"https:\\\/\\\/fundacioncomillas.es\\\/zh-hans\\\/#website\",\"url\":\"https:\\\/\\\/fundacioncomillas.es\\\/zh-hans\\\/\",\"name\":\"Fundaci\u00f3n Comillas\",\"description\":\"La Fundaci\u00f3n Comillas del Espa\u00f1ol y la Cultura Hisp\u00e1nica\",\"publisher\":{\"@id\":\"https:\\\/\\\/fundacioncomillas.es\\\/zh-hans\\\/#organization\"},\"potentialAction\":[{\"@type\":\"SearchAction\",\"target\":{\"@type\":\"EntryPoint\",\"urlTemplate\":\"https:\\\/\\\/fundacioncomillas.es\\\/zh-hans\\\/?s={search_term_string}\"},\"query-input\":{\"@type\":\"PropertyValueSpecification\",\"valueRequired\":true,\"valueName\":\"search_term_string\"}}],\"inLanguage\":\"zh-Hans\"},{\"@type\":\"Organization\",\"@id\":\"https:\\\/\\\/fundacioncomillas.es\\\/zh-hans\\\/#organization\",\"name\":\"Fundaci\u00f3n Comillas\",\"alternateName\":\"Fundaci\u00f3n Comillas - CIESE\",\"url\":\"https:\\\/\\\/fundacioncomillas.es\\\/zh-hans\\\/\",\"logo\":{\"@type\":\"ImageObject\",\"inLanguage\":\"zh-Hans\",\"@id\":\"https:\\\/\\\/fundacioncomillas.es\\\/zh-hans\\\/#\\\/schema\\\/logo\\\/image\\\/\",\"url\":\"https:\\\/\\\/fundacioncomillas.es\\\/wp-content\\\/uploads\\\/2023\\\/04\\\/logo-fundacion-comillas-.png\",\"contentUrl\":\"https:\\\/\\\/fundacioncomillas.es\\\/wp-content\\\/uploads\\\/2023\\\/04\\\/logo-fundacion-comillas-.png\",\"width\":548,\"height\":536,\"caption\":\"Fundaci\u00f3n Comillas\"},\"image\":{\"@id\":\"https:\\\/\\\/fundacioncomillas.es\\\/zh-hans\\\/#\\\/schema\\\/logo\\\/image\\\/\"},\"sameAs\":[\"https:\\\/\\\/www.facebook.com\\\/ciese.comillas\",\"https:\\\/\\\/x.com\\\/CIESEComillas\",\"https:\\\/\\\/www.instagram.com\\\/uniciesecomillas\\\/\",\"https:\\\/\\\/www.linkedin.com\\\/company\\\/fundacion-comillas\\\/\",\"https:\\\/\\\/www.youtube.com\\\/user\\\/fundacioncomillas\",\"https:\\\/\\\/twitter.com\\\/FundComillas\",\"https:\\\/\\\/www.linkedin.com\\\/company\\\/1533960\\\/admin\\\/\"]},{\"@type\":\"Person\",\"@id\":\"https:\\\/\\\/fundacioncomillas.es\\\/zh-hans\\\/#\\\/schema\\\/person\\\/3cdde58ad1a78de54c94309e39ec81cb\",\"name\":\"fundacion\",\"url\":\"https:\\\/\\\/fundacioncomillas.es\\\/zh-hans\\\/author\\\/fundacion\\\/\"}]}<\/script>\n<!-- \/ Yoast SEO plugin. -->","yoast_head_json":{"title":"Los profesores del CIESE participan como ponentes en el ASELE","description":"Los profesores del CIESE, Inmaculada Mart\u00ednez y V\u00edctor Coto, participan como ponentes en el Congreso ASELE Verona 2022.","robots":{"index":"index","follow":"follow","max-snippet":"max-snippet:-1","max-image-preview":"max-image-preview:large","max-video-preview":"max-video-preview:-1"},"canonical":"https:\/\/fundacioncomillas.es\/zh-hans\/2022\/09\/08\/profesores-del-ciese-ponentes-asele-verona-2022\/","og_locale":"zh_CN","og_type":"article","og_title":"Los profesores del CIESE participan como ponentes en el ASELE","og_description":"Los profesores del CIESE, Inmaculada Mart\u00ednez y V\u00edctor Coto, participan como ponentes en el Congreso ASELE Verona 2022.","og_url":"https:\/\/fundacioncomillas.es\/zh-hans\/2022\/09\/08\/profesores-del-ciese-ponentes-asele-verona-2022\/","og_site_name":"Fundaci\u00f3n Comillas","article_publisher":"https:\/\/www.facebook.com\/ciese.comillas","article_published_time":"2022-09-08T12:12:01+00:00","article_modified_time":"2023-11-13T12:37:13+00:00","og_image":[{"width":1021,"height":707,"url":"https:\/\/fundacioncomillas.es\/wp-content\/uploads\/2023\/02\/asele.png","type":"image\/png"}],"author":"fundacion","twitter_card":"summary_large_image","twitter_creator":"@CIESEComillas","twitter_site":"@CIESEComillas","twitter_misc":{"\u4f5c\u8005":"fundacion","\u9884\u8ba1\u9605\u8bfb\u65f6\u95f4":"3 \u5206"},"schema":{"@context":"https:\/\/schema.org","@graph":[{"@type":"Article","@id":"https:\/\/fundacioncomillas.es\/zh-hans\/2022\/09\/08\/profesores-del-ciese-ponentes-asele-verona-2022\/#article","isPartOf":{"@id":"https:\/\/fundacioncomillas.es\/zh-hans\/2022\/09\/08\/profesores-del-ciese-ponentes-asele-verona-2022\/"},"author":{"name":"fundacion","@id":"https:\/\/fundacioncomillas.es\/zh-hans\/#\/schema\/person\/3cdde58ad1a78de54c94309e39ec81cb"},"headline":"Los profesores del CIESE, Inmaculada Mart\u00ednez y V\u00edctor Coto, participan como ponentes en el Congreso ASELE Verona 2022","datePublished":"2022-09-08T12:12:01+00:00","dateModified":"2023-11-13T12:37:13+00:00","mainEntityOfPage":{"@id":"https:\/\/fundacioncomillas.es\/zh-hans\/2022\/09\/08\/profesores-del-ciese-ponentes-asele-verona-2022\/"},"wordCount":609,"publisher":{"@id":"https:\/\/fundacioncomillas.es\/zh-hans\/#organization"},"image":{"@id":"https:\/\/fundacioncomillas.es\/zh-hans\/2022\/09\/08\/profesores-del-ciese-ponentes-asele-verona-2022\/#primaryimage"},"thumbnailUrl":"https:\/\/fundacioncomillas.es\/wp-content\/uploads\/2023\/02\/asele.png","keywords":["asele","ciese","investigaci\u00f3n"],"articleSection":["ACAD\u00c9MICAS"],"inLanguage":"zh-Hans"},{"@type":"WebPage","@id":"https:\/\/fundacioncomillas.es\/zh-hans\/2022\/09\/08\/profesores-del-ciese-ponentes-asele-verona-2022\/","url":"https:\/\/fundacioncomillas.es\/zh-hans\/2022\/09\/08\/profesores-del-ciese-ponentes-asele-verona-2022\/","name":"Los profesores del CIESE participan como ponentes en el ASELE","isPartOf":{"@id":"https:\/\/fundacioncomillas.es\/zh-hans\/#website"},"primaryImageOfPage":{"@id":"https:\/\/fundacioncomillas.es\/zh-hans\/2022\/09\/08\/profesores-del-ciese-ponentes-asele-verona-2022\/#primaryimage"},"image":{"@id":"https:\/\/fundacioncomillas.es\/zh-hans\/2022\/09\/08\/profesores-del-ciese-ponentes-asele-verona-2022\/#primaryimage"},"thumbnailUrl":"https:\/\/fundacioncomillas.es\/wp-content\/uploads\/2023\/02\/asele.png","datePublished":"2022-09-08T12:12:01+00:00","dateModified":"2023-11-13T12:37:13+00:00","description":"Los profesores del CIESE, Inmaculada Mart\u00ednez y V\u00edctor Coto, participan como ponentes en el Congreso ASELE Verona 2022.","breadcrumb":{"@id":"https:\/\/fundacioncomillas.es\/zh-hans\/2022\/09\/08\/profesores-del-ciese-ponentes-asele-verona-2022\/#breadcrumb"},"inLanguage":"zh-Hans","potentialAction":[{"@type":"ReadAction","target":["https:\/\/fundacioncomillas.es\/zh-hans\/2022\/09\/08\/profesores-del-ciese-ponentes-asele-verona-2022\/"]}]},{"@type":"ImageObject","inLanguage":"zh-Hans","@id":"https:\/\/fundacioncomillas.es\/zh-hans\/2022\/09\/08\/profesores-del-ciese-ponentes-asele-verona-2022\/#primaryimage","url":"https:\/\/fundacioncomillas.es\/wp-content\/uploads\/2023\/02\/asele.png","contentUrl":"https:\/\/fundacioncomillas.es\/wp-content\/uploads\/2023\/02\/asele.png","width":1021,"height":707},{"@type":"BreadcrumbList","@id":"https:\/\/fundacioncomillas.es\/zh-hans\/2022\/09\/08\/profesores-del-ciese-ponentes-asele-verona-2022\/#breadcrumb","itemListElement":[{"@type":"ListItem","position":1,"name":"Portada","item":"https:\/\/fundacioncomillas.es\/zh-hans\/"},{"@type":"ListItem","position":2,"name":"Los profesores del CIESE, Inmaculada Mart\u00ednez y V\u00edctor Coto, participan como ponentes en el Congreso ASELE Verona 2022"}]},{"@type":"WebSite","@id":"https:\/\/fundacioncomillas.es\/zh-hans\/#website","url":"https:\/\/fundacioncomillas.es\/zh-hans\/","name":"Fundaci\u00f3n Comillas","description":"La Fundaci\u00f3n Comillas del Espa\u00f1ol y la Cultura Hisp\u00e1nica","publisher":{"@id":"https:\/\/fundacioncomillas.es\/zh-hans\/#organization"},"potentialAction":[{"@type":"SearchAction","target":{"@type":"EntryPoint","urlTemplate":"https:\/\/fundacioncomillas.es\/zh-hans\/?s={search_term_string}"},"query-input":{"@type":"PropertyValueSpecification","valueRequired":true,"valueName":"search_term_string"}}],"inLanguage":"zh-Hans"},{"@type":"Organization","@id":"https:\/\/fundacioncomillas.es\/zh-hans\/#organization","name":"Fundaci\u00f3n Comillas","alternateName":"Fundaci\u00f3n Comillas - CIESE","url":"https:\/\/fundacioncomillas.es\/zh-hans\/","logo":{"@type":"ImageObject","inLanguage":"zh-Hans","@id":"https:\/\/fundacioncomillas.es\/zh-hans\/#\/schema\/logo\/image\/","url":"https:\/\/fundacioncomillas.es\/wp-content\/uploads\/2023\/04\/logo-fundacion-comillas-.png","contentUrl":"https:\/\/fundacioncomillas.es\/wp-content\/uploads\/2023\/04\/logo-fundacion-comillas-.png","width":548,"height":536,"caption":"Fundaci\u00f3n Comillas"},"image":{"@id":"https:\/\/fundacioncomillas.es\/zh-hans\/#\/schema\/logo\/image\/"},"sameAs":["https:\/\/www.facebook.com\/ciese.comillas","https:\/\/x.com\/CIESEComillas","https:\/\/www.instagram.com\/uniciesecomillas\/","https:\/\/www.linkedin.com\/company\/fundacion-comillas\/","https:\/\/www.youtube.com\/user\/fundacioncomillas","https:\/\/twitter.com\/FundComillas","https:\/\/www.linkedin.com\/company\/1533960\/admin\/"]},{"@type":"Person","@id":"https:\/\/fundacioncomillas.es\/zh-hans\/#\/schema\/person\/3cdde58ad1a78de54c94309e39ec81cb","name":"fundacion","url":"https:\/\/fundacioncomillas.es\/zh-hans\/author\/fundacion\/"}]}},"_links":{"self":[{"href":"https:\/\/fundacioncomillas.es\/zh-hans\/wp-json\/wp\/v2\/posts\/4314","targetHints":{"allow":["GET"]}}],"collection":[{"href":"https:\/\/fundacioncomillas.es\/zh-hans\/wp-json\/wp\/v2\/posts"}],"about":[{"href":"https:\/\/fundacioncomillas.es\/zh-hans\/wp-json\/wp\/v2\/types\/post"}],"author":[{"embeddable":true,"href":"https:\/\/fundacioncomillas.es\/zh-hans\/wp-json\/wp\/v2\/users\/3"}],"replies":[{"embeddable":true,"href":"https:\/\/fundacioncomillas.es\/zh-hans\/wp-json\/wp\/v2\/comments?post=4314"}],"version-history":[{"count":5,"href":"https:\/\/fundacioncomillas.es\/zh-hans\/wp-json\/wp\/v2\/posts\/4314\/revisions"}],"predecessor-version":[{"id":10290,"href":"https:\/\/fundacioncomillas.es\/zh-hans\/wp-json\/wp\/v2\/posts\/4314\/revisions\/10290"}],"wp:featuredmedia":[{"embeddable":true,"href":"https:\/\/fundacioncomillas.es\/zh-hans\/wp-json\/wp\/v2\/media\/4315"}],"wp:attachment":[{"href":"https:\/\/fundacioncomillas.es\/zh-hans\/wp-json\/wp\/v2\/media?parent=4314"}],"wp:term":[{"taxonomy":"category","embeddable":true,"href":"https:\/\/fundacioncomillas.es\/zh-hans\/wp-json\/wp\/v2\/categories?post=4314"},{"taxonomy":"post_tag","embeddable":true,"href":"https:\/\/fundacioncomillas.es\/zh-hans\/wp-json\/wp\/v2\/tags?post=4314"}],"curies":[{"name":"wp","href":"https:\/\/api.w.org\/{rel}","templated":true}]}}