{"id":4311,"date":"2022-09-15T09:39:41","date_gmt":"2022-09-15T07:39:41","guid":{"rendered":"https:\/\/fundacioncomillas.es\/?p=4311"},"modified":"2023-04-13T12:24:43","modified_gmt":"2023-04-13T10:24:43","slug":"la-fundacion-comillas-coordinara-un-programa-internacional-de-innovacion-educativa-para-la-inclusion-equidad-y-sostenibilidad","status":"publish","type":"post","link":"https:\/\/fundacioncomillas.es\/zh-hans\/2022\/09\/15\/la-fundacion-comillas-coordinara-un-programa-internacional-de-innovacion-educativa-para-la-inclusion-equidad-y-sostenibilidad\/","title":{"rendered":"La Fundaci\u00f3n Comillas coordinar\u00e1 un programa internacional de innovaci\u00f3n educativa para la inclusi\u00f3n, equidad y sostenibilidad"},"content":{"rendered":"<p style=\"text-align: justify;\">Se trata de un proyecto triangular Uni\u00f3n Europea-Latinoam\u00e9rica-Caribe en el que la instituci\u00f3n c\u00e1ntabra compartir\u00e1 conocimientos y experiencia con instituciones de Uruguay y M\u00e9xico para la innovaci\u00f3n educativa.<\/p>\n<p style=\"text-align: justify;\">La\u00a0<a href=\"https:\/\/fundacioncomillas.es\/la-fundacion\/\"><strong>Fundaci\u00f3n Comillas<\/strong><\/a>\u00a0ha sido elegida por la Direcci\u00f3n General de Asociaciones Internacionales de la Uni\u00f3n Europea para coordinar un programa internacional de innovaci\u00f3n educativa que explore enfoques pedag\u00f3gicos innovadores y la inclusi\u00f3n en la ense\u00f1anza de nuevas herramientas digitales. Se trata de una\u00a0<strong>Alianza de Cooperaci\u00f3n Triangular<\/strong>, entre la\u00a0<strong>Uni\u00f3n Europea, Latinoam\u00e9rica y el Caribe<\/strong>, en el que participan la Fundaci\u00f3n Comillas, en representaci\u00f3n de Cantabria y Espa\u00f1a, el Instituto para el Futuro de la Educaci\u00f3n de M\u00e9xico y el Ministerio de Educaci\u00f3n y Cultura de Uruguay, principal beneficiario de esta iniciativa.<\/p>\n<p style=\"text-align: justify;\">El objetivo del proyecto\u00a0<a href=\"https:\/\/www.adelante2.eu\/\">\u2018Ventana ADELANTE 2022\u2019,<\/a>\u00a0que se financia con fondos europeos, es el de contribuir a promover un cambio en la metodolog\u00eda tradicional de la formaci\u00f3n, potenciando m\u00e9todos innovadores de aprendizaje, y avanzar hacia el desarrollo inclusivo y sostenible de los pa\u00edses, que contribuyan al logro de la\u00a0<strong>Agenda 2030.<\/strong><\/p>\n<p style=\"text-align: justify;\">En el programa tambi\u00e9n participa como entidad colaboradora el\u00a0<strong>Centro Ceibal<\/strong>, instituci\u00f3n de referencia en el \u00e1mbito de la innovaci\u00f3n educativa con tecnolog\u00edas digitales de\u00a0<strong>Uruguay.\u00a0<\/strong>Su experiencia est\u00e1 orientada a promover pol\u00edticas p\u00fablicas educativas que integren en la educaci\u00f3n la tecnolog\u00eda con el fin de mejorar los aprendizajes e impulsar procesos de innovaci\u00f3n, inclusi\u00f3n y crecimiento personal.<\/p>\n<p style=\"text-align: justify;\">El principal desaf\u00edo de las instituciones participantes en el proyecto es<strong>\u00a0reforzar la cultura educativa y de aprendizaje<\/strong>, adaptando las metodolog\u00edas de ense\u00f1anza a la ciudadan\u00eda. La educaci\u00f3n no se debe limitar \u00fanicamente a adquirir contenidos, sino que debe contribuir a desarrollar diversas capacidades en torno a las tecnolog\u00edas, el pensamiento cr\u00edtico, la participaci\u00f3n y capacidad de reflexi\u00f3n, la b\u00fasqueda de oportunidades e informaci\u00f3n del entorno o el liderazgo en el proceso educativo.<\/p>\n<p>&nbsp;<\/p>\n<h3><span style=\"color: #cb333b;\">CONTRIBUCI\u00d3N A LA AGENDA 2030<\/span><\/h3>\n<hr \/>\n<p style=\"text-align: justify;\">Esta iniciativa denominada<strong>\u00a0\u201cInnovaci\u00f3n Educativa para la inclusi\u00f3n, equidad y sostenibilidad\u201d\u00a0<\/strong>se llevar\u00e1 a cabo a trav\u00e9s de estudios en el terreno -con visitas a dotaciones educativas- y con espacios de trabajo -debates p\u00fablicos e interacciones en mesas de trabajo-, y tiene como fin, en el plano auton\u00f3mico, enriquecer la gesti\u00f3n educativa de Cantabria, as\u00ed como difundir las metodolog\u00edas de aprendizaje innovadoras del ecosistema educativo de la regi\u00f3n.<\/p>\n<p style=\"text-align: justify;\">Esta iniciativa busca contribuir a la\u00a0<strong>consecuci\u00f3n de los objetivos de la Agenda 2030<\/strong>, especialmente en lo relativo a fomentar una educaci\u00f3n de calidad (ODS 4), impulsar el trabajo decente y el crecimiento econ\u00f3mico (ODS 8), reducir las desigualdades (ODS 10) y establecer alianzas para lograr los objetivos marcados (ODS 17).<\/p>\n<p style=\"text-align: justify;\">La actividad que se desarrollar\u00e1 en Cantabria dar\u00e1 a conocer el proceso de transformaci\u00f3n educativa desde la perspectiva pol\u00edtica y social de la regi\u00f3n. Se presentar\u00e1 a distintos actores del territorio la forma en que contribuyen para conseguir la adaptaci\u00f3n de las metodolog\u00edas de ense\u00f1anza-aprendizaje a la transformaci\u00f3n digital. La hoja de ruta de la Fundaci\u00f3n Comillas, con la puesta en marcha del Hub-Comillas, es un marco perfecto para ejemplificar esta estrat\u00e9gica territorial. Concretamente, se dar\u00e1 a conocer su experiencia en la implementaci\u00f3n del programa de formaci\u00f3n en competencias digitales para mujeres en situaci\u00f3n de desempleo en el \u00e1mbito rural.<\/p>\n<p style=\"text-align: justify;\">\u201cLa coordinaci\u00f3n de este proyecto por parte de la Fundaci\u00f3n Comillas es una excelente oportunidad para dar a conocer internacionalmente la labor que desarrolla nuestra instituci\u00f3n\u201d, ha indicado\u00a0<strong>Eva Gonz\u00e1lez, directora de la Fundaci\u00f3n.<\/strong><\/p>\n<p>&nbsp;<\/p>\n<p>&nbsp;<\/p>\n<h3><span style=\"color: #cb333b;\">FUNDACI\u00d3N COMILLAS<\/span><\/h3>\n<hr \/>\n<p style=\"text-align: justify;\">La Fundaci\u00f3n Comillas nace con la vocaci\u00f3n de convertirse en una\u00a0<strong>instituci\u00f3n de referencia internacional<\/strong>\u00a0en la formaci\u00f3n, investigaci\u00f3n y difusi\u00f3n de la lengua espa\u00f1ola y la cultura hisp\u00e1nica.<\/p>\n<p style=\"text-align: justify;\">Entre los<strong>\u00a0objetivos estrat\u00e9gicos\u00a0<\/strong>de esta instituci\u00f3n est\u00e1 el desarrollo territorial, econ\u00f3mico y cultural de Cantabria, la investigaci\u00f3n e innovaci\u00f3n en espa\u00f1ol, as\u00ed como la ense\u00f1anza de este en su Centro de Estudios de Estudios Superiores del Espa\u00f1ol (CIESE) y la difusi\u00f3n internacional, mediante proyectos de cooperaci\u00f3n y el intercambio de experiencias culturales, acad\u00e9micas, cient\u00edficas, profesionales y emprendedoras en espa\u00f1ol.<\/p>\n","protected":false},"excerpt":{"rendered":"<p>La\u00a0<strong>Fundaci\u00f3n Comillas<\/strong>\u00a0ha sido elegida por la Direcci\u00f3n General de Asociaciones Internacionales de la Uni\u00f3n Europea para coordinar un programa internacional de innovaci\u00f3n educativa<\/p>\n","protected":false},"author":3,"featured_media":4313,"comment_status":"closed","ping_status":"closed","sticky":false,"template":"","format":"standard","meta":{"_acf_changed":false,"om_disable_all_campaigns":false,"_monsterinsights_skip_tracking":false,"_monsterinsights_sitenote_active":false,"_monsterinsights_sitenote_note":"","_monsterinsights_sitenote_category":0,"_uf_show_specific_survey":0,"_uf_disable_surveys":false,"footnotes":"","_links_to":"","_links_to_target":""},"categories":[40,41],"tags":[106,107,91],"class_list":["post-4311","post","type-post","status-publish","format-standard","has-post-thumbnail","hentry","category-cultura","category-fundacion","tag-agenda-2030","tag-cooperacion","tag-innovacion"],"acf":[],"yoast_head":"<!-- This site is optimized with the Yoast SEO plugin v27.4 - https:\/\/yoast.com\/product\/yoast-seo-wordpress\/ -->\n<title>La Fundaci\u00f3n Comillas coordinar\u00e1 un programa internacional de innovaci\u00f3n educativa para la inclusi\u00f3n, equidad y sostenibilidad - Fundaci\u00f3n Comillas<\/title>\n<meta name=\"description\" content=\"El objetivo del proyecto\u00a0\u2018Ventana ADELANTE 2022\u2019,\u00a0es el de contribuir a promover un cambio en la metodolog\u00eda tradicional de la formaci\u00f3n con innovaci\u00f3n educativa\" \/>\n<meta name=\"robots\" content=\"index, follow, max-snippet:-1, max-image-preview:large, max-video-preview:-1\" \/>\n<link rel=\"canonical\" href=\"https:\/\/fundacioncomillas.es\/zh-hans\/2022\/09\/15\/la-fundacion-comillas-coordinara-un-programa-internacional-de-innovacion-educativa-para-la-inclusion-equidad-y-sostenibilidad\/\" \/>\n<meta property=\"og:locale\" content=\"zh_CN\" \/>\n<meta property=\"og:type\" content=\"article\" \/>\n<meta property=\"og:title\" content=\"La Fundaci\u00f3n Comillas coordinar\u00e1 un programa internacional de innovaci\u00f3n educativa para la inclusi\u00f3n, equidad y sostenibilidad - Fundaci\u00f3n Comillas\" \/>\n<meta property=\"og:description\" content=\"El objetivo del proyecto\u00a0\u2018Ventana ADELANTE 2022\u2019,\u00a0es el de contribuir a promover un cambio en la metodolog\u00eda tradicional de la formaci\u00f3n con innovaci\u00f3n educativa\" \/>\n<meta property=\"og:url\" content=\"https:\/\/fundacioncomillas.es\/zh-hans\/2022\/09\/15\/la-fundacion-comillas-coordinara-un-programa-internacional-de-innovacion-educativa-para-la-inclusion-equidad-y-sostenibilidad\/\" \/>\n<meta property=\"og:site_name\" content=\"Fundaci\u00f3n Comillas\" \/>\n<meta property=\"article:publisher\" content=\"https:\/\/www.facebook.com\/ciese.comillas\" \/>\n<meta property=\"article:published_time\" content=\"2022-09-15T07:39:41+00:00\" \/>\n<meta property=\"article:modified_time\" content=\"2023-04-13T10:24:43+00:00\" \/>\n<meta property=\"og:image\" content=\"https:\/\/fundacioncomillas.es\/wp-content\/uploads\/2022\/09\/jardines2.png\" \/>\n\t<meta property=\"og:image:width\" content=\"795\" \/>\n\t<meta property=\"og:image:height\" content=\"528\" \/>\n\t<meta property=\"og:image:type\" content=\"image\/png\" \/>\n<meta name=\"author\" content=\"fundacion\" \/>\n<meta name=\"twitter:card\" content=\"summary_large_image\" \/>\n<meta name=\"twitter:creator\" content=\"@CIESEComillas\" \/>\n<meta name=\"twitter:site\" content=\"@CIESEComillas\" \/>\n<meta name=\"twitter:label1\" content=\"\u4f5c\u8005\" \/>\n\t<meta name=\"twitter:data1\" content=\"fundacion\" \/>\n\t<meta name=\"twitter:label2\" content=\"\u9884\u8ba1\u9605\u8bfb\u65f6\u95f4\" \/>\n\t<meta name=\"twitter:data2\" content=\"3 \u5206\" \/>\n<script type=\"application\/ld+json\" class=\"yoast-schema-graph\">{\"@context\":\"https:\\\/\\\/schema.org\",\"@graph\":[{\"@type\":\"Article\",\"@id\":\"https:\\\/\\\/fundacioncomillas.es\\\/zh-hans\\\/2022\\\/09\\\/15\\\/la-fundacion-comillas-coordinara-un-programa-internacional-de-innovacion-educativa-para-la-inclusion-equidad-y-sostenibilidad\\\/#article\",\"isPartOf\":{\"@id\":\"https:\\\/\\\/fundacioncomillas.es\\\/zh-hans\\\/2022\\\/09\\\/15\\\/la-fundacion-comillas-coordinara-un-programa-internacional-de-innovacion-educativa-para-la-inclusion-equidad-y-sostenibilidad\\\/\"},\"author\":{\"name\":\"fundacion\",\"@id\":\"https:\\\/\\\/fundacioncomillas.es\\\/zh-hans\\\/#\\\/schema\\\/person\\\/3cdde58ad1a78de54c94309e39ec81cb\"},\"headline\":\"La Fundaci\u00f3n Comillas coordinar\u00e1 un programa internacional de innovaci\u00f3n educativa para la inclusi\u00f3n, equidad y sostenibilidad\",\"datePublished\":\"2022-09-15T07:39:41+00:00\",\"dateModified\":\"2023-04-13T10:24:43+00:00\",\"mainEntityOfPage\":{\"@id\":\"https:\\\/\\\/fundacioncomillas.es\\\/zh-hans\\\/2022\\\/09\\\/15\\\/la-fundacion-comillas-coordinara-un-programa-internacional-de-innovacion-educativa-para-la-inclusion-equidad-y-sostenibilidad\\\/\"},\"wordCount\":765,\"publisher\":{\"@id\":\"https:\\\/\\\/fundacioncomillas.es\\\/zh-hans\\\/#organization\"},\"image\":{\"@id\":\"https:\\\/\\\/fundacioncomillas.es\\\/zh-hans\\\/2022\\\/09\\\/15\\\/la-fundacion-comillas-coordinara-un-programa-internacional-de-innovacion-educativa-para-la-inclusion-equidad-y-sostenibilidad\\\/#primaryimage\"},\"thumbnailUrl\":\"https:\\\/\\\/fundacioncomillas.es\\\/wp-content\\\/uploads\\\/2022\\\/09\\\/jardines2.png\",\"keywords\":[\"agenda 2030\",\"cooperaci\u00f3n\",\"innovaci\u00f3n\"],\"articleSection\":[\"CULTURA\",\"FUNDACI\u00d3N\"],\"inLanguage\":\"zh-Hans\"},{\"@type\":\"WebPage\",\"@id\":\"https:\\\/\\\/fundacioncomillas.es\\\/zh-hans\\\/2022\\\/09\\\/15\\\/la-fundacion-comillas-coordinara-un-programa-internacional-de-innovacion-educativa-para-la-inclusion-equidad-y-sostenibilidad\\\/\",\"url\":\"https:\\\/\\\/fundacioncomillas.es\\\/zh-hans\\\/2022\\\/09\\\/15\\\/la-fundacion-comillas-coordinara-un-programa-internacional-de-innovacion-educativa-para-la-inclusion-equidad-y-sostenibilidad\\\/\",\"name\":\"La Fundaci\u00f3n Comillas coordinar\u00e1 un programa internacional de innovaci\u00f3n educativa para la inclusi\u00f3n, equidad y sostenibilidad - Fundaci\u00f3n Comillas\",\"isPartOf\":{\"@id\":\"https:\\\/\\\/fundacioncomillas.es\\\/zh-hans\\\/#website\"},\"primaryImageOfPage\":{\"@id\":\"https:\\\/\\\/fundacioncomillas.es\\\/zh-hans\\\/2022\\\/09\\\/15\\\/la-fundacion-comillas-coordinara-un-programa-internacional-de-innovacion-educativa-para-la-inclusion-equidad-y-sostenibilidad\\\/#primaryimage\"},\"image\":{\"@id\":\"https:\\\/\\\/fundacioncomillas.es\\\/zh-hans\\\/2022\\\/09\\\/15\\\/la-fundacion-comillas-coordinara-un-programa-internacional-de-innovacion-educativa-para-la-inclusion-equidad-y-sostenibilidad\\\/#primaryimage\"},\"thumbnailUrl\":\"https:\\\/\\\/fundacioncomillas.es\\\/wp-content\\\/uploads\\\/2022\\\/09\\\/jardines2.png\",\"datePublished\":\"2022-09-15T07:39:41+00:00\",\"dateModified\":\"2023-04-13T10:24:43+00:00\",\"description\":\"El objetivo del proyecto\u00a0\u2018Ventana ADELANTE 2022\u2019,\u00a0es el de contribuir a promover un cambio en la metodolog\u00eda tradicional de la formaci\u00f3n con innovaci\u00f3n educativa\",\"breadcrumb\":{\"@id\":\"https:\\\/\\\/fundacioncomillas.es\\\/zh-hans\\\/2022\\\/09\\\/15\\\/la-fundacion-comillas-coordinara-un-programa-internacional-de-innovacion-educativa-para-la-inclusion-equidad-y-sostenibilidad\\\/#breadcrumb\"},\"inLanguage\":\"zh-Hans\",\"potentialAction\":[{\"@type\":\"ReadAction\",\"target\":[\"https:\\\/\\\/fundacioncomillas.es\\\/zh-hans\\\/2022\\\/09\\\/15\\\/la-fundacion-comillas-coordinara-un-programa-internacional-de-innovacion-educativa-para-la-inclusion-equidad-y-sostenibilidad\\\/\"]}]},{\"@type\":\"ImageObject\",\"inLanguage\":\"zh-Hans\",\"@id\":\"https:\\\/\\\/fundacioncomillas.es\\\/zh-hans\\\/2022\\\/09\\\/15\\\/la-fundacion-comillas-coordinara-un-programa-internacional-de-innovacion-educativa-para-la-inclusion-equidad-y-sostenibilidad\\\/#primaryimage\",\"url\":\"https:\\\/\\\/fundacioncomillas.es\\\/wp-content\\\/uploads\\\/2022\\\/09\\\/jardines2.png\",\"contentUrl\":\"https:\\\/\\\/fundacioncomillas.es\\\/wp-content\\\/uploads\\\/2022\\\/09\\\/jardines2.png\",\"width\":795,\"height\":528,\"caption\":\"innovaci\u00f3n educativa en Fundaci\u00f3n Comillas\"},{\"@type\":\"BreadcrumbList\",\"@id\":\"https:\\\/\\\/fundacioncomillas.es\\\/zh-hans\\\/2022\\\/09\\\/15\\\/la-fundacion-comillas-coordinara-un-programa-internacional-de-innovacion-educativa-para-la-inclusion-equidad-y-sostenibilidad\\\/#breadcrumb\",\"itemListElement\":[{\"@type\":\"ListItem\",\"position\":1,\"name\":\"Portada\",\"item\":\"https:\\\/\\\/fundacioncomillas.es\\\/zh-hans\\\/\"},{\"@type\":\"ListItem\",\"position\":2,\"name\":\"La Fundaci\u00f3n Comillas coordinar\u00e1 un programa internacional de innovaci\u00f3n educativa para la inclusi\u00f3n, equidad y sostenibilidad\"}]},{\"@type\":\"WebSite\",\"@id\":\"https:\\\/\\\/fundacioncomillas.es\\\/zh-hans\\\/#website\",\"url\":\"https:\\\/\\\/fundacioncomillas.es\\\/zh-hans\\\/\",\"name\":\"Fundaci\u00f3n Comillas\",\"description\":\"La Fundaci\u00f3n Comillas del Espa\u00f1ol y la Cultura Hisp\u00e1nica\",\"publisher\":{\"@id\":\"https:\\\/\\\/fundacioncomillas.es\\\/zh-hans\\\/#organization\"},\"potentialAction\":[{\"@type\":\"SearchAction\",\"target\":{\"@type\":\"EntryPoint\",\"urlTemplate\":\"https:\\\/\\\/fundacioncomillas.es\\\/zh-hans\\\/?s={search_term_string}\"},\"query-input\":{\"@type\":\"PropertyValueSpecification\",\"valueRequired\":true,\"valueName\":\"search_term_string\"}}],\"inLanguage\":\"zh-Hans\"},{\"@type\":\"Organization\",\"@id\":\"https:\\\/\\\/fundacioncomillas.es\\\/zh-hans\\\/#organization\",\"name\":\"Fundaci\u00f3n Comillas\",\"alternateName\":\"Fundaci\u00f3n Comillas - CIESE\",\"url\":\"https:\\\/\\\/fundacioncomillas.es\\\/zh-hans\\\/\",\"logo\":{\"@type\":\"ImageObject\",\"inLanguage\":\"zh-Hans\",\"@id\":\"https:\\\/\\\/fundacioncomillas.es\\\/zh-hans\\\/#\\\/schema\\\/logo\\\/image\\\/\",\"url\":\"https:\\\/\\\/fundacioncomillas.es\\\/wp-content\\\/uploads\\\/2023\\\/04\\\/logo-fundacion-comillas-.png\",\"contentUrl\":\"https:\\\/\\\/fundacioncomillas.es\\\/wp-content\\\/uploads\\\/2023\\\/04\\\/logo-fundacion-comillas-.png\",\"width\":548,\"height\":536,\"caption\":\"Fundaci\u00f3n Comillas\"},\"image\":{\"@id\":\"https:\\\/\\\/fundacioncomillas.es\\\/zh-hans\\\/#\\\/schema\\\/logo\\\/image\\\/\"},\"sameAs\":[\"https:\\\/\\\/www.facebook.com\\\/ciese.comillas\",\"https:\\\/\\\/x.com\\\/CIESEComillas\",\"https:\\\/\\\/www.instagram.com\\\/uniciesecomillas\\\/\",\"https:\\\/\\\/www.linkedin.com\\\/company\\\/fundacion-comillas\\\/\",\"https:\\\/\\\/www.youtube.com\\\/user\\\/fundacioncomillas\",\"https:\\\/\\\/twitter.com\\\/FundComillas\",\"https:\\\/\\\/www.linkedin.com\\\/company\\\/1533960\\\/admin\\\/\"]},{\"@type\":\"Person\",\"@id\":\"https:\\\/\\\/fundacioncomillas.es\\\/zh-hans\\\/#\\\/schema\\\/person\\\/3cdde58ad1a78de54c94309e39ec81cb\",\"name\":\"fundacion\",\"url\":\"https:\\\/\\\/fundacioncomillas.es\\\/zh-hans\\\/author\\\/fundacion\\\/\"}]}<\/script>\n<!-- \/ Yoast SEO plugin. -->","yoast_head_json":{"title":"La Fundaci\u00f3n Comillas coordinar\u00e1 un programa internacional de innovaci\u00f3n educativa para la inclusi\u00f3n, equidad y sostenibilidad - Fundaci\u00f3n Comillas","description":"El objetivo del proyecto\u00a0\u2018Ventana ADELANTE 2022\u2019,\u00a0es el de contribuir a promover un cambio en la metodolog\u00eda tradicional de la formaci\u00f3n con innovaci\u00f3n educativa","robots":{"index":"index","follow":"follow","max-snippet":"max-snippet:-1","max-image-preview":"max-image-preview:large","max-video-preview":"max-video-preview:-1"},"canonical":"https:\/\/fundacioncomillas.es\/zh-hans\/2022\/09\/15\/la-fundacion-comillas-coordinara-un-programa-internacional-de-innovacion-educativa-para-la-inclusion-equidad-y-sostenibilidad\/","og_locale":"zh_CN","og_type":"article","og_title":"La Fundaci\u00f3n Comillas coordinar\u00e1 un programa internacional de innovaci\u00f3n educativa para la inclusi\u00f3n, equidad y sostenibilidad - Fundaci\u00f3n Comillas","og_description":"El objetivo del proyecto\u00a0\u2018Ventana ADELANTE 2022\u2019,\u00a0es el de contribuir a promover un cambio en la metodolog\u00eda tradicional de la formaci\u00f3n con innovaci\u00f3n educativa","og_url":"https:\/\/fundacioncomillas.es\/zh-hans\/2022\/09\/15\/la-fundacion-comillas-coordinara-un-programa-internacional-de-innovacion-educativa-para-la-inclusion-equidad-y-sostenibilidad\/","og_site_name":"Fundaci\u00f3n Comillas","article_publisher":"https:\/\/www.facebook.com\/ciese.comillas","article_published_time":"2022-09-15T07:39:41+00:00","article_modified_time":"2023-04-13T10:24:43+00:00","og_image":[{"width":795,"height":528,"url":"https:\/\/fundacioncomillas.es\/wp-content\/uploads\/2022\/09\/jardines2.png","type":"image\/png"}],"author":"fundacion","twitter_card":"summary_large_image","twitter_creator":"@CIESEComillas","twitter_site":"@CIESEComillas","twitter_misc":{"\u4f5c\u8005":"fundacion","\u9884\u8ba1\u9605\u8bfb\u65f6\u95f4":"3 \u5206"},"schema":{"@context":"https:\/\/schema.org","@graph":[{"@type":"Article","@id":"https:\/\/fundacioncomillas.es\/zh-hans\/2022\/09\/15\/la-fundacion-comillas-coordinara-un-programa-internacional-de-innovacion-educativa-para-la-inclusion-equidad-y-sostenibilidad\/#article","isPartOf":{"@id":"https:\/\/fundacioncomillas.es\/zh-hans\/2022\/09\/15\/la-fundacion-comillas-coordinara-un-programa-internacional-de-innovacion-educativa-para-la-inclusion-equidad-y-sostenibilidad\/"},"author":{"name":"fundacion","@id":"https:\/\/fundacioncomillas.es\/zh-hans\/#\/schema\/person\/3cdde58ad1a78de54c94309e39ec81cb"},"headline":"La Fundaci\u00f3n Comillas coordinar\u00e1 un programa internacional de innovaci\u00f3n educativa para la inclusi\u00f3n, equidad y sostenibilidad","datePublished":"2022-09-15T07:39:41+00:00","dateModified":"2023-04-13T10:24:43+00:00","mainEntityOfPage":{"@id":"https:\/\/fundacioncomillas.es\/zh-hans\/2022\/09\/15\/la-fundacion-comillas-coordinara-un-programa-internacional-de-innovacion-educativa-para-la-inclusion-equidad-y-sostenibilidad\/"},"wordCount":765,"publisher":{"@id":"https:\/\/fundacioncomillas.es\/zh-hans\/#organization"},"image":{"@id":"https:\/\/fundacioncomillas.es\/zh-hans\/2022\/09\/15\/la-fundacion-comillas-coordinara-un-programa-internacional-de-innovacion-educativa-para-la-inclusion-equidad-y-sostenibilidad\/#primaryimage"},"thumbnailUrl":"https:\/\/fundacioncomillas.es\/wp-content\/uploads\/2022\/09\/jardines2.png","keywords":["agenda 2030","cooperaci\u00f3n","innovaci\u00f3n"],"articleSection":["CULTURA","FUNDACI\u00d3N"],"inLanguage":"zh-Hans"},{"@type":"WebPage","@id":"https:\/\/fundacioncomillas.es\/zh-hans\/2022\/09\/15\/la-fundacion-comillas-coordinara-un-programa-internacional-de-innovacion-educativa-para-la-inclusion-equidad-y-sostenibilidad\/","url":"https:\/\/fundacioncomillas.es\/zh-hans\/2022\/09\/15\/la-fundacion-comillas-coordinara-un-programa-internacional-de-innovacion-educativa-para-la-inclusion-equidad-y-sostenibilidad\/","name":"La Fundaci\u00f3n Comillas coordinar\u00e1 un programa internacional de innovaci\u00f3n educativa para la inclusi\u00f3n, equidad y sostenibilidad - Fundaci\u00f3n Comillas","isPartOf":{"@id":"https:\/\/fundacioncomillas.es\/zh-hans\/#website"},"primaryImageOfPage":{"@id":"https:\/\/fundacioncomillas.es\/zh-hans\/2022\/09\/15\/la-fundacion-comillas-coordinara-un-programa-internacional-de-innovacion-educativa-para-la-inclusion-equidad-y-sostenibilidad\/#primaryimage"},"image":{"@id":"https:\/\/fundacioncomillas.es\/zh-hans\/2022\/09\/15\/la-fundacion-comillas-coordinara-un-programa-internacional-de-innovacion-educativa-para-la-inclusion-equidad-y-sostenibilidad\/#primaryimage"},"thumbnailUrl":"https:\/\/fundacioncomillas.es\/wp-content\/uploads\/2022\/09\/jardines2.png","datePublished":"2022-09-15T07:39:41+00:00","dateModified":"2023-04-13T10:24:43+00:00","description":"El objetivo del proyecto\u00a0\u2018Ventana ADELANTE 2022\u2019,\u00a0es el de contribuir a promover un cambio en la metodolog\u00eda tradicional de la formaci\u00f3n con innovaci\u00f3n educativa","breadcrumb":{"@id":"https:\/\/fundacioncomillas.es\/zh-hans\/2022\/09\/15\/la-fundacion-comillas-coordinara-un-programa-internacional-de-innovacion-educativa-para-la-inclusion-equidad-y-sostenibilidad\/#breadcrumb"},"inLanguage":"zh-Hans","potentialAction":[{"@type":"ReadAction","target":["https:\/\/fundacioncomillas.es\/zh-hans\/2022\/09\/15\/la-fundacion-comillas-coordinara-un-programa-internacional-de-innovacion-educativa-para-la-inclusion-equidad-y-sostenibilidad\/"]}]},{"@type":"ImageObject","inLanguage":"zh-Hans","@id":"https:\/\/fundacioncomillas.es\/zh-hans\/2022\/09\/15\/la-fundacion-comillas-coordinara-un-programa-internacional-de-innovacion-educativa-para-la-inclusion-equidad-y-sostenibilidad\/#primaryimage","url":"https:\/\/fundacioncomillas.es\/wp-content\/uploads\/2022\/09\/jardines2.png","contentUrl":"https:\/\/fundacioncomillas.es\/wp-content\/uploads\/2022\/09\/jardines2.png","width":795,"height":528,"caption":"innovaci\u00f3n educativa en Fundaci\u00f3n Comillas"},{"@type":"BreadcrumbList","@id":"https:\/\/fundacioncomillas.es\/zh-hans\/2022\/09\/15\/la-fundacion-comillas-coordinara-un-programa-internacional-de-innovacion-educativa-para-la-inclusion-equidad-y-sostenibilidad\/#breadcrumb","itemListElement":[{"@type":"ListItem","position":1,"name":"Portada","item":"https:\/\/fundacioncomillas.es\/zh-hans\/"},{"@type":"ListItem","position":2,"name":"La Fundaci\u00f3n Comillas coordinar\u00e1 un programa internacional de innovaci\u00f3n educativa para la inclusi\u00f3n, equidad y sostenibilidad"}]},{"@type":"WebSite","@id":"https:\/\/fundacioncomillas.es\/zh-hans\/#website","url":"https:\/\/fundacioncomillas.es\/zh-hans\/","name":"Fundaci\u00f3n Comillas","description":"La Fundaci\u00f3n Comillas del Espa\u00f1ol y la Cultura Hisp\u00e1nica","publisher":{"@id":"https:\/\/fundacioncomillas.es\/zh-hans\/#organization"},"potentialAction":[{"@type":"SearchAction","target":{"@type":"EntryPoint","urlTemplate":"https:\/\/fundacioncomillas.es\/zh-hans\/?s={search_term_string}"},"query-input":{"@type":"PropertyValueSpecification","valueRequired":true,"valueName":"search_term_string"}}],"inLanguage":"zh-Hans"},{"@type":"Organization","@id":"https:\/\/fundacioncomillas.es\/zh-hans\/#organization","name":"Fundaci\u00f3n Comillas","alternateName":"Fundaci\u00f3n Comillas - CIESE","url":"https:\/\/fundacioncomillas.es\/zh-hans\/","logo":{"@type":"ImageObject","inLanguage":"zh-Hans","@id":"https:\/\/fundacioncomillas.es\/zh-hans\/#\/schema\/logo\/image\/","url":"https:\/\/fundacioncomillas.es\/wp-content\/uploads\/2023\/04\/logo-fundacion-comillas-.png","contentUrl":"https:\/\/fundacioncomillas.es\/wp-content\/uploads\/2023\/04\/logo-fundacion-comillas-.png","width":548,"height":536,"caption":"Fundaci\u00f3n Comillas"},"image":{"@id":"https:\/\/fundacioncomillas.es\/zh-hans\/#\/schema\/logo\/image\/"},"sameAs":["https:\/\/www.facebook.com\/ciese.comillas","https:\/\/x.com\/CIESEComillas","https:\/\/www.instagram.com\/uniciesecomillas\/","https:\/\/www.linkedin.com\/company\/fundacion-comillas\/","https:\/\/www.youtube.com\/user\/fundacioncomillas","https:\/\/twitter.com\/FundComillas","https:\/\/www.linkedin.com\/company\/1533960\/admin\/"]},{"@type":"Person","@id":"https:\/\/fundacioncomillas.es\/zh-hans\/#\/schema\/person\/3cdde58ad1a78de54c94309e39ec81cb","name":"fundacion","url":"https:\/\/fundacioncomillas.es\/zh-hans\/author\/fundacion\/"}]}},"_links":{"self":[{"href":"https:\/\/fundacioncomillas.es\/zh-hans\/wp-json\/wp\/v2\/posts\/4311","targetHints":{"allow":["GET"]}}],"collection":[{"href":"https:\/\/fundacioncomillas.es\/zh-hans\/wp-json\/wp\/v2\/posts"}],"about":[{"href":"https:\/\/fundacioncomillas.es\/zh-hans\/wp-json\/wp\/v2\/types\/post"}],"author":[{"embeddable":true,"href":"https:\/\/fundacioncomillas.es\/zh-hans\/wp-json\/wp\/v2\/users\/3"}],"replies":[{"embeddable":true,"href":"https:\/\/fundacioncomillas.es\/zh-hans\/wp-json\/wp\/v2\/comments?post=4311"}],"version-history":[{"count":5,"href":"https:\/\/fundacioncomillas.es\/zh-hans\/wp-json\/wp\/v2\/posts\/4311\/revisions"}],"predecessor-version":[{"id":7636,"href":"https:\/\/fundacioncomillas.es\/zh-hans\/wp-json\/wp\/v2\/posts\/4311\/revisions\/7636"}],"wp:featuredmedia":[{"embeddable":true,"href":"https:\/\/fundacioncomillas.es\/zh-hans\/wp-json\/wp\/v2\/media\/4313"}],"wp:attachment":[{"href":"https:\/\/fundacioncomillas.es\/zh-hans\/wp-json\/wp\/v2\/media?parent=4311"}],"wp:term":[{"taxonomy":"category","embeddable":true,"href":"https:\/\/fundacioncomillas.es\/zh-hans\/wp-json\/wp\/v2\/categories?post=4311"},{"taxonomy":"post_tag","embeddable":true,"href":"https:\/\/fundacioncomillas.es\/zh-hans\/wp-json\/wp\/v2\/tags?post=4311"}],"curies":[{"name":"wp","href":"https:\/\/api.w.org\/{rel}","templated":true}]}}