{"id":25919,"date":"2026-04-30T13:03:24","date_gmt":"2026-04-30T11:03:24","guid":{"rendered":"https:\/\/fundacioncomillas.es\/?p=25919"},"modified":"2026-04-30T13:27:38","modified_gmt":"2026-04-30T11:27:38","slug":"presentacion-casilla-vacia-la-nueva-novela-del-escritor-santiago-mazarrasa","status":"publish","type":"post","link":"https:\/\/fundacioncomillas.es\/zh-hans\/2026\/04\/30\/presentacion-casilla-vacia-la-nueva-novela-del-escritor-santiago-mazarrasa\/","title":{"rendered":"La Fundaci\u00f3n Comillas acoge la presentaci\u00f3n de \u2018Casilla vac\u00eda\u2019, la nueva novela del escritor Santiago Mazarrasa"},"content":{"rendered":"<p style=\"text-align: justify;\">La Fundaci\u00f3n Comillas acoger\u00e1 el pr\u00f3ximo lunes 4 de mayo, a las 18:00 horas, la presentaci\u00f3n de <em>Casilla vac\u00eda<\/em>, la \u00faltima novela del <strong>escritor Santiago Mazarrasa.<\/strong> El acto, abierto a todos los p\u00fablicos, permitir\u00e1 a los asistentes conocer de primera mano los detalles de una obra marcada por la ausencia y la incertidumbre.<\/p>\n<p style=\"text-align: justify;\"><em>Casilla vac\u00eda<\/em> es la tercera novela de Mazarrasa, y llega como una <strong>propuesta ambiciosa y madura<\/strong> que confirma su voz dentro del panorama literario actual. A medio camino entre la novela generacional y la f\u00e1bula existencialista, la historia explora el desencanto, el absurdo cotidiano y la lucha por seguir adelante pese a todo.<\/p>\n<h2><strong>UNA AUSENCIA INESPERADA<\/strong><\/h2>\n<p style=\"text-align: justify;\">La trama arranca con una <strong>escena aparentemente sencilla:<\/strong> cuatro amigos que se re\u00fanen, como cada domingo, para pescar en el lugar donde crecieron. Pero ese d\u00eda algo falla. No hay peces, y entre bromas cargadas de amargura, humo y latas de cerveza, la conversaci\u00f3n deriva hacia quienes ya no est\u00e1n: los que se fueron lejos, los que buscaron otra vida\u2026 y los que huyeron. La jornada termina de forma tr\u00e1gica, cuando uno de ellos conduce demasiado r\u00e1pido bajo la lluvia y no regresa.<\/p>\n<p style=\"text-align: justify;\">A partir de ah\u00ed, la novela se despliega <strong>entre el mar de Santander y las noches de Berl\u00edn<\/strong>, entre la rutina gris de la oficina y el espejismo de las drogas recreativas. Los que quedan deber\u00e1n enfrentarse a una existencia precaria y a una ausencia que los atraviesa, intentando entender \u2014o al menos soportar\u2014 el vac\u00edo que deja. Mazarrasa levanta una novela sofisticada, un caleidoscopio que representa a toda una generaci\u00f3n marcada por la desilusi\u00f3n, la p\u00e9rdida y la b\u00fasqueda de sentido.<\/p>\n<h3><strong>SANTIAGO MAZARRASA<\/strong><\/h3>\n<p style=\"text-align: justify;\"><img decoding=\"async\" class=\"wp-image-25924 size-medium alignleft\" src=\"https:\/\/fundacioncomillas.es\/wp-content\/uploads\/2026\/04\/casilla-vacia-santiago-mazarrasa-fc-cartel-212x300.jpg\" alt=\"Casilla Vac\u00eda de Santiago Mazarrasa \" width=\"212\" height=\"300\" srcset=\"https:\/\/fundacioncomillas.es\/wp-content\/uploads\/2026\/04\/casilla-vacia-santiago-mazarrasa-fc-cartel-200x283.jpg 200w, https:\/\/fundacioncomillas.es\/wp-content\/uploads\/2026\/04\/casilla-vacia-santiago-mazarrasa-fc-cartel-212x300.jpg 212w, https:\/\/fundacioncomillas.es\/wp-content\/uploads\/2026\/04\/casilla-vacia-santiago-mazarrasa-fc-cartel-385x545.jpg 385w, https:\/\/fundacioncomillas.es\/wp-content\/uploads\/2026\/04\/casilla-vacia-santiago-mazarrasa-fc-cartel-400x566.jpg 400w, https:\/\/fundacioncomillas.es\/wp-content\/uploads\/2026\/04\/casilla-vacia-santiago-mazarrasa-fc-cartel-600x849.jpg 600w, https:\/\/fundacioncomillas.es\/wp-content\/uploads\/2026\/04\/casilla-vacia-santiago-mazarrasa-fc-cartel-724x1024.jpg 724w, https:\/\/fundacioncomillas.es\/wp-content\/uploads\/2026\/04\/casilla-vacia-santiago-mazarrasa-fc-cartel-768x1086.jpg 768w, https:\/\/fundacioncomillas.es\/wp-content\/uploads\/2026\/04\/casilla-vacia-santiago-mazarrasa-fc-cartel-800x1132.jpg 800w, https:\/\/fundacioncomillas.es\/wp-content\/uploads\/2026\/04\/casilla-vacia-santiago-mazarrasa-fc-cartel.jpg 1018w\" sizes=\"(max-width: 212px) 100vw, 212px\" \/>Nacido en Santander en 1988, Mazarrasa, es <strong>licenciado en Filosof\u00eda<\/strong> y cuenta con un m\u00e1ster en Pensamiento Contempor\u00e1neo. Ha vivido en Madrid y Berl\u00edn, donde trabaj\u00f3 en distintos \u00e1mbitos \u2014desde la edici\u00f3n de fanzines hasta la cocina\u2014, antes de regresar a su ciudad natal. Actualmente dirige la <a href=\"https:\/\/www.instagram.com\/revista.mule\/\" target=\"_blank\" rel=\"noopener\">revista literaria <em>MULE<\/em><\/a> y contin\u00faa desarrollando su trayectoria como escritor. Es autor de <em>El aspirante<\/em> (2021) y <em>Can\u00edbal sin dientes<\/em> (2023), adem\u00e1s de la obra teatral <em>Reflector en sombra<\/em>, publicada posteriormente como <em>Poeta intrascendente<\/em> (2025).<\/p>\n<p style=\"text-align: justify;\">La<strong> entrada es libre<\/strong> hasta completar aforo. Para una mejor organizaci\u00f3n se ruega confirmar asistencia en <a href=\"mailto:biblioteca@fundacioncomillas.es\">biblioteca@fundacioncomillas.es<\/a>.<\/p>\n<p style=\"text-align: justify;\"><strong>FUNDACI\u00d3N COMILLAS<\/strong><\/p>\n<p style=\"text-align: justify;\">La Fundaci\u00f3n Comillas nace con la vocaci\u00f3n de convertirse en una instituci\u00f3n de referencia internacional en la formaci\u00f3n, investigaci\u00f3n y difusi\u00f3n de la lengua espa\u00f1ola y la cultura hisp\u00e1nica.<\/p>\n<p style=\"text-align: justify;\">Entre los objetivos estrat\u00e9gicos de esta instituci\u00f3n est\u00e1 el desarrollo territorial, econ\u00f3mico y cultural de Cantabria, la investigaci\u00f3n e innovaci\u00f3n en espa\u00f1ol, as\u00ed como la ense\u00f1anza de este en su Centro de Estudios de Estudios Superiores del Espa\u00f1ol (CIESE), en donde se puede estudiar el Grado en Estudios Hisp\u00e1nicos y el M\u00e1ster en ELE, adem\u00e1s de otros cursos y programas de posgrado relacionados con el espa\u00f1ol.<\/p>\n","protected":false},"excerpt":{"rendered":"<p>El autor compartir\u00e1 con los asistentes los detalles de esta historia que retrata a toda una generaci\u00f3n marcada por la desilusi\u00f3n, la p\u00e9rdida y la b\u00fasqueda de sentido.<\/p>\n","protected":false},"author":3,"featured_media":25920,"comment_status":"closed","ping_status":"closed","sticky":false,"template":"","format":"standard","meta":{"_acf_changed":false,"om_disable_all_campaigns":false,"_monsterinsights_skip_tracking":false,"_monsterinsights_sitenote_active":false,"_monsterinsights_sitenote_note":"","_monsterinsights_sitenote_category":0,"_uf_show_specific_survey":0,"_uf_disable_surveys":false,"footnotes":"","_links_to":"","_links_to_target":""},"categories":[40,41],"tags":[979,95,984],"class_list":["post-25919","post","type-post","status-publish","format-standard","has-post-thumbnail","hentry","category-cultura","category-fundacion","tag-casilla-vacia","tag-fundacion-comillas","tag-santiago-mazarrasa"],"acf":[],"yoast_head":"<!-- This site is optimized with the Yoast SEO plugin v27.4 - https:\/\/yoast.com\/product\/yoast-seo-wordpress\/ -->\n<title>Presentaci\u00f3n del libro &#039;Casilla vac\u00eda&#039; de Santiago Mazarrasa<\/title>\n<meta name=\"description\" content=\"La Fundaci\u00f3n Comillas acoge la presentaci\u00f3n de \u2018Casilla vac\u00eda\u2019, la nueva novela del escritor Santiago Mazarrasa.\" \/>\n<meta name=\"robots\" content=\"index, follow, max-snippet:-1, max-image-preview:large, max-video-preview:-1\" \/>\n<link rel=\"canonical\" href=\"https:\/\/fundacioncomillas.es\/zh-hans\/2026\/04\/30\/presentacion-casilla-vacia-la-nueva-novela-del-escritor-santiago-mazarrasa\/\" \/>\n<meta property=\"og:locale\" content=\"zh_CN\" \/>\n<meta property=\"og:type\" content=\"article\" \/>\n<meta property=\"og:title\" content=\"Presentaci\u00f3n del libro &#039;Casilla vac\u00eda&#039; de Santiago Mazarrasa\" \/>\n<meta property=\"og:description\" content=\"La Fundaci\u00f3n Comillas acoge la presentaci\u00f3n de \u2018Casilla vac\u00eda\u2019, la nueva novela del escritor Santiago Mazarrasa.\" \/>\n<meta property=\"og:url\" content=\"https:\/\/fundacioncomillas.es\/zh-hans\/2026\/04\/30\/presentacion-casilla-vacia-la-nueva-novela-del-escritor-santiago-mazarrasa\/\" \/>\n<meta property=\"og:site_name\" content=\"Fundaci\u00f3n Comillas\" \/>\n<meta property=\"article:publisher\" content=\"https:\/\/www.facebook.com\/ciese.comillas\" \/>\n<meta property=\"article:published_time\" content=\"2026-04-30T11:03:24+00:00\" \/>\n<meta property=\"article:modified_time\" content=\"2026-04-30T11:27:38+00:00\" \/>\n<meta property=\"og:image\" content=\"https:\/\/fundacioncomillas.es\/wp-content\/uploads\/2026\/04\/santiago-mazarrasa-fundacion-comillas.webp\" \/>\n\t<meta property=\"og:image:width\" content=\"800\" \/>\n\t<meta property=\"og:image:height\" content=\"600\" \/>\n\t<meta property=\"og:image:type\" content=\"image\/webp\" \/>\n<meta name=\"author\" content=\"fundacion\" \/>\n<meta name=\"twitter:card\" content=\"summary_large_image\" \/>\n<meta name=\"twitter:creator\" content=\"@CIESEComillas\" \/>\n<meta name=\"twitter:site\" content=\"@CIESEComillas\" \/>\n<meta name=\"twitter:label1\" content=\"\u4f5c\u8005\" \/>\n\t<meta name=\"twitter:data1\" content=\"fundacion\" \/>\n\t<meta name=\"twitter:label2\" content=\"\u9884\u8ba1\u9605\u8bfb\u65f6\u95f4\" \/>\n\t<meta name=\"twitter:data2\" content=\"3 \u5206\" \/>\n<script type=\"application\/ld+json\" class=\"yoast-schema-graph\">{\"@context\":\"https:\\\/\\\/schema.org\",\"@graph\":[{\"@type\":\"Article\",\"@id\":\"https:\\\/\\\/fundacioncomillas.es\\\/zh-hans\\\/2026\\\/04\\\/30\\\/presentacion-casilla-vacia-la-nueva-novela-del-escritor-santiago-mazarrasa\\\/#article\",\"isPartOf\":{\"@id\":\"https:\\\/\\\/fundacioncomillas.es\\\/zh-hans\\\/2026\\\/04\\\/30\\\/presentacion-casilla-vacia-la-nueva-novela-del-escritor-santiago-mazarrasa\\\/\"},\"author\":{\"name\":\"fundacion\",\"@id\":\"https:\\\/\\\/fundacioncomillas.es\\\/zh-hans\\\/#\\\/schema\\\/person\\\/3cdde58ad1a78de54c94309e39ec81cb\"},\"headline\":\"La Fundaci\u00f3n Comillas acoge la presentaci\u00f3n de \u2018Casilla vac\u00eda\u2019, la nueva novela del escritor Santiago Mazarrasa\",\"datePublished\":\"2026-04-30T11:03:24+00:00\",\"dateModified\":\"2026-04-30T11:27:38+00:00\",\"mainEntityOfPage\":{\"@id\":\"https:\\\/\\\/fundacioncomillas.es\\\/zh-hans\\\/2026\\\/04\\\/30\\\/presentacion-casilla-vacia-la-nueva-novela-del-escritor-santiago-mazarrasa\\\/\"},\"wordCount\":537,\"publisher\":{\"@id\":\"https:\\\/\\\/fundacioncomillas.es\\\/zh-hans\\\/#organization\"},\"image\":{\"@id\":\"https:\\\/\\\/fundacioncomillas.es\\\/zh-hans\\\/2026\\\/04\\\/30\\\/presentacion-casilla-vacia-la-nueva-novela-del-escritor-santiago-mazarrasa\\\/#primaryimage\"},\"thumbnailUrl\":\"https:\\\/\\\/fundacioncomillas.es\\\/wp-content\\\/uploads\\\/2026\\\/04\\\/santiago-mazarrasa-fundacion-comillas.webp\",\"keywords\":[\"Casilla Vac\u00eda\",\"fundaci\u00f3n comillas\",\"Santiago Mazarrasa\"],\"articleSection\":[\"CULTURA\",\"FUNDACI\u00d3N\"],\"inLanguage\":\"zh-Hans\"},{\"@type\":\"WebPage\",\"@id\":\"https:\\\/\\\/fundacioncomillas.es\\\/zh-hans\\\/2026\\\/04\\\/30\\\/presentacion-casilla-vacia-la-nueva-novela-del-escritor-santiago-mazarrasa\\\/\",\"url\":\"https:\\\/\\\/fundacioncomillas.es\\\/zh-hans\\\/2026\\\/04\\\/30\\\/presentacion-casilla-vacia-la-nueva-novela-del-escritor-santiago-mazarrasa\\\/\",\"name\":\"Presentaci\u00f3n del libro 'Casilla vac\u00eda' de Santiago Mazarrasa\",\"isPartOf\":{\"@id\":\"https:\\\/\\\/fundacioncomillas.es\\\/zh-hans\\\/#website\"},\"primaryImageOfPage\":{\"@id\":\"https:\\\/\\\/fundacioncomillas.es\\\/zh-hans\\\/2026\\\/04\\\/30\\\/presentacion-casilla-vacia-la-nueva-novela-del-escritor-santiago-mazarrasa\\\/#primaryimage\"},\"image\":{\"@id\":\"https:\\\/\\\/fundacioncomillas.es\\\/zh-hans\\\/2026\\\/04\\\/30\\\/presentacion-casilla-vacia-la-nueva-novela-del-escritor-santiago-mazarrasa\\\/#primaryimage\"},\"thumbnailUrl\":\"https:\\\/\\\/fundacioncomillas.es\\\/wp-content\\\/uploads\\\/2026\\\/04\\\/santiago-mazarrasa-fundacion-comillas.webp\",\"datePublished\":\"2026-04-30T11:03:24+00:00\",\"dateModified\":\"2026-04-30T11:27:38+00:00\",\"description\":\"La Fundaci\u00f3n Comillas acoge la presentaci\u00f3n de \u2018Casilla vac\u00eda\u2019, la nueva novela del escritor Santiago Mazarrasa.\",\"breadcrumb\":{\"@id\":\"https:\\\/\\\/fundacioncomillas.es\\\/zh-hans\\\/2026\\\/04\\\/30\\\/presentacion-casilla-vacia-la-nueva-novela-del-escritor-santiago-mazarrasa\\\/#breadcrumb\"},\"inLanguage\":\"zh-Hans\",\"potentialAction\":[{\"@type\":\"ReadAction\",\"target\":[\"https:\\\/\\\/fundacioncomillas.es\\\/zh-hans\\\/2026\\\/04\\\/30\\\/presentacion-casilla-vacia-la-nueva-novela-del-escritor-santiago-mazarrasa\\\/\"]}]},{\"@type\":\"ImageObject\",\"inLanguage\":\"zh-Hans\",\"@id\":\"https:\\\/\\\/fundacioncomillas.es\\\/zh-hans\\\/2026\\\/04\\\/30\\\/presentacion-casilla-vacia-la-nueva-novela-del-escritor-santiago-mazarrasa\\\/#primaryimage\",\"url\":\"https:\\\/\\\/fundacioncomillas.es\\\/wp-content\\\/uploads\\\/2026\\\/04\\\/santiago-mazarrasa-fundacion-comillas.webp\",\"contentUrl\":\"https:\\\/\\\/fundacioncomillas.es\\\/wp-content\\\/uploads\\\/2026\\\/04\\\/santiago-mazarrasa-fundacion-comillas.webp\",\"width\":800,\"height\":600,\"caption\":\"Santiago Mazarrasa\"},{\"@type\":\"BreadcrumbList\",\"@id\":\"https:\\\/\\\/fundacioncomillas.es\\\/zh-hans\\\/2026\\\/04\\\/30\\\/presentacion-casilla-vacia-la-nueva-novela-del-escritor-santiago-mazarrasa\\\/#breadcrumb\",\"itemListElement\":[{\"@type\":\"ListItem\",\"position\":1,\"name\":\"Portada\",\"item\":\"https:\\\/\\\/fundacioncomillas.es\\\/zh-hans\\\/\"},{\"@type\":\"ListItem\",\"position\":2,\"name\":\"La Fundaci\u00f3n Comillas acoge la presentaci\u00f3n de \u2018Casilla vac\u00eda\u2019, la nueva novela del escritor Santiago Mazarrasa\"}]},{\"@type\":\"WebSite\",\"@id\":\"https:\\\/\\\/fundacioncomillas.es\\\/zh-hans\\\/#website\",\"url\":\"https:\\\/\\\/fundacioncomillas.es\\\/zh-hans\\\/\",\"name\":\"Fundaci\u00f3n Comillas\",\"description\":\"La Fundaci\u00f3n Comillas del Espa\u00f1ol y la Cultura Hisp\u00e1nica\",\"publisher\":{\"@id\":\"https:\\\/\\\/fundacioncomillas.es\\\/zh-hans\\\/#organization\"},\"potentialAction\":[{\"@type\":\"SearchAction\",\"target\":{\"@type\":\"EntryPoint\",\"urlTemplate\":\"https:\\\/\\\/fundacioncomillas.es\\\/zh-hans\\\/?s={search_term_string}\"},\"query-input\":{\"@type\":\"PropertyValueSpecification\",\"valueRequired\":true,\"valueName\":\"search_term_string\"}}],\"inLanguage\":\"zh-Hans\"},{\"@type\":\"Organization\",\"@id\":\"https:\\\/\\\/fundacioncomillas.es\\\/zh-hans\\\/#organization\",\"name\":\"Fundaci\u00f3n Comillas\",\"alternateName\":\"Fundaci\u00f3n Comillas - CIESE\",\"url\":\"https:\\\/\\\/fundacioncomillas.es\\\/zh-hans\\\/\",\"logo\":{\"@type\":\"ImageObject\",\"inLanguage\":\"zh-Hans\",\"@id\":\"https:\\\/\\\/fundacioncomillas.es\\\/zh-hans\\\/#\\\/schema\\\/logo\\\/image\\\/\",\"url\":\"https:\\\/\\\/fundacioncomillas.es\\\/wp-content\\\/uploads\\\/2023\\\/04\\\/logo-fundacion-comillas-.png\",\"contentUrl\":\"https:\\\/\\\/fundacioncomillas.es\\\/wp-content\\\/uploads\\\/2023\\\/04\\\/logo-fundacion-comillas-.png\",\"width\":548,\"height\":536,\"caption\":\"Fundaci\u00f3n Comillas\"},\"image\":{\"@id\":\"https:\\\/\\\/fundacioncomillas.es\\\/zh-hans\\\/#\\\/schema\\\/logo\\\/image\\\/\"},\"sameAs\":[\"https:\\\/\\\/www.facebook.com\\\/ciese.comillas\",\"https:\\\/\\\/x.com\\\/CIESEComillas\",\"https:\\\/\\\/www.instagram.com\\\/uniciesecomillas\\\/\",\"https:\\\/\\\/www.linkedin.com\\\/company\\\/fundacion-comillas\\\/\",\"https:\\\/\\\/www.youtube.com\\\/user\\\/fundacioncomillas\",\"https:\\\/\\\/twitter.com\\\/FundComillas\",\"https:\\\/\\\/www.linkedin.com\\\/company\\\/1533960\\\/admin\\\/\"]},{\"@type\":\"Person\",\"@id\":\"https:\\\/\\\/fundacioncomillas.es\\\/zh-hans\\\/#\\\/schema\\\/person\\\/3cdde58ad1a78de54c94309e39ec81cb\",\"name\":\"fundacion\",\"url\":\"https:\\\/\\\/fundacioncomillas.es\\\/zh-hans\\\/author\\\/fundacion\\\/\"}]}<\/script>\n<!-- \/ Yoast SEO plugin. -->","yoast_head_json":{"title":"Presentaci\u00f3n del libro 'Casilla vac\u00eda' de Santiago Mazarrasa","description":"La Fundaci\u00f3n Comillas acoge la presentaci\u00f3n de \u2018Casilla vac\u00eda\u2019, la nueva novela del escritor Santiago Mazarrasa.","robots":{"index":"index","follow":"follow","max-snippet":"max-snippet:-1","max-image-preview":"max-image-preview:large","max-video-preview":"max-video-preview:-1"},"canonical":"https:\/\/fundacioncomillas.es\/zh-hans\/2026\/04\/30\/presentacion-casilla-vacia-la-nueva-novela-del-escritor-santiago-mazarrasa\/","og_locale":"zh_CN","og_type":"article","og_title":"Presentaci\u00f3n del libro 'Casilla vac\u00eda' de Santiago Mazarrasa","og_description":"La Fundaci\u00f3n Comillas acoge la presentaci\u00f3n de \u2018Casilla vac\u00eda\u2019, la nueva novela del escritor Santiago Mazarrasa.","og_url":"https:\/\/fundacioncomillas.es\/zh-hans\/2026\/04\/30\/presentacion-casilla-vacia-la-nueva-novela-del-escritor-santiago-mazarrasa\/","og_site_name":"Fundaci\u00f3n Comillas","article_publisher":"https:\/\/www.facebook.com\/ciese.comillas","article_published_time":"2026-04-30T11:03:24+00:00","article_modified_time":"2026-04-30T11:27:38+00:00","og_image":[{"width":800,"height":600,"url":"https:\/\/fundacioncomillas.es\/wp-content\/uploads\/2026\/04\/santiago-mazarrasa-fundacion-comillas.webp","type":"image\/webp"}],"author":"fundacion","twitter_card":"summary_large_image","twitter_creator":"@CIESEComillas","twitter_site":"@CIESEComillas","twitter_misc":{"\u4f5c\u8005":"fundacion","\u9884\u8ba1\u9605\u8bfb\u65f6\u95f4":"3 \u5206"},"schema":{"@context":"https:\/\/schema.org","@graph":[{"@type":"Article","@id":"https:\/\/fundacioncomillas.es\/zh-hans\/2026\/04\/30\/presentacion-casilla-vacia-la-nueva-novela-del-escritor-santiago-mazarrasa\/#article","isPartOf":{"@id":"https:\/\/fundacioncomillas.es\/zh-hans\/2026\/04\/30\/presentacion-casilla-vacia-la-nueva-novela-del-escritor-santiago-mazarrasa\/"},"author":{"name":"fundacion","@id":"https:\/\/fundacioncomillas.es\/zh-hans\/#\/schema\/person\/3cdde58ad1a78de54c94309e39ec81cb"},"headline":"La Fundaci\u00f3n Comillas acoge la presentaci\u00f3n de \u2018Casilla vac\u00eda\u2019, la nueva novela del escritor Santiago Mazarrasa","datePublished":"2026-04-30T11:03:24+00:00","dateModified":"2026-04-30T11:27:38+00:00","mainEntityOfPage":{"@id":"https:\/\/fundacioncomillas.es\/zh-hans\/2026\/04\/30\/presentacion-casilla-vacia-la-nueva-novela-del-escritor-santiago-mazarrasa\/"},"wordCount":537,"publisher":{"@id":"https:\/\/fundacioncomillas.es\/zh-hans\/#organization"},"image":{"@id":"https:\/\/fundacioncomillas.es\/zh-hans\/2026\/04\/30\/presentacion-casilla-vacia-la-nueva-novela-del-escritor-santiago-mazarrasa\/#primaryimage"},"thumbnailUrl":"https:\/\/fundacioncomillas.es\/wp-content\/uploads\/2026\/04\/santiago-mazarrasa-fundacion-comillas.webp","keywords":["Casilla Vac\u00eda","fundaci\u00f3n comillas","Santiago Mazarrasa"],"articleSection":["CULTURA","FUNDACI\u00d3N"],"inLanguage":"zh-Hans"},{"@type":"WebPage","@id":"https:\/\/fundacioncomillas.es\/zh-hans\/2026\/04\/30\/presentacion-casilla-vacia-la-nueva-novela-del-escritor-santiago-mazarrasa\/","url":"https:\/\/fundacioncomillas.es\/zh-hans\/2026\/04\/30\/presentacion-casilla-vacia-la-nueva-novela-del-escritor-santiago-mazarrasa\/","name":"Presentaci\u00f3n del libro 'Casilla vac\u00eda' de Santiago Mazarrasa","isPartOf":{"@id":"https:\/\/fundacioncomillas.es\/zh-hans\/#website"},"primaryImageOfPage":{"@id":"https:\/\/fundacioncomillas.es\/zh-hans\/2026\/04\/30\/presentacion-casilla-vacia-la-nueva-novela-del-escritor-santiago-mazarrasa\/#primaryimage"},"image":{"@id":"https:\/\/fundacioncomillas.es\/zh-hans\/2026\/04\/30\/presentacion-casilla-vacia-la-nueva-novela-del-escritor-santiago-mazarrasa\/#primaryimage"},"thumbnailUrl":"https:\/\/fundacioncomillas.es\/wp-content\/uploads\/2026\/04\/santiago-mazarrasa-fundacion-comillas.webp","datePublished":"2026-04-30T11:03:24+00:00","dateModified":"2026-04-30T11:27:38+00:00","description":"La Fundaci\u00f3n Comillas acoge la presentaci\u00f3n de \u2018Casilla vac\u00eda\u2019, la nueva novela del escritor Santiago Mazarrasa.","breadcrumb":{"@id":"https:\/\/fundacioncomillas.es\/zh-hans\/2026\/04\/30\/presentacion-casilla-vacia-la-nueva-novela-del-escritor-santiago-mazarrasa\/#breadcrumb"},"inLanguage":"zh-Hans","potentialAction":[{"@type":"ReadAction","target":["https:\/\/fundacioncomillas.es\/zh-hans\/2026\/04\/30\/presentacion-casilla-vacia-la-nueva-novela-del-escritor-santiago-mazarrasa\/"]}]},{"@type":"ImageObject","inLanguage":"zh-Hans","@id":"https:\/\/fundacioncomillas.es\/zh-hans\/2026\/04\/30\/presentacion-casilla-vacia-la-nueva-novela-del-escritor-santiago-mazarrasa\/#primaryimage","url":"https:\/\/fundacioncomillas.es\/wp-content\/uploads\/2026\/04\/santiago-mazarrasa-fundacion-comillas.webp","contentUrl":"https:\/\/fundacioncomillas.es\/wp-content\/uploads\/2026\/04\/santiago-mazarrasa-fundacion-comillas.webp","width":800,"height":600,"caption":"Santiago Mazarrasa"},{"@type":"BreadcrumbList","@id":"https:\/\/fundacioncomillas.es\/zh-hans\/2026\/04\/30\/presentacion-casilla-vacia-la-nueva-novela-del-escritor-santiago-mazarrasa\/#breadcrumb","itemListElement":[{"@type":"ListItem","position":1,"name":"Portada","item":"https:\/\/fundacioncomillas.es\/zh-hans\/"},{"@type":"ListItem","position":2,"name":"La Fundaci\u00f3n Comillas acoge la presentaci\u00f3n de \u2018Casilla vac\u00eda\u2019, la nueva novela del escritor Santiago Mazarrasa"}]},{"@type":"WebSite","@id":"https:\/\/fundacioncomillas.es\/zh-hans\/#website","url":"https:\/\/fundacioncomillas.es\/zh-hans\/","name":"Fundaci\u00f3n Comillas","description":"La Fundaci\u00f3n Comillas del Espa\u00f1ol y la Cultura Hisp\u00e1nica","publisher":{"@id":"https:\/\/fundacioncomillas.es\/zh-hans\/#organization"},"potentialAction":[{"@type":"SearchAction","target":{"@type":"EntryPoint","urlTemplate":"https:\/\/fundacioncomillas.es\/zh-hans\/?s={search_term_string}"},"query-input":{"@type":"PropertyValueSpecification","valueRequired":true,"valueName":"search_term_string"}}],"inLanguage":"zh-Hans"},{"@type":"Organization","@id":"https:\/\/fundacioncomillas.es\/zh-hans\/#organization","name":"Fundaci\u00f3n Comillas","alternateName":"Fundaci\u00f3n Comillas - CIESE","url":"https:\/\/fundacioncomillas.es\/zh-hans\/","logo":{"@type":"ImageObject","inLanguage":"zh-Hans","@id":"https:\/\/fundacioncomillas.es\/zh-hans\/#\/schema\/logo\/image\/","url":"https:\/\/fundacioncomillas.es\/wp-content\/uploads\/2023\/04\/logo-fundacion-comillas-.png","contentUrl":"https:\/\/fundacioncomillas.es\/wp-content\/uploads\/2023\/04\/logo-fundacion-comillas-.png","width":548,"height":536,"caption":"Fundaci\u00f3n Comillas"},"image":{"@id":"https:\/\/fundacioncomillas.es\/zh-hans\/#\/schema\/logo\/image\/"},"sameAs":["https:\/\/www.facebook.com\/ciese.comillas","https:\/\/x.com\/CIESEComillas","https:\/\/www.instagram.com\/uniciesecomillas\/","https:\/\/www.linkedin.com\/company\/fundacion-comillas\/","https:\/\/www.youtube.com\/user\/fundacioncomillas","https:\/\/twitter.com\/FundComillas","https:\/\/www.linkedin.com\/company\/1533960\/admin\/"]},{"@type":"Person","@id":"https:\/\/fundacioncomillas.es\/zh-hans\/#\/schema\/person\/3cdde58ad1a78de54c94309e39ec81cb","name":"fundacion","url":"https:\/\/fundacioncomillas.es\/zh-hans\/author\/fundacion\/"}]}},"_links":{"self":[{"href":"https:\/\/fundacioncomillas.es\/zh-hans\/wp-json\/wp\/v2\/posts\/25919","targetHints":{"allow":["GET"]}}],"collection":[{"href":"https:\/\/fundacioncomillas.es\/zh-hans\/wp-json\/wp\/v2\/posts"}],"about":[{"href":"https:\/\/fundacioncomillas.es\/zh-hans\/wp-json\/wp\/v2\/types\/post"}],"author":[{"embeddable":true,"href":"https:\/\/fundacioncomillas.es\/zh-hans\/wp-json\/wp\/v2\/users\/3"}],"replies":[{"embeddable":true,"href":"https:\/\/fundacioncomillas.es\/zh-hans\/wp-json\/wp\/v2\/comments?post=25919"}],"version-history":[{"count":4,"href":"https:\/\/fundacioncomillas.es\/zh-hans\/wp-json\/wp\/v2\/posts\/25919\/revisions"}],"predecessor-version":[{"id":25931,"href":"https:\/\/fundacioncomillas.es\/zh-hans\/wp-json\/wp\/v2\/posts\/25919\/revisions\/25931"}],"wp:featuredmedia":[{"embeddable":true,"href":"https:\/\/fundacioncomillas.es\/zh-hans\/wp-json\/wp\/v2\/media\/25920"}],"wp:attachment":[{"href":"https:\/\/fundacioncomillas.es\/zh-hans\/wp-json\/wp\/v2\/media?parent=25919"}],"wp:term":[{"taxonomy":"category","embeddable":true,"href":"https:\/\/fundacioncomillas.es\/zh-hans\/wp-json\/wp\/v2\/categories?post=25919"},{"taxonomy":"post_tag","embeddable":true,"href":"https:\/\/fundacioncomillas.es\/zh-hans\/wp-json\/wp\/v2\/tags?post=25919"}],"curies":[{"name":"wp","href":"https:\/\/api.w.org\/{rel}","templated":true}]}}