{"id":15851,"date":"2025-07-17T10:48:02","date_gmt":"2025-07-17T08:48:02","guid":{"rendered":"https:\/\/fundacioncomillas.es\/?p=15851"},"modified":"2025-07-17T10:48:02","modified_gmt":"2025-07-17T08:48:02","slug":"la-fundacion-comillas-lleva-la-musica-cubana-a-noja","status":"publish","type":"post","link":"https:\/\/fundacioncomillas.es\/zh-hans\/2025\/07\/17\/la-fundacion-comillas-lleva-la-musica-cubana-a-noja\/","title":{"rendered":"La Fundaci\u00f3n Comillas lleva la m\u00fasica cubana a Noja"},"content":{"rendered":"<p data-start=\"213\" data-end=\"470\">El Palacio de Albaic\u00edn, en Noja, acoger\u00e1 los d\u00edas 18 y 19 de septiembre un curso titulado <em data-start=\"303\" data-end=\"374\">\u201cM\u00fasica cubana: la influencia de la m\u00fasica cubana en Espa\u00f1a y Europa\u201d<\/em>, organizado por la Fundaci\u00f3n Comillas con la colaboraci\u00f3n del Ayuntamiento de la Villa de Noja.<\/p>\n<p data-start=\"472\" data-end=\"704\">Esta formaci\u00f3n \u201cpermitir\u00e1 a los asistentes explorar c\u00f3mo los ritmos y los sones afrocaribe\u00f1os han influido en la m\u00fasica europea contempor\u00e1nea, a trav\u00e9s de un enfoque hist\u00f3rico y cultural\u201d, explica Jes\u00fas Ferrer, codirector del curso.<\/p>\n<h2 style=\"text-align: justify;\"><strong>CURSO EN NOJA: \u00bfA QUI\u00c9N EST\u00c1 DIRIGIDO?<\/strong><\/h2>\n<p data-start=\"740\" data-end=\"1048\">Aunque se trata de un curso abierto a todos los p\u00fablicos, est\u00e1 especialmente dirigido a estudiantes y docentes interesados en el arte, la historia y la m\u00fasica. Tambi\u00e9n es ideal para personas aficionadas al mundo art\u00edstico, ya que el programa incluye la exposici\u00f3n de obras vinculadas a la tem\u00e1tica del curso.<\/p>\n<p data-start=\"1050\" data-end=\"1282\">Adem\u00e1s, quienes disfruten de la m\u00fasica encontrar\u00e1n una experiencia enriquecedora, con sesiones de escucha activa y un concierto en vivo como cierre del ciclo. Una propuesta para aprender, disfrutar y dejarse llevar por los sentidos.<\/p>\n<h3 style=\"text-align: justify;\"><strong><img decoding=\"async\" class=\" wp-image-15856 alignleft\" src=\"https:\/\/fundacioncomillas.es\/wp-content\/uploads\/2025\/07\/instaram-musica-cubana.png\" alt=\"Curso en Noja de m\u00fasica cubana\" width=\"415\" height=\"519\" srcset=\"https:\/\/fundacioncomillas.es\/wp-content\/uploads\/2025\/07\/instaram-musica-cubana-200x250.png 200w, https:\/\/fundacioncomillas.es\/wp-content\/uploads\/2025\/07\/instaram-musica-cubana-240x300.png 240w, https:\/\/fundacioncomillas.es\/wp-content\/uploads\/2025\/07\/instaram-musica-cubana-385x481.png 385w, https:\/\/fundacioncomillas.es\/wp-content\/uploads\/2025\/07\/instaram-musica-cubana-400x500.png 400w, https:\/\/fundacioncomillas.es\/wp-content\/uploads\/2025\/07\/instaram-musica-cubana-600x750.png 600w, https:\/\/fundacioncomillas.es\/wp-content\/uploads\/2025\/07\/instaram-musica-cubana-768x960.png 768w, https:\/\/fundacioncomillas.es\/wp-content\/uploads\/2025\/07\/instaram-musica-cubana-800x1000.png 800w, https:\/\/fundacioncomillas.es\/wp-content\/uploads\/2025\/07\/instaram-musica-cubana-819x1024.png 819w, https:\/\/fundacioncomillas.es\/wp-content\/uploads\/2025\/07\/instaram-musica-cubana.png 1080w\" sizes=\"(max-width: 415px) 100vw, 415px\" \/><\/strong><\/h3>\n<h3 data-start=\"1289\" data-end=\"1317\"><strong>Programa y participantes<\/strong><\/h3>\n<p>El programa del curso incluye varias ponencias con expertos en m\u00fasica cubana, como <strong>Calixto Alonso del Pozo,<\/strong>\u00a0<strong>Tommy Meini, Rosa Marquetti, Ram\u00f3n Fern\u00e1ndez Larrea y Amanda Delgado Lobeto.<\/strong> Las jornadas finalizar\u00e1n con el concierto de Yuley D\u00edaz, pianista, compositora y educadora cubana, residente en Espa\u00f1a desde 2006.<\/p>\n<h3><strong>Matr\u00edculas y precios<\/strong><\/h3>\n<p>El coste del curso es de 48 \u20ac en tarifa anticipada (las realizadas y pagadas hasta el 5 de septiembre de 2025) y de 32 \u20ac la tarifa anticipada reducida (residentes en municipio, estudiantes universitarios, desempleados, mayores de 65 a\u00f1os y personas con discapacidad). El precio de la matr\u00edcula ordinaria (las realizadas despues del 5 de septiembre) es de 63 \u20ac y 46 \u20ac la tarifa ordinaria red<span style=\"font-size: 16px;\">ucida (residentes en municipio, estudiantes universitarios, desempleados, mayores de 65 a\u00f1os y personas con discapacidad).<\/span><\/p>\n<h2 style=\"text-align: justify;\"><strong>Fundaci\u00f3n Abierta: formaci\u00f3n y temas multidisciplinares<\/strong><\/h2>\n<p style=\"text-align: justify;\">Este curso se enmarca en\u00a0<a href=\"https:\/\/fundacioncomillas.es\/cursos-fundacion-abierta\/\">Fundaci\u00f3n Abierta,<\/a>\u00a0un nuevo proyecto de la Fundaci\u00f3n Comillas \u201cque busca llevar el conocimiento a distintos municipios de Cantabria, desestacionalizar la formaci\u00f3n \u2014actualmente centrada en los cursos de verano universitarios\u2014 y ofrecer propuestas durante todo el a\u00f1o\u201d, explica D\u00e1maso L\u00f3pez Garc\u00eda, director de la Fundaci\u00f3n Comillas. \u201cEsperamos anunciar pronto nuevas formaciones en distintos municipios y con diferentes tem\u00e1ticas\u201d, indica el director.<\/p>\n<p style=\"text-align: justify;\">Los cursos de la Fundaci\u00f3n Abierta, de la Fundaci\u00f3n Comillas, son programas formativos de\u00a0<strong>tem\u00e1tica multidisciplinar<\/strong>, y de una duraci\u00f3n de diez o quince horas, que se imparten en\u00a0<strong>diferentes municipios de Cantabria.<\/strong>\u00a0En los cursos pueden inscribirse estudiantes interesados en el tema de estudio propuesto, as\u00ed como todas aquellas personas que deseen conocer puntos de vista acad\u00e9micos de cada curso concreto.<\/p>\n<p style=\"text-align: justify;\">Estas formaciones tienen una estructura similar a la de los cursos de verano universitarios, pero se desarrollan a lo largo de todo el a\u00f1o. Est\u00e1n sujetos al reconocimiento oficial, por parte de la Comisi\u00f3n de Reconocimiento de Actividades de Formaci\u00f3n, por la\u00a0<a href=\"https:\/\/www.cantabria.es\/web\/consejeria-de-educacion\">Consejer\u00eda de Educaci\u00f3n<\/a>, Formaci\u00f3n Profesional y Universidades de Cantabria, a efectos de formaci\u00f3n del profesorado de Primaria y Secundaria.<\/p>\n<p style=\"text-align: justify;\">Toda la informaci\u00f3n est\u00e1 disponible en\u00a0<a href=\"https:\/\/fundacioncomillas.es\/cursos-y-examenes\/cursos-de-formacion-de-profesores\/curso-musica-cubana\/\">este enlace web.<\/a><\/p>\n","protected":false},"excerpt":{"rendered":"<p>El Palacio de Albaic\u00edn, en\u00a0Noja, acoger\u00e1 los d\u00edas 18 y 19 de septiembre un curso sobre \u201cM\u00fasica Cubana: La influencia de la m\u00fasica cubana en Espa\u00f1a y Europa\u201d, organizado por la Fundaci\u00f3n Comillas con la colaboraci\u00f3n del Ayuntamiento de Noja.<\/p>\n","protected":false},"author":3,"featured_media":15852,"comment_status":"closed","ping_status":"closed","sticky":false,"template":"","format":"standard","meta":{"_acf_changed":false,"om_disable_all_campaigns":false,"_monsterinsights_skip_tracking":false,"_monsterinsights_sitenote_active":false,"_monsterinsights_sitenote_note":"","_monsterinsights_sitenote_category":0,"_uf_show_specific_survey":0,"_uf_disable_surveys":false,"footnotes":"","_links_to":"","_links_to_target":""},"categories":[41,847],"tags":[848,95,866,867],"class_list":["post-15851","post","type-post","status-publish","format-standard","has-post-thumbnail","hentry","category-fundacion","category-fundacion-abierta","tag-fundacion-abierta","tag-fundacion-comillas","tag-musica-cubana","tag-noja"],"acf":[],"yoast_head":"<!-- This site is optimized with the Yoast SEO plugin v27.4 - https:\/\/yoast.com\/product\/yoast-seo-wordpress\/ -->\n<title>La Fundaci\u00f3n Comillas lleva la m\u00fasica cubana a Noja - Fundaci\u00f3n Comillas<\/title>\n<meta name=\"description\" content=\"El Palacio de Albaic\u00edn acoger\u00e1 los d\u00edas 18 y 19 de septiembre un curso sobre la m\u00fasica Cubana y su influencia en en Espa\u00f1a y Europa.\" \/>\n<meta name=\"robots\" content=\"index, follow, max-snippet:-1, max-image-preview:large, max-video-preview:-1\" \/>\n<link rel=\"canonical\" href=\"https:\/\/fundacioncomillas.es\/zh-hans\/2025\/07\/17\/la-fundacion-comillas-lleva-la-musica-cubana-a-noja\/\" \/>\n<meta property=\"og:locale\" content=\"zh_CN\" \/>\n<meta property=\"og:type\" content=\"article\" \/>\n<meta property=\"og:title\" content=\"La Fundaci\u00f3n Comillas lleva la m\u00fasica cubana a Noja - Fundaci\u00f3n Comillas\" \/>\n<meta property=\"og:description\" content=\"El Palacio de Albaic\u00edn acoger\u00e1 los d\u00edas 18 y 19 de septiembre un curso sobre la m\u00fasica Cubana y su influencia en en Espa\u00f1a y Europa.\" \/>\n<meta property=\"og:url\" content=\"https:\/\/fundacioncomillas.es\/zh-hans\/2025\/07\/17\/la-fundacion-comillas-lleva-la-musica-cubana-a-noja\/\" \/>\n<meta property=\"og:site_name\" content=\"Fundaci\u00f3n Comillas\" \/>\n<meta property=\"article:publisher\" content=\"https:\/\/www.facebook.com\/ciese.comillas\" \/>\n<meta property=\"article:published_time\" content=\"2025-07-17T08:48:02+00:00\" \/>\n<meta property=\"og:image\" content=\"https:\/\/fundacioncomillas.es\/wp-content\/uploads\/2025\/07\/la-musica-cubana.jpg\" \/>\n\t<meta property=\"og:image:width\" content=\"1276\" \/>\n\t<meta property=\"og:image:height\" content=\"840\" \/>\n\t<meta property=\"og:image:type\" content=\"image\/jpeg\" \/>\n<meta name=\"author\" content=\"fundacion\" \/>\n<meta name=\"twitter:card\" content=\"summary_large_image\" \/>\n<meta name=\"twitter:creator\" content=\"@CIESEComillas\" \/>\n<meta name=\"twitter:site\" content=\"@CIESEComillas\" \/>\n<meta name=\"twitter:label1\" content=\"\u4f5c\u8005\" \/>\n\t<meta name=\"twitter:data1\" content=\"fundacion\" \/>\n\t<meta name=\"twitter:label2\" content=\"\u9884\u8ba1\u9605\u8bfb\u65f6\u95f4\" \/>\n\t<meta name=\"twitter:data2\" content=\"3 \u5206\" \/>\n<script type=\"application\/ld+json\" class=\"yoast-schema-graph\">{\"@context\":\"https:\\\/\\\/schema.org\",\"@graph\":[{\"@type\":\"Article\",\"@id\":\"https:\\\/\\\/fundacioncomillas.es\\\/zh-hans\\\/2025\\\/07\\\/17\\\/la-fundacion-comillas-lleva-la-musica-cubana-a-noja\\\/#article\",\"isPartOf\":{\"@id\":\"https:\\\/\\\/fundacioncomillas.es\\\/zh-hans\\\/2025\\\/07\\\/17\\\/la-fundacion-comillas-lleva-la-musica-cubana-a-noja\\\/\"},\"author\":{\"name\":\"fundacion\",\"@id\":\"https:\\\/\\\/fundacioncomillas.es\\\/zh-hans\\\/#\\\/schema\\\/person\\\/3cdde58ad1a78de54c94309e39ec81cb\"},\"headline\":\"La Fundaci\u00f3n Comillas lleva la m\u00fasica cubana a Noja\",\"datePublished\":\"2025-07-17T08:48:02+00:00\",\"mainEntityOfPage\":{\"@id\":\"https:\\\/\\\/fundacioncomillas.es\\\/zh-hans\\\/2025\\\/07\\\/17\\\/la-fundacion-comillas-lleva-la-musica-cubana-a-noja\\\/\"},\"wordCount\":566,\"publisher\":{\"@id\":\"https:\\\/\\\/fundacioncomillas.es\\\/zh-hans\\\/#organization\"},\"image\":{\"@id\":\"https:\\\/\\\/fundacioncomillas.es\\\/zh-hans\\\/2025\\\/07\\\/17\\\/la-fundacion-comillas-lleva-la-musica-cubana-a-noja\\\/#primaryimage\"},\"thumbnailUrl\":\"https:\\\/\\\/fundacioncomillas.es\\\/wp-content\\\/uploads\\\/2025\\\/07\\\/la-musica-cubana.jpg\",\"keywords\":[\"Fundaci\u00f3n Abierta\",\"fundaci\u00f3n comillas\",\"M\u00fasica cubana\",\"Noja\"],\"articleSection\":[\"FUNDACI\u00d3N\",\"FUNDACI\u00d3N ABIERTA\"],\"inLanguage\":\"zh-Hans\"},{\"@type\":\"WebPage\",\"@id\":\"https:\\\/\\\/fundacioncomillas.es\\\/zh-hans\\\/2025\\\/07\\\/17\\\/la-fundacion-comillas-lleva-la-musica-cubana-a-noja\\\/\",\"url\":\"https:\\\/\\\/fundacioncomillas.es\\\/zh-hans\\\/2025\\\/07\\\/17\\\/la-fundacion-comillas-lleva-la-musica-cubana-a-noja\\\/\",\"name\":\"La Fundaci\u00f3n Comillas lleva la m\u00fasica cubana a Noja - Fundaci\u00f3n Comillas\",\"isPartOf\":{\"@id\":\"https:\\\/\\\/fundacioncomillas.es\\\/zh-hans\\\/#website\"},\"primaryImageOfPage\":{\"@id\":\"https:\\\/\\\/fundacioncomillas.es\\\/zh-hans\\\/2025\\\/07\\\/17\\\/la-fundacion-comillas-lleva-la-musica-cubana-a-noja\\\/#primaryimage\"},\"image\":{\"@id\":\"https:\\\/\\\/fundacioncomillas.es\\\/zh-hans\\\/2025\\\/07\\\/17\\\/la-fundacion-comillas-lleva-la-musica-cubana-a-noja\\\/#primaryimage\"},\"thumbnailUrl\":\"https:\\\/\\\/fundacioncomillas.es\\\/wp-content\\\/uploads\\\/2025\\\/07\\\/la-musica-cubana.jpg\",\"datePublished\":\"2025-07-17T08:48:02+00:00\",\"description\":\"El Palacio de Albaic\u00edn acoger\u00e1 los d\u00edas 18 y 19 de septiembre un curso sobre la m\u00fasica Cubana y su influencia en en Espa\u00f1a y Europa.\",\"breadcrumb\":{\"@id\":\"https:\\\/\\\/fundacioncomillas.es\\\/zh-hans\\\/2025\\\/07\\\/17\\\/la-fundacion-comillas-lleva-la-musica-cubana-a-noja\\\/#breadcrumb\"},\"inLanguage\":\"zh-Hans\",\"potentialAction\":[{\"@type\":\"ReadAction\",\"target\":[\"https:\\\/\\\/fundacioncomillas.es\\\/zh-hans\\\/2025\\\/07\\\/17\\\/la-fundacion-comillas-lleva-la-musica-cubana-a-noja\\\/\"]}]},{\"@type\":\"ImageObject\",\"inLanguage\":\"zh-Hans\",\"@id\":\"https:\\\/\\\/fundacioncomillas.es\\\/zh-hans\\\/2025\\\/07\\\/17\\\/la-fundacion-comillas-lleva-la-musica-cubana-a-noja\\\/#primaryimage\",\"url\":\"https:\\\/\\\/fundacioncomillas.es\\\/wp-content\\\/uploads\\\/2025\\\/07\\\/la-musica-cubana.jpg\",\"contentUrl\":\"https:\\\/\\\/fundacioncomillas.es\\\/wp-content\\\/uploads\\\/2025\\\/07\\\/la-musica-cubana.jpg\",\"width\":1276,\"height\":840,\"caption\":\"M\u00fasica cubana en Noja\"},{\"@type\":\"BreadcrumbList\",\"@id\":\"https:\\\/\\\/fundacioncomillas.es\\\/zh-hans\\\/2025\\\/07\\\/17\\\/la-fundacion-comillas-lleva-la-musica-cubana-a-noja\\\/#breadcrumb\",\"itemListElement\":[{\"@type\":\"ListItem\",\"position\":1,\"name\":\"Portada\",\"item\":\"https:\\\/\\\/fundacioncomillas.es\\\/zh-hans\\\/\"},{\"@type\":\"ListItem\",\"position\":2,\"name\":\"La Fundaci\u00f3n Comillas lleva la m\u00fasica cubana a Noja\"}]},{\"@type\":\"WebSite\",\"@id\":\"https:\\\/\\\/fundacioncomillas.es\\\/zh-hans\\\/#website\",\"url\":\"https:\\\/\\\/fundacioncomillas.es\\\/zh-hans\\\/\",\"name\":\"Fundaci\u00f3n Comillas\",\"description\":\"La Fundaci\u00f3n Comillas del Espa\u00f1ol y la Cultura Hisp\u00e1nica\",\"publisher\":{\"@id\":\"https:\\\/\\\/fundacioncomillas.es\\\/zh-hans\\\/#organization\"},\"potentialAction\":[{\"@type\":\"SearchAction\",\"target\":{\"@type\":\"EntryPoint\",\"urlTemplate\":\"https:\\\/\\\/fundacioncomillas.es\\\/zh-hans\\\/?s={search_term_string}\"},\"query-input\":{\"@type\":\"PropertyValueSpecification\",\"valueRequired\":true,\"valueName\":\"search_term_string\"}}],\"inLanguage\":\"zh-Hans\"},{\"@type\":\"Organization\",\"@id\":\"https:\\\/\\\/fundacioncomillas.es\\\/zh-hans\\\/#organization\",\"name\":\"Fundaci\u00f3n Comillas\",\"alternateName\":\"Fundaci\u00f3n Comillas - CIESE\",\"url\":\"https:\\\/\\\/fundacioncomillas.es\\\/zh-hans\\\/\",\"logo\":{\"@type\":\"ImageObject\",\"inLanguage\":\"zh-Hans\",\"@id\":\"https:\\\/\\\/fundacioncomillas.es\\\/zh-hans\\\/#\\\/schema\\\/logo\\\/image\\\/\",\"url\":\"https:\\\/\\\/fundacioncomillas.es\\\/wp-content\\\/uploads\\\/2023\\\/04\\\/logo-fundacion-comillas-.png\",\"contentUrl\":\"https:\\\/\\\/fundacioncomillas.es\\\/wp-content\\\/uploads\\\/2023\\\/04\\\/logo-fundacion-comillas-.png\",\"width\":548,\"height\":536,\"caption\":\"Fundaci\u00f3n Comillas\"},\"image\":{\"@id\":\"https:\\\/\\\/fundacioncomillas.es\\\/zh-hans\\\/#\\\/schema\\\/logo\\\/image\\\/\"},\"sameAs\":[\"https:\\\/\\\/www.facebook.com\\\/ciese.comillas\",\"https:\\\/\\\/x.com\\\/CIESEComillas\",\"https:\\\/\\\/www.instagram.com\\\/uniciesecomillas\\\/\",\"https:\\\/\\\/www.linkedin.com\\\/company\\\/fundacion-comillas\\\/\",\"https:\\\/\\\/www.youtube.com\\\/user\\\/fundacioncomillas\",\"https:\\\/\\\/twitter.com\\\/FundComillas\",\"https:\\\/\\\/www.linkedin.com\\\/company\\\/1533960\\\/admin\\\/\"]},{\"@type\":\"Person\",\"@id\":\"https:\\\/\\\/fundacioncomillas.es\\\/zh-hans\\\/#\\\/schema\\\/person\\\/3cdde58ad1a78de54c94309e39ec81cb\",\"name\":\"fundacion\",\"url\":\"https:\\\/\\\/fundacioncomillas.es\\\/zh-hans\\\/author\\\/fundacion\\\/\"}]}<\/script>\n<!-- \/ Yoast SEO plugin. -->","yoast_head_json":{"title":"La Fundaci\u00f3n Comillas lleva la m\u00fasica cubana a Noja - Fundaci\u00f3n Comillas","description":"El Palacio de Albaic\u00edn acoger\u00e1 los d\u00edas 18 y 19 de septiembre un curso sobre la m\u00fasica Cubana y su influencia en en Espa\u00f1a y Europa.","robots":{"index":"index","follow":"follow","max-snippet":"max-snippet:-1","max-image-preview":"max-image-preview:large","max-video-preview":"max-video-preview:-1"},"canonical":"https:\/\/fundacioncomillas.es\/zh-hans\/2025\/07\/17\/la-fundacion-comillas-lleva-la-musica-cubana-a-noja\/","og_locale":"zh_CN","og_type":"article","og_title":"La Fundaci\u00f3n Comillas lleva la m\u00fasica cubana a Noja - Fundaci\u00f3n Comillas","og_description":"El Palacio de Albaic\u00edn acoger\u00e1 los d\u00edas 18 y 19 de septiembre un curso sobre la m\u00fasica Cubana y su influencia en en Espa\u00f1a y Europa.","og_url":"https:\/\/fundacioncomillas.es\/zh-hans\/2025\/07\/17\/la-fundacion-comillas-lleva-la-musica-cubana-a-noja\/","og_site_name":"Fundaci\u00f3n Comillas","article_publisher":"https:\/\/www.facebook.com\/ciese.comillas","article_published_time":"2025-07-17T08:48:02+00:00","og_image":[{"width":1276,"height":840,"url":"https:\/\/fundacioncomillas.es\/wp-content\/uploads\/2025\/07\/la-musica-cubana.jpg","type":"image\/jpeg"}],"author":"fundacion","twitter_card":"summary_large_image","twitter_creator":"@CIESEComillas","twitter_site":"@CIESEComillas","twitter_misc":{"\u4f5c\u8005":"fundacion","\u9884\u8ba1\u9605\u8bfb\u65f6\u95f4":"3 \u5206"},"schema":{"@context":"https:\/\/schema.org","@graph":[{"@type":"Article","@id":"https:\/\/fundacioncomillas.es\/zh-hans\/2025\/07\/17\/la-fundacion-comillas-lleva-la-musica-cubana-a-noja\/#article","isPartOf":{"@id":"https:\/\/fundacioncomillas.es\/zh-hans\/2025\/07\/17\/la-fundacion-comillas-lleva-la-musica-cubana-a-noja\/"},"author":{"name":"fundacion","@id":"https:\/\/fundacioncomillas.es\/zh-hans\/#\/schema\/person\/3cdde58ad1a78de54c94309e39ec81cb"},"headline":"La Fundaci\u00f3n Comillas lleva la m\u00fasica cubana a Noja","datePublished":"2025-07-17T08:48:02+00:00","mainEntityOfPage":{"@id":"https:\/\/fundacioncomillas.es\/zh-hans\/2025\/07\/17\/la-fundacion-comillas-lleva-la-musica-cubana-a-noja\/"},"wordCount":566,"publisher":{"@id":"https:\/\/fundacioncomillas.es\/zh-hans\/#organization"},"image":{"@id":"https:\/\/fundacioncomillas.es\/zh-hans\/2025\/07\/17\/la-fundacion-comillas-lleva-la-musica-cubana-a-noja\/#primaryimage"},"thumbnailUrl":"https:\/\/fundacioncomillas.es\/wp-content\/uploads\/2025\/07\/la-musica-cubana.jpg","keywords":["Fundaci\u00f3n Abierta","fundaci\u00f3n comillas","M\u00fasica cubana","Noja"],"articleSection":["FUNDACI\u00d3N","FUNDACI\u00d3N ABIERTA"],"inLanguage":"zh-Hans"},{"@type":"WebPage","@id":"https:\/\/fundacioncomillas.es\/zh-hans\/2025\/07\/17\/la-fundacion-comillas-lleva-la-musica-cubana-a-noja\/","url":"https:\/\/fundacioncomillas.es\/zh-hans\/2025\/07\/17\/la-fundacion-comillas-lleva-la-musica-cubana-a-noja\/","name":"La Fundaci\u00f3n Comillas lleva la m\u00fasica cubana a Noja - Fundaci\u00f3n Comillas","isPartOf":{"@id":"https:\/\/fundacioncomillas.es\/zh-hans\/#website"},"primaryImageOfPage":{"@id":"https:\/\/fundacioncomillas.es\/zh-hans\/2025\/07\/17\/la-fundacion-comillas-lleva-la-musica-cubana-a-noja\/#primaryimage"},"image":{"@id":"https:\/\/fundacioncomillas.es\/zh-hans\/2025\/07\/17\/la-fundacion-comillas-lleva-la-musica-cubana-a-noja\/#primaryimage"},"thumbnailUrl":"https:\/\/fundacioncomillas.es\/wp-content\/uploads\/2025\/07\/la-musica-cubana.jpg","datePublished":"2025-07-17T08:48:02+00:00","description":"El Palacio de Albaic\u00edn acoger\u00e1 los d\u00edas 18 y 19 de septiembre un curso sobre la m\u00fasica Cubana y su influencia en en Espa\u00f1a y Europa.","breadcrumb":{"@id":"https:\/\/fundacioncomillas.es\/zh-hans\/2025\/07\/17\/la-fundacion-comillas-lleva-la-musica-cubana-a-noja\/#breadcrumb"},"inLanguage":"zh-Hans","potentialAction":[{"@type":"ReadAction","target":["https:\/\/fundacioncomillas.es\/zh-hans\/2025\/07\/17\/la-fundacion-comillas-lleva-la-musica-cubana-a-noja\/"]}]},{"@type":"ImageObject","inLanguage":"zh-Hans","@id":"https:\/\/fundacioncomillas.es\/zh-hans\/2025\/07\/17\/la-fundacion-comillas-lleva-la-musica-cubana-a-noja\/#primaryimage","url":"https:\/\/fundacioncomillas.es\/wp-content\/uploads\/2025\/07\/la-musica-cubana.jpg","contentUrl":"https:\/\/fundacioncomillas.es\/wp-content\/uploads\/2025\/07\/la-musica-cubana.jpg","width":1276,"height":840,"caption":"M\u00fasica cubana en Noja"},{"@type":"BreadcrumbList","@id":"https:\/\/fundacioncomillas.es\/zh-hans\/2025\/07\/17\/la-fundacion-comillas-lleva-la-musica-cubana-a-noja\/#breadcrumb","itemListElement":[{"@type":"ListItem","position":1,"name":"Portada","item":"https:\/\/fundacioncomillas.es\/zh-hans\/"},{"@type":"ListItem","position":2,"name":"La Fundaci\u00f3n Comillas lleva la m\u00fasica cubana a Noja"}]},{"@type":"WebSite","@id":"https:\/\/fundacioncomillas.es\/zh-hans\/#website","url":"https:\/\/fundacioncomillas.es\/zh-hans\/","name":"Fundaci\u00f3n Comillas","description":"La Fundaci\u00f3n Comillas del Espa\u00f1ol y la Cultura Hisp\u00e1nica","publisher":{"@id":"https:\/\/fundacioncomillas.es\/zh-hans\/#organization"},"potentialAction":[{"@type":"SearchAction","target":{"@type":"EntryPoint","urlTemplate":"https:\/\/fundacioncomillas.es\/zh-hans\/?s={search_term_string}"},"query-input":{"@type":"PropertyValueSpecification","valueRequired":true,"valueName":"search_term_string"}}],"inLanguage":"zh-Hans"},{"@type":"Organization","@id":"https:\/\/fundacioncomillas.es\/zh-hans\/#organization","name":"Fundaci\u00f3n Comillas","alternateName":"Fundaci\u00f3n Comillas - CIESE","url":"https:\/\/fundacioncomillas.es\/zh-hans\/","logo":{"@type":"ImageObject","inLanguage":"zh-Hans","@id":"https:\/\/fundacioncomillas.es\/zh-hans\/#\/schema\/logo\/image\/","url":"https:\/\/fundacioncomillas.es\/wp-content\/uploads\/2023\/04\/logo-fundacion-comillas-.png","contentUrl":"https:\/\/fundacioncomillas.es\/wp-content\/uploads\/2023\/04\/logo-fundacion-comillas-.png","width":548,"height":536,"caption":"Fundaci\u00f3n Comillas"},"image":{"@id":"https:\/\/fundacioncomillas.es\/zh-hans\/#\/schema\/logo\/image\/"},"sameAs":["https:\/\/www.facebook.com\/ciese.comillas","https:\/\/x.com\/CIESEComillas","https:\/\/www.instagram.com\/uniciesecomillas\/","https:\/\/www.linkedin.com\/company\/fundacion-comillas\/","https:\/\/www.youtube.com\/user\/fundacioncomillas","https:\/\/twitter.com\/FundComillas","https:\/\/www.linkedin.com\/company\/1533960\/admin\/"]},{"@type":"Person","@id":"https:\/\/fundacioncomillas.es\/zh-hans\/#\/schema\/person\/3cdde58ad1a78de54c94309e39ec81cb","name":"fundacion","url":"https:\/\/fundacioncomillas.es\/zh-hans\/author\/fundacion\/"}]}},"_links":{"self":[{"href":"https:\/\/fundacioncomillas.es\/zh-hans\/wp-json\/wp\/v2\/posts\/15851","targetHints":{"allow":["GET"]}}],"collection":[{"href":"https:\/\/fundacioncomillas.es\/zh-hans\/wp-json\/wp\/v2\/posts"}],"about":[{"href":"https:\/\/fundacioncomillas.es\/zh-hans\/wp-json\/wp\/v2\/types\/post"}],"author":[{"embeddable":true,"href":"https:\/\/fundacioncomillas.es\/zh-hans\/wp-json\/wp\/v2\/users\/3"}],"replies":[{"embeddable":true,"href":"https:\/\/fundacioncomillas.es\/zh-hans\/wp-json\/wp\/v2\/comments?post=15851"}],"version-history":[{"count":5,"href":"https:\/\/fundacioncomillas.es\/zh-hans\/wp-json\/wp\/v2\/posts\/15851\/revisions"}],"predecessor-version":[{"id":15866,"href":"https:\/\/fundacioncomillas.es\/zh-hans\/wp-json\/wp\/v2\/posts\/15851\/revisions\/15866"}],"wp:featuredmedia":[{"embeddable":true,"href":"https:\/\/fundacioncomillas.es\/zh-hans\/wp-json\/wp\/v2\/media\/15852"}],"wp:attachment":[{"href":"https:\/\/fundacioncomillas.es\/zh-hans\/wp-json\/wp\/v2\/media?parent=15851"}],"wp:term":[{"taxonomy":"category","embeddable":true,"href":"https:\/\/fundacioncomillas.es\/zh-hans\/wp-json\/wp\/v2\/categories?post=15851"},{"taxonomy":"post_tag","embeddable":true,"href":"https:\/\/fundacioncomillas.es\/zh-hans\/wp-json\/wp\/v2\/tags?post=15851"}],"curies":[{"name":"wp","href":"https:\/\/api.w.org\/{rel}","templated":true}]}}