{"id":9987,"date":"2021-02-01T13:11:40","date_gmt":"2021-02-01T12:11:40","guid":{"rendered":"https:\/\/fundacioncomillas.es\/?p=9987"},"modified":"2023-10-03T13:36:20","modified_gmt":"2023-10-03T11:36:20","slug":"cursos-programados-2021","status":"publish","type":"post","link":"https:\/\/fundacioncomillas.es\/fr\/2021\/02\/01\/cursos-programados-2021\/","title":{"rendered":"As\u00ed son los cursos programados para 2021"},"content":{"rendered":"<p style=\"text-align: justify;\">Para este 2021 desde el Centro Universitario CIESE-Fundaci\u00f3n Comillas hemos preparado un programa formativo adaptado a las circunstancias actuales y sin perder de vista las necesidades del alumnado. En nuestro centro universitario encontrar\u00e1s una<strong>\u00a0amplia oferta de cursos para acercarte al espa\u00f1ol o profundizar en sus conocimientos<\/strong> si deseas que se convierta en una diferenciaci\u00f3n para tu futuro profesional. Sea cual sea tu caso, si el espa\u00f1ol y su cultura te interesa, tenemos mucho que ofrecerte. Podr\u00e1s examinarte por ejemplo para conseguir tu diploma de espa\u00f1ol como Lengua Extranjera<a href=\"https:\/\/fundacioncomillas.es\/cursos-de-espanol\/examenes-dele-cantabria\/\"> (DELE).<\/a><\/p>\n<p style=\"text-align: justify;\"><strong>La formaci\u00f3n m\u00e1s completa en espa\u00f1ol<\/strong><\/p>\n<p style=\"text-align: justify;\">Como\u00a0<strong>centro adscrito a la Universidad de Cantabria<\/strong>, contamos con nuestro\u00a0<a href=\"https:\/\/fundacioncomillas.es\/estudios\/grado-de-estudios-hispanicos\/\"><strong>Grado Oficial en Estudios Hisp\u00e1nicos<\/strong><\/a>, con preinscripci\u00f3n en julio y septiembre. Gracias a \u00e9l podr\u00e1s dedicarte a diversos \u00e1mbitos de la lengua y la cultura del mundo hisp\u00e1nico: desde ser profesor de espa\u00f1ol, traductor o int\u00e9rprete hasta dedicarse al sector tur\u00edstico, las relaciones diplom\u00e1ticas o comerciales o la mediaci\u00f3n ling\u00fc\u00edstica y cultural.<\/p>\n<p style=\"text-align: justify;\">Adem\u00e1s, si ya eres licenciado o graduado, nuestro\u00a0<strong>M\u00e1ster Oficial en Ense\u00f1anza de ELE<\/strong>\u00a0te dar\u00e1 la formaci\u00f3n que necesitas para especializarte como profesor de ELE, investigador o trabajar en empresas relacionadas con el sector del ELE.<\/p>\n<p style=\"text-align: justify;\">En nuestro centro universitario tambi\u00e9n ofrecemos un\u00a0<strong>curso intensivo de preparaci\u00f3n al M\u00e1ster ELE<\/strong>\u00a0que se inicia el febrero, abril, julio y septiembre, con el objetivo de que el estudiante alcance el nivel de competencia de espa\u00f1ol C1 necesario para acceder a dicho m\u00e1ster.<\/p>\n<p style=\"text-align: justify;\">Adem\u00e1s, para todos aquellos que desean contar con el\u00a0<strong>diploma de espa\u00f1ol DELE<\/strong>, \u00fanico t\u00edtulo oficial con validez indefinida y gran prestigio internacional, podr\u00e1n formarse con nosotros desde febrero hasta noviembre de forma presencial o virtual. Nuestro centro universitario est\u00e1\u00a0<strong>acreditado por el Instituto Cervantes\u00a0<\/strong>como centro para la Ense\u00f1anza de Espa\u00f1ol como Lengua Extranjera y centro examinador DELE.<\/p>\n<p style=\"text-align: justify;\"><strong>Especial\u00edzate como profesor de espa\u00f1ol\u00a0<\/strong><\/p>\n<p style=\"text-align: justify;\">Si eres profesor o investigador de espa\u00f1ol y buscas nuevas \u00e1reas de especializaci\u00f3n o recursos para poner en pr\u00e1ctica con tus alumnos, tambi\u00e9n podr\u00e1s elegir la que m\u00e1s se adapte a tus intereses.<\/p>\n<p style=\"text-align: justify;\">Como profesor de ELE podr\u00e1s ampliar tus conocimientos con nuestro\u00a0<strong>Especialista universitario en literatura en aula de Espa\u00f1ol como Lengua Extranjera<\/strong>\u00a0(del 15 de febrero al 7 de mayo) o\u00a0<strong>Especialista universitario en aprendizaje digital para el aula de Espa\u00f1ol como Lengua Extranjera<\/strong>\u00a0(del 1 de marzo al 2 de abril).<\/p>\n<p style=\"text-align: justify;\">En caso de que quieras mejorar la capacidad investigadora, lo podr\u00e1s hacer gracias a nuestro\u00a0<strong>Especialista universitario en metodolog\u00eda de la investigaci\u00f3n cuantitativa<\/strong>\u00a0(del 15 de febrero al 30 de abril). Adem\u00e1s, si deseas formarte como profesor de espa\u00f1ol para profesionales sanitarios, tendr\u00e1s la oportunidad de hacerlo gracias a nuestro\u00a0<strong>Especialista universitario en ense\u00f1anza de espa\u00f1ol de la salud\u00a0<\/strong>(del 26 de abril al 4 de junio).<\/p>\n<p style=\"text-align: justify;\">Tambi\u00e9n habr\u00e1 oportunidad para todos aquellos que deseen iniciarse en el mundo de la docencia. Podr\u00e1s hacerlo con la\u00a0<strong>formaci\u00f3n inicial de profesores de Espa\u00f1ol como Lengua Extranjera<\/strong>\u00a0(del 28 de junio al 23 de julio y del 6 de septiembre al 3 de octubre) o con la\u00a0<strong>formaci\u00f3n inicial de profesores de Espa\u00f1ol con Fines Espec\u00edficos<\/strong>\u00a0(del 12 de abril al 20 de junio) que te permitir\u00e1 acercarte a las particularidades de los tres \u00e1mbitos m\u00e1s demandados del espa\u00f1ol: los negocios, la salud y las relaciones internacionales.<\/p>\n<p style=\"text-align: justify;\"><strong>Cursos de espa\u00f1ol para todos los perfiles<\/strong><\/p>\n<p style=\"text-align: justify;\">Estudiantes de secundaria, universitarios, sinohablantes, profesionales\u2026 Todos ellos pueden aprender espa\u00f1ol con nuestros cursos espec\u00edficos.<\/p>\n<p style=\"text-align: justify;\">Por ejemplo, si eres\u00a0<strong>estudiante de ense\u00f1anza secundaria<\/strong>, cada lunes tienes la opci\u00f3n de formar parte de nuestro programa de inmersi\u00f3n ling\u00fc\u00edstica y cultural \u00fanico con el que se pretende acercar no solo la lengua, sino tambi\u00e9n la sociedad espa\u00f1ola y sus costumbres. Mientras que si necesitas dominar el espa\u00f1ol dentro del mundo acad\u00e9mico como estudiante de grado o posgrado, profesor o investigador, te recomendamos nuestro\u00a0<strong>curso de espa\u00f1ol con fines acad\u00e9micos<\/strong>\u00a0(del 5 de julio al 8 de octubre) con un programa altamente especializado para la preparaci\u00f3n ling\u00fc\u00edstica e intercultural.<\/p>\n<p style=\"text-align: justify;\">Igualmente adaptado a las necesidades de sus participantes, se encuentra el programa del\u00a0<strong>curso de espa\u00f1ol para sinohablantes<\/strong>, que comienza el primer lunes de cada mes y en el que se presta especial atenci\u00f3n a aspectos como la fon\u00e9tica, la pr\u00e1ctica oral o la interculturalidad.<\/p>\n<p style=\"text-align: justify;\">Este a\u00f1o tambi\u00e9n se unen\u00a0<strong>cursos de lengua y cultura para todos los niveles\u00a0<\/strong>(desde A1 hasta C2) o el\u00a0<strong>curso de espa\u00f1ol y surf<\/strong>\u00a0pensado para aprender el idioma dentro y fuera de clase. Adem\u00e1s, cabe la opci\u00f3n de solicitarnos\u00a0<strong>cursos a medida<\/strong>\u00a0seg\u00fan las necesidades de los alumnos. Todo para que tu objetivo de aprender espa\u00f1ol se cumpla.<\/p>\n<p style=\"text-align: justify;\">El Centro de Espa\u00f1ol de la Fundaci\u00f3n Comillas es un centro acreditado por el <a href=\"https:\/\/cervantes.org\/\" target=\"_blank\" rel=\"noopener\">Instituto Cervantes.<\/a><\/p>\n","protected":false},"excerpt":{"rendered":"<p>Conoce toda la oferta del Centro Universitario CIESE-Fundaci\u00f3n Comillas para el a\u00f1o 2021: formaci\u00f3n presencial, virtual y preparaci\u00f3n para titulaciones oficiales.<\/p>\n","protected":false},"author":3,"featured_media":9988,"comment_status":"closed","ping_status":"closed","sticky":false,"template":"","format":"standard","meta":{"_acf_changed":false,"om_disable_all_campaigns":false,"_monsterinsights_skip_tracking":false,"_monsterinsights_sitenote_active":false,"_monsterinsights_sitenote_note":"","_monsterinsights_sitenote_category":0,"_uf_show_specific_survey":0,"_uf_disable_surveys":false,"footnotes":"","_links_to":"","_links_to_target":""},"categories":[299],"tags":[478,96,198,479,110,201,98,95],"class_list":["post-9987","post","type-post","status-publish","format-standard","has-post-thumbnail","hentry","category-cursos-espanol","tag-centro-de-espanol","tag-ciese","tag-dele","tag-diploma-de-espanol","tag-ele","tag-espanol","tag-estudios","tag-fundacion-comillas"],"acf":[],"yoast_head":"<!-- This site is optimized with the Yoast SEO plugin v27.4 - https:\/\/yoast.com\/product\/yoast-seo-wordpress\/ -->\n<title>As\u00ed son los cursos programados para 2021<\/title>\n<meta name=\"description\" content=\"Conoce toda la oferta del Centro Universitario CIESE-Fundaci\u00f3n Comillas para el a\u00f1o 2021: formaci\u00f3n presencial, virtual y preparaci\u00f3n para...\" \/>\n<meta name=\"robots\" content=\"index, follow, max-snippet:-1, max-image-preview:large, max-video-preview:-1\" \/>\n<link rel=\"canonical\" href=\"https:\/\/fundacioncomillas.es\/fr\/2021\/02\/01\/cursos-programados-2021\/\" \/>\n<meta property=\"og:locale\" content=\"fr_FR\" \/>\n<meta property=\"og:type\" content=\"article\" \/>\n<meta property=\"og:title\" content=\"As\u00ed son los cursos programados para 2021\" \/>\n<meta property=\"og:description\" content=\"Conoce toda la oferta del Centro Universitario CIESE-Fundaci\u00f3n Comillas para el a\u00f1o 2021: formaci\u00f3n presencial, virtual y preparaci\u00f3n para...\" \/>\n<meta property=\"og:url\" content=\"https:\/\/fundacioncomillas.es\/fr\/2021\/02\/01\/cursos-programados-2021\/\" \/>\n<meta property=\"og:site_name\" content=\"Fundaci\u00f3n Comillas\" \/>\n<meta property=\"article:publisher\" content=\"https:\/\/www.facebook.com\/ciese.comillas\" \/>\n<meta property=\"article:published_time\" content=\"2021-02-01T12:11:40+00:00\" \/>\n<meta property=\"article:modified_time\" content=\"2023-10-03T11:36:20+00:00\" \/>\n<meta property=\"og:image\" content=\"https:\/\/fundacioncomillas.es\/wp-content\/uploads\/2023\/10\/diploma-de-espanol-dele.jpg\" \/>\n\t<meta property=\"og:image:width\" content=\"800\" \/>\n\t<meta property=\"og:image:height\" content=\"533\" \/>\n\t<meta property=\"og:image:type\" content=\"image\/jpeg\" \/>\n<meta name=\"author\" content=\"fundacion\" \/>\n<meta name=\"twitter:card\" content=\"summary_large_image\" \/>\n<meta name=\"twitter:creator\" content=\"@CIESEComillas\" \/>\n<meta name=\"twitter:site\" content=\"@CIESEComillas\" \/>\n<meta name=\"twitter:label1\" content=\"\u00c9crit par\" \/>\n\t<meta name=\"twitter:data1\" content=\"fundacion\" \/>\n\t<meta name=\"twitter:label2\" content=\"Dur\u00e9e de lecture estim\u00e9e\" \/>\n\t<meta name=\"twitter:data2\" content=\"4 minutes\" \/>\n<script type=\"application\/ld+json\" class=\"yoast-schema-graph\">{\"@context\":\"https:\\\/\\\/schema.org\",\"@graph\":[{\"@type\":\"Article\",\"@id\":\"https:\\\/\\\/fundacioncomillas.es\\\/fr\\\/2021\\\/02\\\/01\\\/cursos-programados-2021\\\/#article\",\"isPartOf\":{\"@id\":\"https:\\\/\\\/fundacioncomillas.es\\\/fr\\\/2021\\\/02\\\/01\\\/cursos-programados-2021\\\/\"},\"author\":{\"name\":\"fundacion\",\"@id\":\"https:\\\/\\\/fundacioncomillas.es\\\/fr\\\/#\\\/schema\\\/person\\\/3cdde58ad1a78de54c94309e39ec81cb\"},\"headline\":\"As\u00ed son los cursos programados para 2021\",\"datePublished\":\"2021-02-01T12:11:40+00:00\",\"dateModified\":\"2023-10-03T11:36:20+00:00\",\"mainEntityOfPage\":{\"@id\":\"https:\\\/\\\/fundacioncomillas.es\\\/fr\\\/2021\\\/02\\\/01\\\/cursos-programados-2021\\\/\"},\"wordCount\":857,\"publisher\":{\"@id\":\"https:\\\/\\\/fundacioncomillas.es\\\/fr\\\/#organization\"},\"image\":{\"@id\":\"https:\\\/\\\/fundacioncomillas.es\\\/fr\\\/2021\\\/02\\\/01\\\/cursos-programados-2021\\\/#primaryimage\"},\"thumbnailUrl\":\"https:\\\/\\\/fundacioncomillas.es\\\/wp-content\\\/uploads\\\/2023\\\/10\\\/diploma-de-espanol-dele.jpg\",\"keywords\":[\"centro de espa\u00f1ol\",\"ciese\",\"DELE\",\"diploma de espa\u00f1ol\",\"ele\",\"Espa\u00f1ol\",\"estudios\",\"fundaci\u00f3n comillas\"],\"articleSection\":[\"Cursos espa\u00f1ol\"],\"inLanguage\":\"fr-FR\"},{\"@type\":\"WebPage\",\"@id\":\"https:\\\/\\\/fundacioncomillas.es\\\/fr\\\/2021\\\/02\\\/01\\\/cursos-programados-2021\\\/\",\"url\":\"https:\\\/\\\/fundacioncomillas.es\\\/fr\\\/2021\\\/02\\\/01\\\/cursos-programados-2021\\\/\",\"name\":\"As\u00ed son los cursos programados para 2021\",\"isPartOf\":{\"@id\":\"https:\\\/\\\/fundacioncomillas.es\\\/fr\\\/#website\"},\"primaryImageOfPage\":{\"@id\":\"https:\\\/\\\/fundacioncomillas.es\\\/fr\\\/2021\\\/02\\\/01\\\/cursos-programados-2021\\\/#primaryimage\"},\"image\":{\"@id\":\"https:\\\/\\\/fundacioncomillas.es\\\/fr\\\/2021\\\/02\\\/01\\\/cursos-programados-2021\\\/#primaryimage\"},\"thumbnailUrl\":\"https:\\\/\\\/fundacioncomillas.es\\\/wp-content\\\/uploads\\\/2023\\\/10\\\/diploma-de-espanol-dele.jpg\",\"datePublished\":\"2021-02-01T12:11:40+00:00\",\"dateModified\":\"2023-10-03T11:36:20+00:00\",\"description\":\"Conoce toda la oferta del Centro Universitario CIESE-Fundaci\u00f3n Comillas para el a\u00f1o 2021: formaci\u00f3n presencial, virtual y preparaci\u00f3n para...\",\"breadcrumb\":{\"@id\":\"https:\\\/\\\/fundacioncomillas.es\\\/fr\\\/2021\\\/02\\\/01\\\/cursos-programados-2021\\\/#breadcrumb\"},\"inLanguage\":\"fr-FR\",\"potentialAction\":[{\"@type\":\"ReadAction\",\"target\":[\"https:\\\/\\\/fundacioncomillas.es\\\/fr\\\/2021\\\/02\\\/01\\\/cursos-programados-2021\\\/\"]}]},{\"@type\":\"ImageObject\",\"inLanguage\":\"fr-FR\",\"@id\":\"https:\\\/\\\/fundacioncomillas.es\\\/fr\\\/2021\\\/02\\\/01\\\/cursos-programados-2021\\\/#primaryimage\",\"url\":\"https:\\\/\\\/fundacioncomillas.es\\\/wp-content\\\/uploads\\\/2023\\\/10\\\/diploma-de-espanol-dele.jpg\",\"contentUrl\":\"https:\\\/\\\/fundacioncomillas.es\\\/wp-content\\\/uploads\\\/2023\\\/10\\\/diploma-de-espanol-dele.jpg\",\"width\":800,\"height\":533,\"caption\":\"Cursos programados\"},{\"@type\":\"BreadcrumbList\",\"@id\":\"https:\\\/\\\/fundacioncomillas.es\\\/fr\\\/2021\\\/02\\\/01\\\/cursos-programados-2021\\\/#breadcrumb\",\"itemListElement\":[{\"@type\":\"ListItem\",\"position\":1,\"name\":\"Portada\",\"item\":\"https:\\\/\\\/fundacioncomillas.es\\\/fr\\\/\"},{\"@type\":\"ListItem\",\"position\":2,\"name\":\"As\u00ed son los cursos programados para 2021\"}]},{\"@type\":\"WebSite\",\"@id\":\"https:\\\/\\\/fundacioncomillas.es\\\/fr\\\/#website\",\"url\":\"https:\\\/\\\/fundacioncomillas.es\\\/fr\\\/\",\"name\":\"Fundaci\u00f3n Comillas\",\"description\":\"La Fundaci\u00f3n Comillas del Espa\u00f1ol y la Cultura Hisp\u00e1nica\",\"publisher\":{\"@id\":\"https:\\\/\\\/fundacioncomillas.es\\\/fr\\\/#organization\"},\"potentialAction\":[{\"@type\":\"SearchAction\",\"target\":{\"@type\":\"EntryPoint\",\"urlTemplate\":\"https:\\\/\\\/fundacioncomillas.es\\\/fr\\\/?s={search_term_string}\"},\"query-input\":{\"@type\":\"PropertyValueSpecification\",\"valueRequired\":true,\"valueName\":\"search_term_string\"}}],\"inLanguage\":\"fr-FR\"},{\"@type\":\"Organization\",\"@id\":\"https:\\\/\\\/fundacioncomillas.es\\\/fr\\\/#organization\",\"name\":\"Fundaci\u00f3n Comillas\",\"alternateName\":\"Fundaci\u00f3n Comillas - CIESE\",\"url\":\"https:\\\/\\\/fundacioncomillas.es\\\/fr\\\/\",\"logo\":{\"@type\":\"ImageObject\",\"inLanguage\":\"fr-FR\",\"@id\":\"https:\\\/\\\/fundacioncomillas.es\\\/fr\\\/#\\\/schema\\\/logo\\\/image\\\/\",\"url\":\"https:\\\/\\\/fundacioncomillas.es\\\/wp-content\\\/uploads\\\/2023\\\/04\\\/logo-fundacion-comillas-.png\",\"contentUrl\":\"https:\\\/\\\/fundacioncomillas.es\\\/wp-content\\\/uploads\\\/2023\\\/04\\\/logo-fundacion-comillas-.png\",\"width\":548,\"height\":536,\"caption\":\"Fundaci\u00f3n Comillas\"},\"image\":{\"@id\":\"https:\\\/\\\/fundacioncomillas.es\\\/fr\\\/#\\\/schema\\\/logo\\\/image\\\/\"},\"sameAs\":[\"https:\\\/\\\/www.facebook.com\\\/ciese.comillas\",\"https:\\\/\\\/x.com\\\/CIESEComillas\",\"https:\\\/\\\/www.instagram.com\\\/uniciesecomillas\\\/\",\"https:\\\/\\\/www.linkedin.com\\\/company\\\/fundacion-comillas\\\/\",\"https:\\\/\\\/www.youtube.com\\\/user\\\/fundacioncomillas\",\"https:\\\/\\\/twitter.com\\\/FundComillas\",\"https:\\\/\\\/www.linkedin.com\\\/company\\\/1533960\\\/admin\\\/\"]},{\"@type\":\"Person\",\"@id\":\"https:\\\/\\\/fundacioncomillas.es\\\/fr\\\/#\\\/schema\\\/person\\\/3cdde58ad1a78de54c94309e39ec81cb\",\"name\":\"fundacion\",\"url\":\"https:\\\/\\\/fundacioncomillas.es\\\/fr\\\/author\\\/fundacion\\\/\"}]}<\/script>\n<!-- \/ Yoast SEO plugin. -->","yoast_head_json":{"title":"As\u00ed son los cursos programados para 2021","description":"Conoce toda la oferta del Centro Universitario CIESE-Fundaci\u00f3n Comillas para el a\u00f1o 2021: formaci\u00f3n presencial, virtual y preparaci\u00f3n para...","robots":{"index":"index","follow":"follow","max-snippet":"max-snippet:-1","max-image-preview":"max-image-preview:large","max-video-preview":"max-video-preview:-1"},"canonical":"https:\/\/fundacioncomillas.es\/fr\/2021\/02\/01\/cursos-programados-2021\/","og_locale":"fr_FR","og_type":"article","og_title":"As\u00ed son los cursos programados para 2021","og_description":"Conoce toda la oferta del Centro Universitario CIESE-Fundaci\u00f3n Comillas para el a\u00f1o 2021: formaci\u00f3n presencial, virtual y preparaci\u00f3n para...","og_url":"https:\/\/fundacioncomillas.es\/fr\/2021\/02\/01\/cursos-programados-2021\/","og_site_name":"Fundaci\u00f3n Comillas","article_publisher":"https:\/\/www.facebook.com\/ciese.comillas","article_published_time":"2021-02-01T12:11:40+00:00","article_modified_time":"2023-10-03T11:36:20+00:00","og_image":[{"width":800,"height":533,"url":"https:\/\/fundacioncomillas.es\/wp-content\/uploads\/2023\/10\/diploma-de-espanol-dele.jpg","type":"image\/jpeg"}],"author":"fundacion","twitter_card":"summary_large_image","twitter_creator":"@CIESEComillas","twitter_site":"@CIESEComillas","twitter_misc":{"\u00c9crit par":"fundacion","Dur\u00e9e de lecture estim\u00e9e":"4 minutes"},"schema":{"@context":"https:\/\/schema.org","@graph":[{"@type":"Article","@id":"https:\/\/fundacioncomillas.es\/fr\/2021\/02\/01\/cursos-programados-2021\/#article","isPartOf":{"@id":"https:\/\/fundacioncomillas.es\/fr\/2021\/02\/01\/cursos-programados-2021\/"},"author":{"name":"fundacion","@id":"https:\/\/fundacioncomillas.es\/fr\/#\/schema\/person\/3cdde58ad1a78de54c94309e39ec81cb"},"headline":"As\u00ed son los cursos programados para 2021","datePublished":"2021-02-01T12:11:40+00:00","dateModified":"2023-10-03T11:36:20+00:00","mainEntityOfPage":{"@id":"https:\/\/fundacioncomillas.es\/fr\/2021\/02\/01\/cursos-programados-2021\/"},"wordCount":857,"publisher":{"@id":"https:\/\/fundacioncomillas.es\/fr\/#organization"},"image":{"@id":"https:\/\/fundacioncomillas.es\/fr\/2021\/02\/01\/cursos-programados-2021\/#primaryimage"},"thumbnailUrl":"https:\/\/fundacioncomillas.es\/wp-content\/uploads\/2023\/10\/diploma-de-espanol-dele.jpg","keywords":["centro de espa\u00f1ol","ciese","DELE","diploma de espa\u00f1ol","ele","Espa\u00f1ol","estudios","fundaci\u00f3n comillas"],"articleSection":["Cursos espa\u00f1ol"],"inLanguage":"fr-FR"},{"@type":"WebPage","@id":"https:\/\/fundacioncomillas.es\/fr\/2021\/02\/01\/cursos-programados-2021\/","url":"https:\/\/fundacioncomillas.es\/fr\/2021\/02\/01\/cursos-programados-2021\/","name":"As\u00ed son los cursos programados para 2021","isPartOf":{"@id":"https:\/\/fundacioncomillas.es\/fr\/#website"},"primaryImageOfPage":{"@id":"https:\/\/fundacioncomillas.es\/fr\/2021\/02\/01\/cursos-programados-2021\/#primaryimage"},"image":{"@id":"https:\/\/fundacioncomillas.es\/fr\/2021\/02\/01\/cursos-programados-2021\/#primaryimage"},"thumbnailUrl":"https:\/\/fundacioncomillas.es\/wp-content\/uploads\/2023\/10\/diploma-de-espanol-dele.jpg","datePublished":"2021-02-01T12:11:40+00:00","dateModified":"2023-10-03T11:36:20+00:00","description":"Conoce toda la oferta del Centro Universitario CIESE-Fundaci\u00f3n Comillas para el a\u00f1o 2021: formaci\u00f3n presencial, virtual y preparaci\u00f3n para...","breadcrumb":{"@id":"https:\/\/fundacioncomillas.es\/fr\/2021\/02\/01\/cursos-programados-2021\/#breadcrumb"},"inLanguage":"fr-FR","potentialAction":[{"@type":"ReadAction","target":["https:\/\/fundacioncomillas.es\/fr\/2021\/02\/01\/cursos-programados-2021\/"]}]},{"@type":"ImageObject","inLanguage":"fr-FR","@id":"https:\/\/fundacioncomillas.es\/fr\/2021\/02\/01\/cursos-programados-2021\/#primaryimage","url":"https:\/\/fundacioncomillas.es\/wp-content\/uploads\/2023\/10\/diploma-de-espanol-dele.jpg","contentUrl":"https:\/\/fundacioncomillas.es\/wp-content\/uploads\/2023\/10\/diploma-de-espanol-dele.jpg","width":800,"height":533,"caption":"Cursos programados"},{"@type":"BreadcrumbList","@id":"https:\/\/fundacioncomillas.es\/fr\/2021\/02\/01\/cursos-programados-2021\/#breadcrumb","itemListElement":[{"@type":"ListItem","position":1,"name":"Portada","item":"https:\/\/fundacioncomillas.es\/fr\/"},{"@type":"ListItem","position":2,"name":"As\u00ed son los cursos programados para 2021"}]},{"@type":"WebSite","@id":"https:\/\/fundacioncomillas.es\/fr\/#website","url":"https:\/\/fundacioncomillas.es\/fr\/","name":"Fundaci\u00f3n Comillas","description":"La Fundaci\u00f3n Comillas del Espa\u00f1ol y la Cultura Hisp\u00e1nica","publisher":{"@id":"https:\/\/fundacioncomillas.es\/fr\/#organization"},"potentialAction":[{"@type":"SearchAction","target":{"@type":"EntryPoint","urlTemplate":"https:\/\/fundacioncomillas.es\/fr\/?s={search_term_string}"},"query-input":{"@type":"PropertyValueSpecification","valueRequired":true,"valueName":"search_term_string"}}],"inLanguage":"fr-FR"},{"@type":"Organization","@id":"https:\/\/fundacioncomillas.es\/fr\/#organization","name":"Fundaci\u00f3n Comillas","alternateName":"Fundaci\u00f3n Comillas - CIESE","url":"https:\/\/fundacioncomillas.es\/fr\/","logo":{"@type":"ImageObject","inLanguage":"fr-FR","@id":"https:\/\/fundacioncomillas.es\/fr\/#\/schema\/logo\/image\/","url":"https:\/\/fundacioncomillas.es\/wp-content\/uploads\/2023\/04\/logo-fundacion-comillas-.png","contentUrl":"https:\/\/fundacioncomillas.es\/wp-content\/uploads\/2023\/04\/logo-fundacion-comillas-.png","width":548,"height":536,"caption":"Fundaci\u00f3n Comillas"},"image":{"@id":"https:\/\/fundacioncomillas.es\/fr\/#\/schema\/logo\/image\/"},"sameAs":["https:\/\/www.facebook.com\/ciese.comillas","https:\/\/x.com\/CIESEComillas","https:\/\/www.instagram.com\/uniciesecomillas\/","https:\/\/www.linkedin.com\/company\/fundacion-comillas\/","https:\/\/www.youtube.com\/user\/fundacioncomillas","https:\/\/twitter.com\/FundComillas","https:\/\/www.linkedin.com\/company\/1533960\/admin\/"]},{"@type":"Person","@id":"https:\/\/fundacioncomillas.es\/fr\/#\/schema\/person\/3cdde58ad1a78de54c94309e39ec81cb","name":"fundacion","url":"https:\/\/fundacioncomillas.es\/fr\/author\/fundacion\/"}]}},"_links":{"self":[{"href":"https:\/\/fundacioncomillas.es\/fr\/wp-json\/wp\/v2\/posts\/9987","targetHints":{"allow":["GET"]}}],"collection":[{"href":"https:\/\/fundacioncomillas.es\/fr\/wp-json\/wp\/v2\/posts"}],"about":[{"href":"https:\/\/fundacioncomillas.es\/fr\/wp-json\/wp\/v2\/types\/post"}],"author":[{"embeddable":true,"href":"https:\/\/fundacioncomillas.es\/fr\/wp-json\/wp\/v2\/users\/3"}],"replies":[{"embeddable":true,"href":"https:\/\/fundacioncomillas.es\/fr\/wp-json\/wp\/v2\/comments?post=9987"}],"version-history":[{"count":3,"href":"https:\/\/fundacioncomillas.es\/fr\/wp-json\/wp\/v2\/posts\/9987\/revisions"}],"predecessor-version":[{"id":9992,"href":"https:\/\/fundacioncomillas.es\/fr\/wp-json\/wp\/v2\/posts\/9987\/revisions\/9992"}],"wp:featuredmedia":[{"embeddable":true,"href":"https:\/\/fundacioncomillas.es\/fr\/wp-json\/wp\/v2\/media\/9988"}],"wp:attachment":[{"href":"https:\/\/fundacioncomillas.es\/fr\/wp-json\/wp\/v2\/media?parent=9987"}],"wp:term":[{"taxonomy":"category","embeddable":true,"href":"https:\/\/fundacioncomillas.es\/fr\/wp-json\/wp\/v2\/categories?post=9987"},{"taxonomy":"post_tag","embeddable":true,"href":"https:\/\/fundacioncomillas.es\/fr\/wp-json\/wp\/v2\/tags?post=9987"}],"curies":[{"name":"wp","href":"https:\/\/api.w.org\/{rel}","templated":true}]}}