{"id":9014,"date":"2023-06-23T11:02:21","date_gmt":"2023-06-23T09:02:21","guid":{"rendered":"https:\/\/fundacioncomillas.es\/?p=9014"},"modified":"2023-06-27T09:38:29","modified_gmt":"2023-06-27T07:38:29","slug":"resultados-del-estudio-sobre-necesidades-formativas","status":"publish","type":"post","link":"https:\/\/fundacioncomillas.es\/fr\/2023\/06\/23\/resultados-del-estudio-sobre-necesidades-formativas\/","title":{"rendered":"La Fundaci\u00f3n Comillas presenta los resultados del estudio sobre necesidades formativas para el empleo en el \u00e1mbito rural de Cantabria"},"content":{"rendered":"<p style=\"text-align: justify;\">La Fundaci\u00f3n Comillas ha presentado los resultados del estudio sobre \u201cDetecci\u00f3n de necesidades formativas\u201d en un encuentro de trabajo al que han asistido agentes relacionados con el <strong>desarrollo social y econ\u00f3mico del territorio<\/strong>. La finalidad de esta investigaci\u00f3n es conocer las capacidades de la poblaci\u00f3n activa y las necesidades del tejido productivo y as\u00ed poder ofrecer programas formativos m\u00e1s ajustados a las necesidades presentes y futuras, especialmente en el <strong>medio rural c\u00e1ntabro. <\/strong><\/p>\n<p style=\"text-align: justify;\">El proyecto persigue establecer una metodolog\u00eda compartida entre los servicios regionales de empleo del <strong>Sistema de Empleo P\u00fablico Estatal <a href=\"https:\/\/www.sepe.es\/HomeSepe\" target=\"_blank\" rel=\"noopener\">(SEPE)<\/a><\/strong>, que permita anticipar necesidades y oportunidades, fundamentalmente en el desarrollo de competencias para la transici\u00f3n digital, ecol\u00f3gica y emprendedora de los <strong>sectores productivos de Cantabria<\/strong>, especialmente en el <strong>sector primario.<\/strong><\/p>\n<p style=\"text-align: justify;\">Durante la presentaci\u00f3n de los resultados, Rafael Ruiz Bada, coordinador innovaci\u00f3n educativa e Impacto Social de la Fundaci\u00f3n Comillas, ha explicado que: \u201cLa implantaci\u00f3n de esta metodolog\u00eda permitir\u00eda al <strong>Servicio C\u00e1ntabro de Empleo<\/strong> disponer de un modelo innovador para abordar problemas complejos y dise\u00f1ar soluciones a largo plazo, m\u00e1s integradoras y ajustadas a las necesidades reales del territorio\u201d. Igualmente, Ruiz Bada ha se\u00f1alado que la propuesta \u201csupone una oportunidad \u00fanica para Cantabria por disponer de unas caracter\u00edsticas especialmente buenas para posicionarse como laboratorio de innovaci\u00f3n social a escala real y experimentar un modelo de referencia a nivel nacional\u201d.<\/p>\n<p style=\"text-align: justify;\"><strong>OPORTUNIDADES DE MEJORA<\/strong><\/p>\n<p style=\"text-align: justify;\">Entre las principales conclusiones obtenidas se ha observado un <strong>desajuste entre la formaci\u00f3n para el empleo ofrecida y las necesidades de las empresas<\/strong> del sector que podr\u00eda corregirse con una actualizaci\u00f3n de los programas, con la elaboraci\u00f3n y el uso de nuevas narrativas que mejoren la imagen del sector, con acciones para potenciar la cultura y la capacidad innovadora de las empresas y con la reducci\u00f3n de las barreras burocr\u00e1ticas todo lo posible. \u201cLos resultados de este an\u00e1lisis son muy esperanzadores, ya que nos han permitido conocer que cambios son necesarios realizar en el modelo de dise\u00f1o de la oferta formativa\u201d y adem\u00e1s, ha puesto de manifiesto \u201cel compromiso de todos los actores implicados para trabajar en un modelo ilusionante e innovador que supone un <strong>cambio de paradigma<\/strong>\u201d. Esto permitir\u00eda \u00ab\u00a0potenciar las capacidades del territorio y mejorar la calidad de empleo en el \u00e1mbito rural\u201d, ha explicado Ruiz durante su intervenci\u00f3n.<\/p>\n<p style=\"text-align: justify;\">El primer paso para la ejecuci\u00f3n de este estudio consisti\u00f3 en la elaboraci\u00f3n del diagn\u00f3stico de competencias profesionales de la poblaci\u00f3n. Para ello, se realizaron <strong>m\u00e1s de 1.000 encuestas<\/strong> dirigidas a residentes en poblaciones rurales de Cantabria, con menos de 5.000 habitantes, lo que supone un total de 84 municipios participantes. Posteriormente, se mantuvieron visitas y entrevistas con todos los agentes implicados, como empresas, asociaciones, organizaciones empresariales, etc. para identificar las necesidades formativas de los sectores productivos. Por \u00faltimo, se plante\u00f3 el contraste entre la oferta formativa y la demanda existente, se elabor\u00f3 el an\u00e1lisis del modelo actual de formaci\u00f3n para el empleo y se dise\u00f1\u00f3 una propuesta de mejora, basada en metodolog\u00edas testadas a nivel internacional, con muy buenos resultados, por organizaciones como el Massachusetts Institute of Technology (MIT), la Fundaci\u00f3n COTEC o el Spain NAB.<\/p>\n<p style=\"text-align: justify;\">Este estudio es una iniciativa impulsada por el Servicio P\u00fablico de Empleo Estatal (SEPE) que ha sido desarrollada por los servicios regionales de empleo. <strong>El Servicio C\u00e1ntabro de Empleo (ENCAN)<\/strong> encarg\u00f3 a la Fundaci\u00f3n Comillas la realizaci\u00f3n de este diagn\u00f3stico de necesidades formativas, dentro de su objetivo estrat\u00e9gico de desarrollo territorial e innovaci\u00f3n educativa. El proyecto cuenta con la financiaci\u00f3n de los fondos Next Generation de la Uni\u00f3n Europa, a trav\u00e9s del \u201cPlan de Recuperaci\u00f3n, Transformaci\u00f3n y Resiliencia\u201d.<\/p>\n<p>El trabajo se ha realizado con la participaci\u00f3n y colaboraci\u00f3n de empresas del sector primario, como Bodegas el Miradoiro, Granja Cuda\u00f1a, Sierra del Oso, la Cofrad\u00eda de pescadores de San Vicente de la Barquera o Heras Horses, organizaciones de formaci\u00f3n para el empleo, como el Centro Integrado de Formaci\u00f3n Profesional de Heras, Nexian o Nortempo, agrupaciones como los Grupos de Acci\u00f3n Local (Li\u00e9bana, Saja-Nansa, Valles Pasiegos, Camp\u00f3o-Los Valles y As\u00f3n-Ag\u00fcera-Trasmiera), y de Acci\u00f3n Pesquera (Oriental y Occidental) de Cantabria, CEOE-CEPYME, la C\u00e1mara de Comercio de Cantabria, Agrocantabria, los sindicatos CCOO y UGT o la Fundaci\u00f3n Bot\u00edn, y el propio Servicio C\u00e1ntabro de Empleo (EMCAN) y el Servicio P\u00fablico de Empleo Estatal (SEPE).<\/p>\n<p style=\"text-align: justify;\"><strong>FUNDACI\u00d3N COMILLAS<\/strong><\/p>\n<p style=\"text-align: justify;\">La <strong>Fundaci\u00f3n Comillas<\/strong> nace con la vocaci\u00f3n de convertirse en una instituci\u00f3n de referencia internacional en la formaci\u00f3n, investigaci\u00f3n y difusi\u00f3n de la lengua espa\u00f1ola y la cultura hisp\u00e1nica.<\/p>\n<p style=\"text-align: justify;\">Entre los objetivos estrat\u00e9gicos de esta instituci\u00f3n est\u00e1 el <strong>desarrollo territorial, econ\u00f3mico y cultural de Cantabria,<\/strong> la investigaci\u00f3n e innovaci\u00f3n en espa\u00f1ol, as\u00ed como la ense\u00f1anza de este en su Centro de Estudios de Estudios Superiores del Espa\u00f1ol (<a href=\"https:\/\/fundacioncomillas.es\/ciese-centro-universitario\/\">CIESE<\/a>) y la difusi\u00f3n internacional, mediante proyectos de cooperaci\u00f3n y el intercambio de experiencias culturales, acad\u00e9micas, cient\u00edficas, profesionales y emprendedoras en espa\u00f1ol.<\/p>\n","protected":false},"excerpt":{"rendered":"<p>El objetivo de esta investigaci\u00f3n es establecer una metodolog\u00eda dotada de herramientas que resulten \u00fatiles a los servicios p\u00fablicos de empleo para detectar anticipadamente las necesidades de formaci\u00f3n existentes en el territorio.<\/p>\n","protected":false},"author":3,"featured_media":9019,"comment_status":"closed","ping_status":"closed","sticky":false,"template":"","format":"standard","meta":{"_acf_changed":false,"om_disable_all_campaigns":false,"_monsterinsights_skip_tracking":false,"_monsterinsights_sitenote_active":false,"_monsterinsights_sitenote_note":"","_monsterinsights_sitenote_category":0,"_uf_show_specific_survey":0,"_uf_disable_surveys":false,"footnotes":"","_links_to":"","_links_to_target":""},"categories":[41],"tags":[104,361,95,362],"class_list":["post-9014","post","type-post","status-publish","format-standard","has-post-thumbnail","hentry","category-fundacion","tag-cantabria","tag-empleo","tag-fundacion-comillas","tag-next-generation"],"acf":[],"yoast_head":"<!-- This site is optimized with the Yoast SEO plugin v27.4 - https:\/\/yoast.com\/product\/yoast-seo-wordpress\/ -->\n<title>Resultados del estudio: &quot;Necesidades formativas para el empleo&quot;<\/title>\n<meta name=\"description\" content=\"La Fundaci\u00f3n Comillas ha presentado los resultados del estudio sobre necesidades formativas para el empleo, en un encuentro de trabajo al...\" \/>\n<meta name=\"robots\" content=\"index, follow, max-snippet:-1, max-image-preview:large, max-video-preview:-1\" \/>\n<link rel=\"canonical\" href=\"https:\/\/fundacioncomillas.es\/fr\/2023\/06\/23\/resultados-del-estudio-sobre-necesidades-formativas\/\" \/>\n<meta property=\"og:locale\" content=\"fr_FR\" \/>\n<meta property=\"og:type\" content=\"article\" \/>\n<meta property=\"og:title\" content=\"Resultados del estudio: &quot;Necesidades formativas para el empleo&quot;\" \/>\n<meta property=\"og:description\" content=\"La Fundaci\u00f3n Comillas ha presentado los resultados del estudio sobre necesidades formativas para el empleo, en un encuentro de trabajo al...\" \/>\n<meta property=\"og:url\" content=\"https:\/\/fundacioncomillas.es\/fr\/2023\/06\/23\/resultados-del-estudio-sobre-necesidades-formativas\/\" \/>\n<meta property=\"og:site_name\" content=\"Fundaci\u00f3n Comillas\" \/>\n<meta property=\"article:publisher\" content=\"https:\/\/www.facebook.com\/ciese.comillas\" \/>\n<meta property=\"article:published_time\" content=\"2023-06-23T09:02:21+00:00\" \/>\n<meta property=\"article:modified_time\" content=\"2023-06-27T07:38:29+00:00\" \/>\n<meta property=\"og:image\" content=\"https:\/\/fundacioncomillas.es\/wp-content\/uploads\/2023\/06\/np-deteccion-necesidades-formativas-1-1.jpg\" \/>\n\t<meta property=\"og:image:width\" content=\"2173\" \/>\n\t<meta property=\"og:image:height\" content=\"1440\" \/>\n\t<meta property=\"og:image:type\" content=\"image\/jpeg\" \/>\n<meta name=\"author\" content=\"fundacion\" \/>\n<meta name=\"twitter:card\" content=\"summary_large_image\" \/>\n<meta name=\"twitter:creator\" content=\"@CIESEComillas\" \/>\n<meta name=\"twitter:site\" content=\"@CIESEComillas\" \/>\n<meta name=\"twitter:label1\" content=\"\u00c9crit par\" \/>\n\t<meta name=\"twitter:data1\" content=\"fundacion\" \/>\n\t<meta name=\"twitter:label2\" content=\"Dur\u00e9e de lecture estim\u00e9e\" \/>\n\t<meta name=\"twitter:data2\" content=\"4 minutes\" \/>\n<script type=\"application\/ld+json\" class=\"yoast-schema-graph\">{\"@context\":\"https:\\\/\\\/schema.org\",\"@graph\":[{\"@type\":\"Article\",\"@id\":\"https:\\\/\\\/fundacioncomillas.es\\\/fr\\\/2023\\\/06\\\/23\\\/resultados-del-estudio-sobre-necesidades-formativas\\\/#article\",\"isPartOf\":{\"@id\":\"https:\\\/\\\/fundacioncomillas.es\\\/fr\\\/2023\\\/06\\\/23\\\/resultados-del-estudio-sobre-necesidades-formativas\\\/\"},\"author\":{\"name\":\"fundacion\",\"@id\":\"https:\\\/\\\/fundacioncomillas.es\\\/fr\\\/#\\\/schema\\\/person\\\/3cdde58ad1a78de54c94309e39ec81cb\"},\"headline\":\"La Fundaci\u00f3n Comillas presenta los resultados del estudio sobre necesidades formativas para el empleo en el \u00e1mbito rural de Cantabria\",\"datePublished\":\"2023-06-23T09:02:21+00:00\",\"dateModified\":\"2023-06-27T07:38:29+00:00\",\"mainEntityOfPage\":{\"@id\":\"https:\\\/\\\/fundacioncomillas.es\\\/fr\\\/2023\\\/06\\\/23\\\/resultados-del-estudio-sobre-necesidades-formativas\\\/\"},\"wordCount\":904,\"publisher\":{\"@id\":\"https:\\\/\\\/fundacioncomillas.es\\\/fr\\\/#organization\"},\"image\":{\"@id\":\"https:\\\/\\\/fundacioncomillas.es\\\/fr\\\/2023\\\/06\\\/23\\\/resultados-del-estudio-sobre-necesidades-formativas\\\/#primaryimage\"},\"thumbnailUrl\":\"https:\\\/\\\/fundacioncomillas.es\\\/wp-content\\\/uploads\\\/2023\\\/06\\\/np-deteccion-necesidades-formativas-1-1.jpg\",\"keywords\":[\"cantabria\",\"empleo\",\"fundaci\u00f3n comillas\",\"Next Generation\"],\"articleSection\":[\"FUNDACI\u00d3N\"],\"inLanguage\":\"fr-FR\"},{\"@type\":\"WebPage\",\"@id\":\"https:\\\/\\\/fundacioncomillas.es\\\/fr\\\/2023\\\/06\\\/23\\\/resultados-del-estudio-sobre-necesidades-formativas\\\/\",\"url\":\"https:\\\/\\\/fundacioncomillas.es\\\/fr\\\/2023\\\/06\\\/23\\\/resultados-del-estudio-sobre-necesidades-formativas\\\/\",\"name\":\"Resultados del estudio: \\\"Necesidades formativas para el empleo\\\"\",\"isPartOf\":{\"@id\":\"https:\\\/\\\/fundacioncomillas.es\\\/fr\\\/#website\"},\"primaryImageOfPage\":{\"@id\":\"https:\\\/\\\/fundacioncomillas.es\\\/fr\\\/2023\\\/06\\\/23\\\/resultados-del-estudio-sobre-necesidades-formativas\\\/#primaryimage\"},\"image\":{\"@id\":\"https:\\\/\\\/fundacioncomillas.es\\\/fr\\\/2023\\\/06\\\/23\\\/resultados-del-estudio-sobre-necesidades-formativas\\\/#primaryimage\"},\"thumbnailUrl\":\"https:\\\/\\\/fundacioncomillas.es\\\/wp-content\\\/uploads\\\/2023\\\/06\\\/np-deteccion-necesidades-formativas-1-1.jpg\",\"datePublished\":\"2023-06-23T09:02:21+00:00\",\"dateModified\":\"2023-06-27T07:38:29+00:00\",\"description\":\"La Fundaci\u00f3n Comillas ha presentado los resultados del estudio sobre necesidades formativas para el empleo, en un encuentro de trabajo al...\",\"breadcrumb\":{\"@id\":\"https:\\\/\\\/fundacioncomillas.es\\\/fr\\\/2023\\\/06\\\/23\\\/resultados-del-estudio-sobre-necesidades-formativas\\\/#breadcrumb\"},\"inLanguage\":\"fr-FR\",\"potentialAction\":[{\"@type\":\"ReadAction\",\"target\":[\"https:\\\/\\\/fundacioncomillas.es\\\/fr\\\/2023\\\/06\\\/23\\\/resultados-del-estudio-sobre-necesidades-formativas\\\/\"]}]},{\"@type\":\"ImageObject\",\"inLanguage\":\"fr-FR\",\"@id\":\"https:\\\/\\\/fundacioncomillas.es\\\/fr\\\/2023\\\/06\\\/23\\\/resultados-del-estudio-sobre-necesidades-formativas\\\/#primaryimage\",\"url\":\"https:\\\/\\\/fundacioncomillas.es\\\/wp-content\\\/uploads\\\/2023\\\/06\\\/np-deteccion-necesidades-formativas-1-1.jpg\",\"contentUrl\":\"https:\\\/\\\/fundacioncomillas.es\\\/wp-content\\\/uploads\\\/2023\\\/06\\\/np-deteccion-necesidades-formativas-1-1.jpg\",\"width\":2173,\"height\":1440,\"caption\":\"Detecci\u00f3n de necesidades formativas\"},{\"@type\":\"BreadcrumbList\",\"@id\":\"https:\\\/\\\/fundacioncomillas.es\\\/fr\\\/2023\\\/06\\\/23\\\/resultados-del-estudio-sobre-necesidades-formativas\\\/#breadcrumb\",\"itemListElement\":[{\"@type\":\"ListItem\",\"position\":1,\"name\":\"Portada\",\"item\":\"https:\\\/\\\/fundacioncomillas.es\\\/fr\\\/\"},{\"@type\":\"ListItem\",\"position\":2,\"name\":\"La Fundaci\u00f3n Comillas presenta los resultados del estudio sobre necesidades formativas para el empleo en el \u00e1mbito rural de Cantabria\"}]},{\"@type\":\"WebSite\",\"@id\":\"https:\\\/\\\/fundacioncomillas.es\\\/fr\\\/#website\",\"url\":\"https:\\\/\\\/fundacioncomillas.es\\\/fr\\\/\",\"name\":\"Fundaci\u00f3n Comillas\",\"description\":\"La Fundaci\u00f3n Comillas del Espa\u00f1ol y la Cultura Hisp\u00e1nica\",\"publisher\":{\"@id\":\"https:\\\/\\\/fundacioncomillas.es\\\/fr\\\/#organization\"},\"potentialAction\":[{\"@type\":\"SearchAction\",\"target\":{\"@type\":\"EntryPoint\",\"urlTemplate\":\"https:\\\/\\\/fundacioncomillas.es\\\/fr\\\/?s={search_term_string}\"},\"query-input\":{\"@type\":\"PropertyValueSpecification\",\"valueRequired\":true,\"valueName\":\"search_term_string\"}}],\"inLanguage\":\"fr-FR\"},{\"@type\":\"Organization\",\"@id\":\"https:\\\/\\\/fundacioncomillas.es\\\/fr\\\/#organization\",\"name\":\"Fundaci\u00f3n Comillas\",\"alternateName\":\"Fundaci\u00f3n Comillas - CIESE\",\"url\":\"https:\\\/\\\/fundacioncomillas.es\\\/fr\\\/\",\"logo\":{\"@type\":\"ImageObject\",\"inLanguage\":\"fr-FR\",\"@id\":\"https:\\\/\\\/fundacioncomillas.es\\\/fr\\\/#\\\/schema\\\/logo\\\/image\\\/\",\"url\":\"https:\\\/\\\/fundacioncomillas.es\\\/wp-content\\\/uploads\\\/2023\\\/04\\\/logo-fundacion-comillas-.png\",\"contentUrl\":\"https:\\\/\\\/fundacioncomillas.es\\\/wp-content\\\/uploads\\\/2023\\\/04\\\/logo-fundacion-comillas-.png\",\"width\":548,\"height\":536,\"caption\":\"Fundaci\u00f3n Comillas\"},\"image\":{\"@id\":\"https:\\\/\\\/fundacioncomillas.es\\\/fr\\\/#\\\/schema\\\/logo\\\/image\\\/\"},\"sameAs\":[\"https:\\\/\\\/www.facebook.com\\\/ciese.comillas\",\"https:\\\/\\\/x.com\\\/CIESEComillas\",\"https:\\\/\\\/www.instagram.com\\\/uniciesecomillas\\\/\",\"https:\\\/\\\/www.linkedin.com\\\/company\\\/fundacion-comillas\\\/\",\"https:\\\/\\\/www.youtube.com\\\/user\\\/fundacioncomillas\",\"https:\\\/\\\/twitter.com\\\/FundComillas\",\"https:\\\/\\\/www.linkedin.com\\\/company\\\/1533960\\\/admin\\\/\"]},{\"@type\":\"Person\",\"@id\":\"https:\\\/\\\/fundacioncomillas.es\\\/fr\\\/#\\\/schema\\\/person\\\/3cdde58ad1a78de54c94309e39ec81cb\",\"name\":\"fundacion\",\"url\":\"https:\\\/\\\/fundacioncomillas.es\\\/fr\\\/author\\\/fundacion\\\/\"}]}<\/script>\n<!-- \/ Yoast SEO plugin. -->","yoast_head_json":{"title":"Resultados del estudio: \"Necesidades formativas para el empleo\"","description":"La Fundaci\u00f3n Comillas ha presentado los resultados del estudio sobre necesidades formativas para el empleo, en un encuentro de trabajo al...","robots":{"index":"index","follow":"follow","max-snippet":"max-snippet:-1","max-image-preview":"max-image-preview:large","max-video-preview":"max-video-preview:-1"},"canonical":"https:\/\/fundacioncomillas.es\/fr\/2023\/06\/23\/resultados-del-estudio-sobre-necesidades-formativas\/","og_locale":"fr_FR","og_type":"article","og_title":"Resultados del estudio: \"Necesidades formativas para el empleo\"","og_description":"La Fundaci\u00f3n Comillas ha presentado los resultados del estudio sobre necesidades formativas para el empleo, en un encuentro de trabajo al...","og_url":"https:\/\/fundacioncomillas.es\/fr\/2023\/06\/23\/resultados-del-estudio-sobre-necesidades-formativas\/","og_site_name":"Fundaci\u00f3n Comillas","article_publisher":"https:\/\/www.facebook.com\/ciese.comillas","article_published_time":"2023-06-23T09:02:21+00:00","article_modified_time":"2023-06-27T07:38:29+00:00","og_image":[{"width":2173,"height":1440,"url":"https:\/\/fundacioncomillas.es\/wp-content\/uploads\/2023\/06\/np-deteccion-necesidades-formativas-1-1.jpg","type":"image\/jpeg"}],"author":"fundacion","twitter_card":"summary_large_image","twitter_creator":"@CIESEComillas","twitter_site":"@CIESEComillas","twitter_misc":{"\u00c9crit par":"fundacion","Dur\u00e9e de lecture estim\u00e9e":"4 minutes"},"schema":{"@context":"https:\/\/schema.org","@graph":[{"@type":"Article","@id":"https:\/\/fundacioncomillas.es\/fr\/2023\/06\/23\/resultados-del-estudio-sobre-necesidades-formativas\/#article","isPartOf":{"@id":"https:\/\/fundacioncomillas.es\/fr\/2023\/06\/23\/resultados-del-estudio-sobre-necesidades-formativas\/"},"author":{"name":"fundacion","@id":"https:\/\/fundacioncomillas.es\/fr\/#\/schema\/person\/3cdde58ad1a78de54c94309e39ec81cb"},"headline":"La Fundaci\u00f3n Comillas presenta los resultados del estudio sobre necesidades formativas para el empleo en el \u00e1mbito rural de Cantabria","datePublished":"2023-06-23T09:02:21+00:00","dateModified":"2023-06-27T07:38:29+00:00","mainEntityOfPage":{"@id":"https:\/\/fundacioncomillas.es\/fr\/2023\/06\/23\/resultados-del-estudio-sobre-necesidades-formativas\/"},"wordCount":904,"publisher":{"@id":"https:\/\/fundacioncomillas.es\/fr\/#organization"},"image":{"@id":"https:\/\/fundacioncomillas.es\/fr\/2023\/06\/23\/resultados-del-estudio-sobre-necesidades-formativas\/#primaryimage"},"thumbnailUrl":"https:\/\/fundacioncomillas.es\/wp-content\/uploads\/2023\/06\/np-deteccion-necesidades-formativas-1-1.jpg","keywords":["cantabria","empleo","fundaci\u00f3n comillas","Next Generation"],"articleSection":["FUNDACI\u00d3N"],"inLanguage":"fr-FR"},{"@type":"WebPage","@id":"https:\/\/fundacioncomillas.es\/fr\/2023\/06\/23\/resultados-del-estudio-sobre-necesidades-formativas\/","url":"https:\/\/fundacioncomillas.es\/fr\/2023\/06\/23\/resultados-del-estudio-sobre-necesidades-formativas\/","name":"Resultados del estudio: \"Necesidades formativas para el empleo\"","isPartOf":{"@id":"https:\/\/fundacioncomillas.es\/fr\/#website"},"primaryImageOfPage":{"@id":"https:\/\/fundacioncomillas.es\/fr\/2023\/06\/23\/resultados-del-estudio-sobre-necesidades-formativas\/#primaryimage"},"image":{"@id":"https:\/\/fundacioncomillas.es\/fr\/2023\/06\/23\/resultados-del-estudio-sobre-necesidades-formativas\/#primaryimage"},"thumbnailUrl":"https:\/\/fundacioncomillas.es\/wp-content\/uploads\/2023\/06\/np-deteccion-necesidades-formativas-1-1.jpg","datePublished":"2023-06-23T09:02:21+00:00","dateModified":"2023-06-27T07:38:29+00:00","description":"La Fundaci\u00f3n Comillas ha presentado los resultados del estudio sobre necesidades formativas para el empleo, en un encuentro de trabajo al...","breadcrumb":{"@id":"https:\/\/fundacioncomillas.es\/fr\/2023\/06\/23\/resultados-del-estudio-sobre-necesidades-formativas\/#breadcrumb"},"inLanguage":"fr-FR","potentialAction":[{"@type":"ReadAction","target":["https:\/\/fundacioncomillas.es\/fr\/2023\/06\/23\/resultados-del-estudio-sobre-necesidades-formativas\/"]}]},{"@type":"ImageObject","inLanguage":"fr-FR","@id":"https:\/\/fundacioncomillas.es\/fr\/2023\/06\/23\/resultados-del-estudio-sobre-necesidades-formativas\/#primaryimage","url":"https:\/\/fundacioncomillas.es\/wp-content\/uploads\/2023\/06\/np-deteccion-necesidades-formativas-1-1.jpg","contentUrl":"https:\/\/fundacioncomillas.es\/wp-content\/uploads\/2023\/06\/np-deteccion-necesidades-formativas-1-1.jpg","width":2173,"height":1440,"caption":"Detecci\u00f3n de necesidades formativas"},{"@type":"BreadcrumbList","@id":"https:\/\/fundacioncomillas.es\/fr\/2023\/06\/23\/resultados-del-estudio-sobre-necesidades-formativas\/#breadcrumb","itemListElement":[{"@type":"ListItem","position":1,"name":"Portada","item":"https:\/\/fundacioncomillas.es\/fr\/"},{"@type":"ListItem","position":2,"name":"La Fundaci\u00f3n Comillas presenta los resultados del estudio sobre necesidades formativas para el empleo en el \u00e1mbito rural de Cantabria"}]},{"@type":"WebSite","@id":"https:\/\/fundacioncomillas.es\/fr\/#website","url":"https:\/\/fundacioncomillas.es\/fr\/","name":"Fundaci\u00f3n Comillas","description":"La Fundaci\u00f3n Comillas del Espa\u00f1ol y la Cultura Hisp\u00e1nica","publisher":{"@id":"https:\/\/fundacioncomillas.es\/fr\/#organization"},"potentialAction":[{"@type":"SearchAction","target":{"@type":"EntryPoint","urlTemplate":"https:\/\/fundacioncomillas.es\/fr\/?s={search_term_string}"},"query-input":{"@type":"PropertyValueSpecification","valueRequired":true,"valueName":"search_term_string"}}],"inLanguage":"fr-FR"},{"@type":"Organization","@id":"https:\/\/fundacioncomillas.es\/fr\/#organization","name":"Fundaci\u00f3n Comillas","alternateName":"Fundaci\u00f3n Comillas - CIESE","url":"https:\/\/fundacioncomillas.es\/fr\/","logo":{"@type":"ImageObject","inLanguage":"fr-FR","@id":"https:\/\/fundacioncomillas.es\/fr\/#\/schema\/logo\/image\/","url":"https:\/\/fundacioncomillas.es\/wp-content\/uploads\/2023\/04\/logo-fundacion-comillas-.png","contentUrl":"https:\/\/fundacioncomillas.es\/wp-content\/uploads\/2023\/04\/logo-fundacion-comillas-.png","width":548,"height":536,"caption":"Fundaci\u00f3n Comillas"},"image":{"@id":"https:\/\/fundacioncomillas.es\/fr\/#\/schema\/logo\/image\/"},"sameAs":["https:\/\/www.facebook.com\/ciese.comillas","https:\/\/x.com\/CIESEComillas","https:\/\/www.instagram.com\/uniciesecomillas\/","https:\/\/www.linkedin.com\/company\/fundacion-comillas\/","https:\/\/www.youtube.com\/user\/fundacioncomillas","https:\/\/twitter.com\/FundComillas","https:\/\/www.linkedin.com\/company\/1533960\/admin\/"]},{"@type":"Person","@id":"https:\/\/fundacioncomillas.es\/fr\/#\/schema\/person\/3cdde58ad1a78de54c94309e39ec81cb","name":"fundacion","url":"https:\/\/fundacioncomillas.es\/fr\/author\/fundacion\/"}]}},"_links":{"self":[{"href":"https:\/\/fundacioncomillas.es\/fr\/wp-json\/wp\/v2\/posts\/9014","targetHints":{"allow":["GET"]}}],"collection":[{"href":"https:\/\/fundacioncomillas.es\/fr\/wp-json\/wp\/v2\/posts"}],"about":[{"href":"https:\/\/fundacioncomillas.es\/fr\/wp-json\/wp\/v2\/types\/post"}],"author":[{"embeddable":true,"href":"https:\/\/fundacioncomillas.es\/fr\/wp-json\/wp\/v2\/users\/3"}],"replies":[{"embeddable":true,"href":"https:\/\/fundacioncomillas.es\/fr\/wp-json\/wp\/v2\/comments?post=9014"}],"version-history":[{"count":4,"href":"https:\/\/fundacioncomillas.es\/fr\/wp-json\/wp\/v2\/posts\/9014\/revisions"}],"predecessor-version":[{"id":9099,"href":"https:\/\/fundacioncomillas.es\/fr\/wp-json\/wp\/v2\/posts\/9014\/revisions\/9099"}],"wp:featuredmedia":[{"embeddable":true,"href":"https:\/\/fundacioncomillas.es\/fr\/wp-json\/wp\/v2\/media\/9019"}],"wp:attachment":[{"href":"https:\/\/fundacioncomillas.es\/fr\/wp-json\/wp\/v2\/media?parent=9014"}],"wp:term":[{"taxonomy":"category","embeddable":true,"href":"https:\/\/fundacioncomillas.es\/fr\/wp-json\/wp\/v2\/categories?post=9014"},{"taxonomy":"post_tag","embeddable":true,"href":"https:\/\/fundacioncomillas.es\/fr\/wp-json\/wp\/v2\/tags?post=9014"}],"curies":[{"name":"wp","href":"https:\/\/api.w.org\/{rel}","templated":true}]}}