{"id":8525,"date":"2019-11-21T11:30:59","date_gmt":"2019-11-21T10:30:59","guid":{"rendered":"https:\/\/fundacioncomillas.es\/?p=8525"},"modified":"2023-12-04T12:05:27","modified_gmt":"2023-12-04T11:05:27","slug":"historia-del-instituto-cervantes","status":"publish","type":"post","link":"https:\/\/fundacioncomillas.es\/fr\/2019\/11\/21\/historia-del-instituto-cervantes\/","title":{"rendered":"Historia del Instituto Cervantes"},"content":{"rendered":"<p style=\"text-align: justify;\">\u00bfSab\u00edas que existen unas siete mil lenguas en el mundo y que el espa\u00f1ol es la segunda m\u00e1s hablada y estudiada? Esto es debido, en parte, a la labor de difusi\u00f3n de nuestra lengua que desde hace d\u00e9cadas llevan a cabo las principales instituciones p\u00fablicas y\/o privadas vinculadas al estudio de nuestro idioma. Hoy, nuestro art\u00edculo trata sobre uno de sus organismos m\u00e1s representativos y su historia: el Instituto Cervantes.<\/p>\n<p style=\"text-align: justify;\"><strong>Presente en setenta ciudades de cuarenta y cinco pa\u00edses diferentes a lo largo de los cinco continentes<\/strong>, el Instituto Cervantes se fund\u00f3 en el a\u00f1o 1991 con la premisa de \u201c<em>agrupar y potenciar los esfuerzos de defensa del espa\u00f1ol en el mundo<\/em>\u201d al igual que otras instituciones hom\u00f3logas como el\u00a0<em>Goethe Institut<\/em>, de la Rep\u00fablica Federal Alemana; el\u00a0<em>British Council<\/em>, del Reino Unido; la\u00a0<em>Alliance Francaise<\/em>, de Francia; o la\u00a0<em>Societ\u00e1 Dante Alighieri<\/em>, de Italia.<\/p>\n<h2>HISTORIA DEL INSTITUTO CERVANTES<\/h2>\n<p style=\"text-align: justify;\">Actualmente, la actividad principal de la instituci\u00f3n se centra fundamentalmente en atender al patrimonio ling\u00fc\u00edstico y cultural de la comunidad hispanohablante. Entre sus objetivos y funciones principales podemos encontrar la\u00a0<strong>organizaci\u00f3n de cursos generales y especializados sobre lengua espa\u00f1ola y sus lenguas cooficiales, el desarrollo de nuevos m\u00e9todos de ense\u00f1anza y formaci\u00f3n para el profesorado o la gesti\u00f3n de la mayor red de bibliotecas espa\u00f1olas en el mundo<\/strong>. Adem\u00e1s, el Instituto Cervantes es responsable de desarrollar actividades de difusi\u00f3n cultural en colaboraci\u00f3n con otros organismos espa\u00f1oles e hispanoamericanos y con otras entidades en los pa\u00edses anfitriones donde tiene presencia.<\/p>\n<p style=\"text-align: justify;\">Compartir el conocimiento utilizando la tecnolog\u00eda, innovaci\u00f3n al servicio de la cultura<\/p>\n<p style=\"text-align: justify;\">La red de bibliotecas del Instituto Cervantes cuenta con multitud de recursos dirigidos no solo a profesionales, tambi\u00e9n a estudiantes. Gracias a su servicio de\u00a0<em>Pr\u00e9stamo de libros<\/em>, cualquier persona que disponga de un carnet de usuario puede acceder y consultar todos sus ejemplares. Adem\u00e1s, desde el a\u00f1o 2013, a trav\u00e9s del servicio de\u00a0<em>Biblioteca electr\u00f3nica<\/em>\u00a0cualquier usuario puede hacerse socio y acceder a m\u00e1s de cuatro mil t\u00edtulos libres de derechos de autor en formato audiolibro o libro electr\u00f3nico, su\u00a0<em>Club virtual de lectura<\/em>\u00a0o\u00a0<em>Recursos-e.<\/em><\/p>\n<p style=\"text-align: justify;\">Esta innovadora apuesta por el uso de la tecnolog\u00eda como veh\u00edculo de la difusi\u00f3n de nuestra lengua ha llevado a la instituci\u00f3n a desarrollar propuestas m\u00e1s vanguardistas como el servicio de\u00a0<em>Pr\u00e9stamo de libros en streaming<\/em>\u00a0que permite a los visitantes leer y consultar libros \u201cen directo\u201d a trav\u00e9s de un tel\u00e9fono m\u00f3vil, tableta u ordenador.<\/p>\n<h3>PATRONATO DE HONOR<\/h3>\n<p style=\"text-align: justify;\">A t\u00edtulo meramente enunciativo podemos contarte que el Instituto Cervantes se rige a trav\u00e9s de un patronato cuya Presidencia de Honor corresponde a S.M. el Rey de Espa\u00f1a; la Presidencia Ejecutiva, al presidente del Gobierno espa\u00f1ol; los vocales, personalidades destacadas representantes de las letras y la cultura espa\u00f1ola e hispanoamericana, de las Reales Academias, universidades y otras instituciones sociales.<\/p>\n<p style=\"text-align: justify;\">Existe adem\u00e1s un derecho que pueden ejercer todos aquellos escritores galardonados con el Premio de Literatura Miguel de Cervantes que consiste en convertirse en vocales natos de la instituci\u00f3n.<\/p>\n<p style=\"text-align: justify;\">Gracias a su consejo de administraci\u00f3n, que aprueba todas las acciones y planes generales; su director, quien representa y dirige el centro; y su estructura organizativa, el Instituto Cervantes puede desarrollar con \u00e9xito todo tipo de actividades relacionadas con la difusi\u00f3n de nuestra lengua en el mundo.<\/p>\n<p style=\"text-align: justify;\">Para concluir nuestro art\u00edculo de hoy, nos gustar\u00eda recomendarte\u00a0<a href=\"https:\/\/www.cervantes.es\/sobre_instituto_cervantes\/publicaciones_espanol\/catalogos\/maravillosa_historia_esp.htm\">este libro<\/a>\u00a0que encontrar\u00e1s en la p\u00e1gina oficial del instituto y cuya trama gira en torno al nacimiento de nuestra lengua en\u00a0<em>los<\/em>\u00a0<em>poblados perdidos de la vieja Hispania<\/em>\u00a0y c\u00f3mo esta se difundi\u00f3 a lo largo de la historia entre los pueblos de Am\u00e9rica, \u00c1frica o Filipinas a trav\u00e9s de las aventuras vividas por los primeros hispanohablantes. Su autor, Francisco Moreno Fern\u00e1ndez, es catedr\u00e1tico de Lengua Espa\u00f1ola de la Universidad de Alcal\u00e1 y ha sido director acad\u00e9mico del Instituto Cervantes y tambi\u00e9n de nuestra instituci\u00f3n.<\/p>\n<p style=\"text-align: justify;\">Esperamos que hayas disfrutado con esta breve historia de una de las instituciones m\u00e1s relevantes en la difusi\u00f3n del espa\u00f1ol a nivel mundial, y recuerda: como centro adscrito al Instituto Cervantes, en el\u00a0<a href=\"https:\/\/fundacioncomillas.es\/ciese-centro-universitario\/\">Centro Universitario CIESE-Fundaci\u00f3n Comillas<\/a>\u00a0podr\u00e1s disfrutar de todos los servicios y recursos que esta instituci\u00f3n pone a tu disposici\u00f3n.<\/p>\n<p style=\"text-align: justify;\">Fuentes consultadas en la elaboraci\u00f3n de este art\u00edculo:<\/p>\n<p><a href=\"https:\/\/www.cervantes.es\/sobre_instituto_cervantes\/publicaciones_espanol\/catalogos\/maravillosa_historia_esp.htm\" target=\"_blank\" rel=\"noopener\">https:\/\/www.cervantes.es\/sobre_instituto_cervantes\/publicaciones_espanol\/catalogos\/maravillosa_historia_esp.htm<\/a><\/p>\n<p><a href=\"https:\/\/www.cervantes.es\/bibliotecas_documentacion_espanol\/biblioteca_electronica\/default.htm\" target=\"_blank\" rel=\"noopener\">https:\/\/www.cervantes.es\/bibliotecas_documentacion_espanol\/biblioteca_electronica\/default.htm<\/a><\/p>\n<p><a href=\"https:\/\/elpais.com\/diario\/1990\/05\/12\/portada\/642463203_850215.html\" target=\"_blank\" rel=\"noopener\">https:\/\/elpais.com\/diario\/1990\/05\/12\/portada\/642463203_850215.html<\/a><\/p>\n<p>&nbsp;<\/p>\n<p>&nbsp;<\/p>\n","protected":false},"excerpt":{"rendered":"<p>\u00bfSab\u00edas que existen unas siete mil lenguas en el mundo y que el espa\u00f1ol es la segunda m\u00e1s hablada y estudiada? Esto es debido, en parte, a la labor de difusi\u00f3n de nuestra lengua que desde hace d\u00e9cadas llevan a cabo las principales instituciones p\u00fablicas y\/o privadas.<\/p>\n","protected":false},"author":3,"featured_media":8526,"comment_status":"closed","ping_status":"closed","sticky":false,"template":"","format":"standard","meta":{"_acf_changed":false,"om_disable_all_campaigns":false,"_monsterinsights_skip_tracking":false,"_monsterinsights_sitenote_active":false,"_monsterinsights_sitenote_note":"","_monsterinsights_sitenote_category":0,"_uf_show_specific_survey":0,"_uf_disable_surveys":false,"footnotes":"","_links_to":"","_links_to_target":""},"categories":[149],"tags":[315,306,124],"class_list":["post-8525","post","type-post","status-publish","format-standard","has-post-thumbnail","hentry","category-curiosidades","tag-cervantes","tag-historia","tag-instituto-cervantes"],"acf":[],"yoast_head":"<!-- This site is optimized with the Yoast SEO plugin v27.4 - https:\/\/yoast.com\/product\/yoast-seo-wordpress\/ -->\n<title>Historia del Instituto Cervantes - Fundaci\u00f3n Comillas<\/title>\n<meta name=\"robots\" content=\"index, follow, max-snippet:-1, max-image-preview:large, max-video-preview:-1\" \/>\n<link rel=\"canonical\" href=\"https:\/\/fundacioncomillas.es\/fr\/2019\/11\/21\/historia-del-instituto-cervantes\/\" \/>\n<meta property=\"og:locale\" content=\"fr_FR\" \/>\n<meta property=\"og:type\" content=\"article\" \/>\n<meta property=\"og:title\" content=\"Historia del Instituto Cervantes - Fundaci\u00f3n Comillas\" \/>\n<meta property=\"og:description\" content=\"\u00bfSab\u00edas que existen unas siete mil lenguas en el mundo y que el espa\u00f1ol es la segunda m\u00e1s hablada y estudiada? Esto es debido, en parte, a la labor de difusi\u00f3n de nuestra lengua que desde hace d\u00e9cadas llevan a cabo las principales instituciones p\u00fablicas y\/o privadas.\" \/>\n<meta property=\"og:url\" content=\"https:\/\/fundacioncomillas.es\/fr\/2019\/11\/21\/historia-del-instituto-cervantes\/\" \/>\n<meta property=\"og:site_name\" content=\"Fundaci\u00f3n Comillas\" \/>\n<meta property=\"article:publisher\" content=\"https:\/\/www.facebook.com\/ciese.comillas\" \/>\n<meta property=\"article:published_time\" content=\"2019-11-21T10:30:59+00:00\" \/>\n<meta property=\"article:modified_time\" content=\"2023-12-04T11:05:27+00:00\" \/>\n<meta property=\"og:image\" content=\"https:\/\/fundacioncomillas.es\/wp-content\/uploads\/2023\/06\/historia-del-instituto-cervantes.png\" \/>\n\t<meta property=\"og:image:width\" content=\"599\" \/>\n\t<meta property=\"og:image:height\" content=\"400\" \/>\n\t<meta property=\"og:image:type\" content=\"image\/png\" \/>\n<meta name=\"author\" content=\"fundacion\" \/>\n<meta name=\"twitter:card\" content=\"summary_large_image\" \/>\n<meta name=\"twitter:creator\" content=\"@CIESEComillas\" \/>\n<meta name=\"twitter:site\" content=\"@CIESEComillas\" \/>\n<meta name=\"twitter:label1\" content=\"\u00c9crit par\" \/>\n\t<meta name=\"twitter:data1\" content=\"fundacion\" \/>\n\t<meta name=\"twitter:label2\" content=\"Dur\u00e9e de lecture estim\u00e9e\" \/>\n\t<meta name=\"twitter:data2\" content=\"4 minutes\" \/>\n<script type=\"application\/ld+json\" class=\"yoast-schema-graph\">{\"@context\":\"https:\\\/\\\/schema.org\",\"@graph\":[{\"@type\":\"Article\",\"@id\":\"https:\\\/\\\/fundacioncomillas.es\\\/fr\\\/2019\\\/11\\\/21\\\/historia-del-instituto-cervantes\\\/#article\",\"isPartOf\":{\"@id\":\"https:\\\/\\\/fundacioncomillas.es\\\/fr\\\/2019\\\/11\\\/21\\\/historia-del-instituto-cervantes\\\/\"},\"author\":{\"name\":\"fundacion\",\"@id\":\"https:\\\/\\\/fundacioncomillas.es\\\/fr\\\/#\\\/schema\\\/person\\\/3cdde58ad1a78de54c94309e39ec81cb\"},\"headline\":\"Historia del Instituto Cervantes\",\"datePublished\":\"2019-11-21T10:30:59+00:00\",\"dateModified\":\"2023-12-04T11:05:27+00:00\",\"mainEntityOfPage\":{\"@id\":\"https:\\\/\\\/fundacioncomillas.es\\\/fr\\\/2019\\\/11\\\/21\\\/historia-del-instituto-cervantes\\\/\"},\"wordCount\":811,\"publisher\":{\"@id\":\"https:\\\/\\\/fundacioncomillas.es\\\/fr\\\/#organization\"},\"image\":{\"@id\":\"https:\\\/\\\/fundacioncomillas.es\\\/fr\\\/2019\\\/11\\\/21\\\/historia-del-instituto-cervantes\\\/#primaryimage\"},\"thumbnailUrl\":\"https:\\\/\\\/fundacioncomillas.es\\\/wp-content\\\/uploads\\\/2023\\\/06\\\/historia-del-instituto-cervantes.png\",\"keywords\":[\"cervantes\",\"historia\",\"instituto cervantes\"],\"articleSection\":[\"Curiosidades\"],\"inLanguage\":\"fr-FR\"},{\"@type\":\"WebPage\",\"@id\":\"https:\\\/\\\/fundacioncomillas.es\\\/fr\\\/2019\\\/11\\\/21\\\/historia-del-instituto-cervantes\\\/\",\"url\":\"https:\\\/\\\/fundacioncomillas.es\\\/fr\\\/2019\\\/11\\\/21\\\/historia-del-instituto-cervantes\\\/\",\"name\":\"Historia del Instituto Cervantes - Fundaci\u00f3n Comillas\",\"isPartOf\":{\"@id\":\"https:\\\/\\\/fundacioncomillas.es\\\/fr\\\/#website\"},\"primaryImageOfPage\":{\"@id\":\"https:\\\/\\\/fundacioncomillas.es\\\/fr\\\/2019\\\/11\\\/21\\\/historia-del-instituto-cervantes\\\/#primaryimage\"},\"image\":{\"@id\":\"https:\\\/\\\/fundacioncomillas.es\\\/fr\\\/2019\\\/11\\\/21\\\/historia-del-instituto-cervantes\\\/#primaryimage\"},\"thumbnailUrl\":\"https:\\\/\\\/fundacioncomillas.es\\\/wp-content\\\/uploads\\\/2023\\\/06\\\/historia-del-instituto-cervantes.png\",\"datePublished\":\"2019-11-21T10:30:59+00:00\",\"dateModified\":\"2023-12-04T11:05:27+00:00\",\"breadcrumb\":{\"@id\":\"https:\\\/\\\/fundacioncomillas.es\\\/fr\\\/2019\\\/11\\\/21\\\/historia-del-instituto-cervantes\\\/#breadcrumb\"},\"inLanguage\":\"fr-FR\",\"potentialAction\":[{\"@type\":\"ReadAction\",\"target\":[\"https:\\\/\\\/fundacioncomillas.es\\\/fr\\\/2019\\\/11\\\/21\\\/historia-del-instituto-cervantes\\\/\"]}]},{\"@type\":\"ImageObject\",\"inLanguage\":\"fr-FR\",\"@id\":\"https:\\\/\\\/fundacioncomillas.es\\\/fr\\\/2019\\\/11\\\/21\\\/historia-del-instituto-cervantes\\\/#primaryimage\",\"url\":\"https:\\\/\\\/fundacioncomillas.es\\\/wp-content\\\/uploads\\\/2023\\\/06\\\/historia-del-instituto-cervantes.png\",\"contentUrl\":\"https:\\\/\\\/fundacioncomillas.es\\\/wp-content\\\/uploads\\\/2023\\\/06\\\/historia-del-instituto-cervantes.png\",\"width\":599,\"height\":400,\"caption\":\"Historia del Instituto Cervantes\"},{\"@type\":\"BreadcrumbList\",\"@id\":\"https:\\\/\\\/fundacioncomillas.es\\\/fr\\\/2019\\\/11\\\/21\\\/historia-del-instituto-cervantes\\\/#breadcrumb\",\"itemListElement\":[{\"@type\":\"ListItem\",\"position\":1,\"name\":\"Portada\",\"item\":\"https:\\\/\\\/fundacioncomillas.es\\\/fr\\\/\"},{\"@type\":\"ListItem\",\"position\":2,\"name\":\"Historia del Instituto Cervantes\"}]},{\"@type\":\"WebSite\",\"@id\":\"https:\\\/\\\/fundacioncomillas.es\\\/fr\\\/#website\",\"url\":\"https:\\\/\\\/fundacioncomillas.es\\\/fr\\\/\",\"name\":\"Fundaci\u00f3n Comillas\",\"description\":\"La Fundaci\u00f3n Comillas del Espa\u00f1ol y la Cultura Hisp\u00e1nica\",\"publisher\":{\"@id\":\"https:\\\/\\\/fundacioncomillas.es\\\/fr\\\/#organization\"},\"potentialAction\":[{\"@type\":\"SearchAction\",\"target\":{\"@type\":\"EntryPoint\",\"urlTemplate\":\"https:\\\/\\\/fundacioncomillas.es\\\/fr\\\/?s={search_term_string}\"},\"query-input\":{\"@type\":\"PropertyValueSpecification\",\"valueRequired\":true,\"valueName\":\"search_term_string\"}}],\"inLanguage\":\"fr-FR\"},{\"@type\":\"Organization\",\"@id\":\"https:\\\/\\\/fundacioncomillas.es\\\/fr\\\/#organization\",\"name\":\"Fundaci\u00f3n Comillas\",\"alternateName\":\"Fundaci\u00f3n Comillas - CIESE\",\"url\":\"https:\\\/\\\/fundacioncomillas.es\\\/fr\\\/\",\"logo\":{\"@type\":\"ImageObject\",\"inLanguage\":\"fr-FR\",\"@id\":\"https:\\\/\\\/fundacioncomillas.es\\\/fr\\\/#\\\/schema\\\/logo\\\/image\\\/\",\"url\":\"https:\\\/\\\/fundacioncomillas.es\\\/wp-content\\\/uploads\\\/2023\\\/04\\\/logo-fundacion-comillas-.png\",\"contentUrl\":\"https:\\\/\\\/fundacioncomillas.es\\\/wp-content\\\/uploads\\\/2023\\\/04\\\/logo-fundacion-comillas-.png\",\"width\":548,\"height\":536,\"caption\":\"Fundaci\u00f3n Comillas\"},\"image\":{\"@id\":\"https:\\\/\\\/fundacioncomillas.es\\\/fr\\\/#\\\/schema\\\/logo\\\/image\\\/\"},\"sameAs\":[\"https:\\\/\\\/www.facebook.com\\\/ciese.comillas\",\"https:\\\/\\\/x.com\\\/CIESEComillas\",\"https:\\\/\\\/www.instagram.com\\\/uniciesecomillas\\\/\",\"https:\\\/\\\/www.linkedin.com\\\/company\\\/fundacion-comillas\\\/\",\"https:\\\/\\\/www.youtube.com\\\/user\\\/fundacioncomillas\",\"https:\\\/\\\/twitter.com\\\/FundComillas\",\"https:\\\/\\\/www.linkedin.com\\\/company\\\/1533960\\\/admin\\\/\"]},{\"@type\":\"Person\",\"@id\":\"https:\\\/\\\/fundacioncomillas.es\\\/fr\\\/#\\\/schema\\\/person\\\/3cdde58ad1a78de54c94309e39ec81cb\",\"name\":\"fundacion\",\"url\":\"https:\\\/\\\/fundacioncomillas.es\\\/fr\\\/author\\\/fundacion\\\/\"}]}<\/script>\n<!-- \/ Yoast SEO plugin. -->","yoast_head_json":{"title":"Historia del Instituto Cervantes - Fundaci\u00f3n Comillas","robots":{"index":"index","follow":"follow","max-snippet":"max-snippet:-1","max-image-preview":"max-image-preview:large","max-video-preview":"max-video-preview:-1"},"canonical":"https:\/\/fundacioncomillas.es\/fr\/2019\/11\/21\/historia-del-instituto-cervantes\/","og_locale":"fr_FR","og_type":"article","og_title":"Historia del Instituto Cervantes - Fundaci\u00f3n Comillas","og_description":"\u00bfSab\u00edas que existen unas siete mil lenguas en el mundo y que el espa\u00f1ol es la segunda m\u00e1s hablada y estudiada? Esto es debido, en parte, a la labor de difusi\u00f3n de nuestra lengua que desde hace d\u00e9cadas llevan a cabo las principales instituciones p\u00fablicas y\/o privadas.","og_url":"https:\/\/fundacioncomillas.es\/fr\/2019\/11\/21\/historia-del-instituto-cervantes\/","og_site_name":"Fundaci\u00f3n Comillas","article_publisher":"https:\/\/www.facebook.com\/ciese.comillas","article_published_time":"2019-11-21T10:30:59+00:00","article_modified_time":"2023-12-04T11:05:27+00:00","og_image":[{"width":599,"height":400,"url":"https:\/\/fundacioncomillas.es\/wp-content\/uploads\/2023\/06\/historia-del-instituto-cervantes.png","type":"image\/png"}],"author":"fundacion","twitter_card":"summary_large_image","twitter_creator":"@CIESEComillas","twitter_site":"@CIESEComillas","twitter_misc":{"\u00c9crit par":"fundacion","Dur\u00e9e de lecture estim\u00e9e":"4 minutes"},"schema":{"@context":"https:\/\/schema.org","@graph":[{"@type":"Article","@id":"https:\/\/fundacioncomillas.es\/fr\/2019\/11\/21\/historia-del-instituto-cervantes\/#article","isPartOf":{"@id":"https:\/\/fundacioncomillas.es\/fr\/2019\/11\/21\/historia-del-instituto-cervantes\/"},"author":{"name":"fundacion","@id":"https:\/\/fundacioncomillas.es\/fr\/#\/schema\/person\/3cdde58ad1a78de54c94309e39ec81cb"},"headline":"Historia del Instituto Cervantes","datePublished":"2019-11-21T10:30:59+00:00","dateModified":"2023-12-04T11:05:27+00:00","mainEntityOfPage":{"@id":"https:\/\/fundacioncomillas.es\/fr\/2019\/11\/21\/historia-del-instituto-cervantes\/"},"wordCount":811,"publisher":{"@id":"https:\/\/fundacioncomillas.es\/fr\/#organization"},"image":{"@id":"https:\/\/fundacioncomillas.es\/fr\/2019\/11\/21\/historia-del-instituto-cervantes\/#primaryimage"},"thumbnailUrl":"https:\/\/fundacioncomillas.es\/wp-content\/uploads\/2023\/06\/historia-del-instituto-cervantes.png","keywords":["cervantes","historia","instituto cervantes"],"articleSection":["Curiosidades"],"inLanguage":"fr-FR"},{"@type":"WebPage","@id":"https:\/\/fundacioncomillas.es\/fr\/2019\/11\/21\/historia-del-instituto-cervantes\/","url":"https:\/\/fundacioncomillas.es\/fr\/2019\/11\/21\/historia-del-instituto-cervantes\/","name":"Historia del Instituto Cervantes - Fundaci\u00f3n Comillas","isPartOf":{"@id":"https:\/\/fundacioncomillas.es\/fr\/#website"},"primaryImageOfPage":{"@id":"https:\/\/fundacioncomillas.es\/fr\/2019\/11\/21\/historia-del-instituto-cervantes\/#primaryimage"},"image":{"@id":"https:\/\/fundacioncomillas.es\/fr\/2019\/11\/21\/historia-del-instituto-cervantes\/#primaryimage"},"thumbnailUrl":"https:\/\/fundacioncomillas.es\/wp-content\/uploads\/2023\/06\/historia-del-instituto-cervantes.png","datePublished":"2019-11-21T10:30:59+00:00","dateModified":"2023-12-04T11:05:27+00:00","breadcrumb":{"@id":"https:\/\/fundacioncomillas.es\/fr\/2019\/11\/21\/historia-del-instituto-cervantes\/#breadcrumb"},"inLanguage":"fr-FR","potentialAction":[{"@type":"ReadAction","target":["https:\/\/fundacioncomillas.es\/fr\/2019\/11\/21\/historia-del-instituto-cervantes\/"]}]},{"@type":"ImageObject","inLanguage":"fr-FR","@id":"https:\/\/fundacioncomillas.es\/fr\/2019\/11\/21\/historia-del-instituto-cervantes\/#primaryimage","url":"https:\/\/fundacioncomillas.es\/wp-content\/uploads\/2023\/06\/historia-del-instituto-cervantes.png","contentUrl":"https:\/\/fundacioncomillas.es\/wp-content\/uploads\/2023\/06\/historia-del-instituto-cervantes.png","width":599,"height":400,"caption":"Historia del Instituto Cervantes"},{"@type":"BreadcrumbList","@id":"https:\/\/fundacioncomillas.es\/fr\/2019\/11\/21\/historia-del-instituto-cervantes\/#breadcrumb","itemListElement":[{"@type":"ListItem","position":1,"name":"Portada","item":"https:\/\/fundacioncomillas.es\/fr\/"},{"@type":"ListItem","position":2,"name":"Historia del Instituto Cervantes"}]},{"@type":"WebSite","@id":"https:\/\/fundacioncomillas.es\/fr\/#website","url":"https:\/\/fundacioncomillas.es\/fr\/","name":"Fundaci\u00f3n Comillas","description":"La Fundaci\u00f3n Comillas del Espa\u00f1ol y la Cultura Hisp\u00e1nica","publisher":{"@id":"https:\/\/fundacioncomillas.es\/fr\/#organization"},"potentialAction":[{"@type":"SearchAction","target":{"@type":"EntryPoint","urlTemplate":"https:\/\/fundacioncomillas.es\/fr\/?s={search_term_string}"},"query-input":{"@type":"PropertyValueSpecification","valueRequired":true,"valueName":"search_term_string"}}],"inLanguage":"fr-FR"},{"@type":"Organization","@id":"https:\/\/fundacioncomillas.es\/fr\/#organization","name":"Fundaci\u00f3n Comillas","alternateName":"Fundaci\u00f3n Comillas - CIESE","url":"https:\/\/fundacioncomillas.es\/fr\/","logo":{"@type":"ImageObject","inLanguage":"fr-FR","@id":"https:\/\/fundacioncomillas.es\/fr\/#\/schema\/logo\/image\/","url":"https:\/\/fundacioncomillas.es\/wp-content\/uploads\/2023\/04\/logo-fundacion-comillas-.png","contentUrl":"https:\/\/fundacioncomillas.es\/wp-content\/uploads\/2023\/04\/logo-fundacion-comillas-.png","width":548,"height":536,"caption":"Fundaci\u00f3n Comillas"},"image":{"@id":"https:\/\/fundacioncomillas.es\/fr\/#\/schema\/logo\/image\/"},"sameAs":["https:\/\/www.facebook.com\/ciese.comillas","https:\/\/x.com\/CIESEComillas","https:\/\/www.instagram.com\/uniciesecomillas\/","https:\/\/www.linkedin.com\/company\/fundacion-comillas\/","https:\/\/www.youtube.com\/user\/fundacioncomillas","https:\/\/twitter.com\/FundComillas","https:\/\/www.linkedin.com\/company\/1533960\/admin\/"]},{"@type":"Person","@id":"https:\/\/fundacioncomillas.es\/fr\/#\/schema\/person\/3cdde58ad1a78de54c94309e39ec81cb","name":"fundacion","url":"https:\/\/fundacioncomillas.es\/fr\/author\/fundacion\/"}]}},"_links":{"self":[{"href":"https:\/\/fundacioncomillas.es\/fr\/wp-json\/wp\/v2\/posts\/8525","targetHints":{"allow":["GET"]}}],"collection":[{"href":"https:\/\/fundacioncomillas.es\/fr\/wp-json\/wp\/v2\/posts"}],"about":[{"href":"https:\/\/fundacioncomillas.es\/fr\/wp-json\/wp\/v2\/types\/post"}],"author":[{"embeddable":true,"href":"https:\/\/fundacioncomillas.es\/fr\/wp-json\/wp\/v2\/users\/3"}],"replies":[{"embeddable":true,"href":"https:\/\/fundacioncomillas.es\/fr\/wp-json\/wp\/v2\/comments?post=8525"}],"version-history":[{"count":3,"href":"https:\/\/fundacioncomillas.es\/fr\/wp-json\/wp\/v2\/posts\/8525\/revisions"}],"predecessor-version":[{"id":10412,"href":"https:\/\/fundacioncomillas.es\/fr\/wp-json\/wp\/v2\/posts\/8525\/revisions\/10412"}],"wp:featuredmedia":[{"embeddable":true,"href":"https:\/\/fundacioncomillas.es\/fr\/wp-json\/wp\/v2\/media\/8526"}],"wp:attachment":[{"href":"https:\/\/fundacioncomillas.es\/fr\/wp-json\/wp\/v2\/media?parent=8525"}],"wp:term":[{"taxonomy":"category","embeddable":true,"href":"https:\/\/fundacioncomillas.es\/fr\/wp-json\/wp\/v2\/categories?post=8525"},{"taxonomy":"post_tag","embeddable":true,"href":"https:\/\/fundacioncomillas.es\/fr\/wp-json\/wp\/v2\/tags?post=8525"}],"curies":[{"name":"wp","href":"https:\/\/api.w.org\/{rel}","templated":true}]}}