{"id":4306,"date":"2022-12-15T09:28:33","date_gmt":"2022-12-15T08:28:33","guid":{"rendered":"https:\/\/fundacioncomillas.es\/?p=4306"},"modified":"2023-04-20T08:44:26","modified_gmt":"2023-04-20T06:44:26","slug":"los-catedraticos-cubanos-ana-maria-gonzalez-mafud-y-carlos-marti-visitan-el-ciese-para-abordar-el-dialecto-y-literatura-de-cuba","status":"publish","type":"post","link":"https:\/\/fundacioncomillas.es\/fr\/2022\/12\/15\/los-catedraticos-cubanos-ana-maria-gonzalez-mafud-y-carlos-marti-visitan-el-ciese-para-abordar-el-dialecto-y-literatura-de-cuba\/","title":{"rendered":"Los catedr\u00e1ticos cubanos Ana Mar\u00eda Gonz\u00e1lez Mafud y Carlos Mart\u00ed visitaron el CIESE para abordar el dialecto y literatura de Cuba"},"content":{"rendered":"<p style=\"text-align: justify;\">Ana Mar\u00eda Gonz\u00e1lez Mafud y Carlos Mart\u00ed Brenes, catedr\u00e1ticos cubanos de la Universidad de la Habana, visitaron recientemente el CIESE-Fundaci\u00f3n Comillas con la finalidad de impartir a nuestros alumnos del <a href=\"https:\/\/fundacioncomillas.es\/estudios\/grado-de-estudios-hispanicos\/\">Grado en Estudios hisp\u00e1nicos<\/a> sendas clases magistrales. Las sesiones, que se prolongaron desde las 10h hasta las 14h, abordaron numerosos temas vinculados con el dialecto y la literatura cubana de la mano de estos dos invitados de excepci\u00f3n.<\/p>\n<p>&nbsp;<\/p>\n<h3><span style=\"color: #cb333b;\">EL DIALECTO CUBANO<\/span><\/h3>\n<hr \/>\n<p style=\"text-align: justify;\">En primer lugar, Ana Mar\u00eda Gonz\u00e1lez Mafud, profesora de la Universidad de la Habana y miembro de la <a href=\"http:\/\/www.acul.ohc.cu\/\">Academia Cubana de la Lengua<\/a>, ofreci\u00f3 a nuestros alumnos una clase magistral sobre \u201cEl espa\u00f1ol de Cuba\u201d. Dicha charla permiti\u00f3 a los estudiantes transportarse al otro lado del Atl\u00e1ntico y aproximarse a las caracter\u00edsticas y particularidades de esta variedad del espa\u00f1ol.<\/p>\n<p style=\"text-align: justify;\">Desde la influencia del arauco hasta la impronta de las lenguas negras, Gonz\u00e1lez Mafud puso el foco en el mestizaje presente en el dialecto cubano, y c\u00f3mo este mismo ha marcado de manera determinante el espa\u00f1ol a nivel mundial. De este modo, palabras como caim\u00e1n y hamaca encuentran su origen en Cuba, pero se han convertido en una parte fundamental del vocabulario espa\u00f1ol. As\u00ed, a trav\u00e9s de esta lecci\u00f3n magistral los estudiantes pudieron ser conscientes del car\u00e1cter din\u00e1mico y cambiante de nuestra lengua y de c\u00f3mo cada una de las regiones en las que se habla desempe\u00f1a un papel fundamental en su conformaci\u00f3n.<\/p>\n<p>&nbsp;<\/p>\n<h3><span style=\"color: #cb333b;\">LA LITERATURA DEL BOOM EN CUBA<\/span><\/h3>\n<hr \/>\n<p style=\"text-align: justify;\">Por su parte, Carlos Mart\u00ed Brenes es un escritor de dilatada trayectoria y profesor adjunto de la Facultad de Artes y Letras de la Universidad de la Habana, as\u00ed como profesor visitante distinguido de la Universidad de Baylor (EEUU). En su charla, Mart\u00ed abord\u00f3 el \u201cBoom y narrativa latinoamericana: Cap\u00edtulo cubano\u201d.<\/p>\n<p style=\"text-align: justify;\">El reconocido escritor invit\u00f3 a nuestros alumnos a hacer un viaje en el tiempo hasta la d\u00e9cada de los 40 del siglo pasado, con el fin de conocer el origen del t\u00e9rmino \u201creal maravilloso\u201d, acu\u00f1ado ya en 1949 por el escritor Alejo Carpentier. Posteriormente, les present\u00f3 los inicios del realismo m\u00e1gico, a trav\u00e9s de obras como Rayuela de Julio Cort\u00e1zar o La ciudad y los perros de Mario Vargas Llosa. Tras resaltar la obra y labor de las principales voces del Boom latinoamericano (Miguel \u00c1ngel Asturias, Carlos Fuentes, Julio Cort\u00e1zar, Mario Vargas Llosa y Gabriel Garc\u00eda M\u00e1rquez), el profesor Carlos Mart\u00ed Brenes enfoc\u00f3 su clase magistral hacia el Boom cubano, en el que la Revoluci\u00f3n cubana desempe\u00f1\u00f3 un papel determinante.<\/p>\n<p style=\"text-align: justify;\">En definitiva, una jornada en la que los alumnos del Grado en Estudios hisp\u00e1nicos coincidieron en resaltar la talla de los especialistas Ana Mar\u00eda Gonz\u00e1lez Mafud y Carlos Mart\u00ed Brenes a la hora de explicar de manera brillante aspectos relacionados con el dialecto y la literatura cubana.<\/p>\n","protected":false},"excerpt":{"rendered":"<p>catedr\u00e1ticos cubanos visitaron el CIESE con la finalidad de impartir a nuestros alumnos del <a href=\"https:\/\/fundacioncomillas.es\/estudios\/grado-de-estudios-hispanicos\/\">Grado en Estudios hisp\u00e1nicos<\/a> sendas clases magistrales<\/p>\n","protected":false},"author":3,"featured_media":7866,"comment_status":"closed","ping_status":"closed","sticky":false,"template":"","format":"standard","meta":{"_acf_changed":false,"om_disable_all_campaigns":false,"_monsterinsights_skip_tracking":false,"_monsterinsights_sitenote_active":false,"_monsterinsights_sitenote_note":"","_monsterinsights_sitenote_category":0,"_uf_show_specific_survey":0,"_uf_disable_surveys":false,"footnotes":"","_links_to":"","_links_to_target":""},"categories":[42],"tags":[96,102,101,100,103],"class_list":["post-4306","post","type-post","status-publish","format-standard","has-post-thumbnail","hentry","category-academicas","tag-ciese","tag-grado-estudios-hispanicos","tag-literatura","tag-literatura-cubana","tag-universidad"],"acf":[],"yoast_head":"<!-- This site is optimized with the Yoast SEO plugin v27.4 - https:\/\/yoast.com\/product\/yoast-seo-wordpress\/ -->\n<title>Catedr\u00e1ticos cubanos visitaron el CIESE-Fundaci\u00f3n Comillas<\/title>\n<meta name=\"description\" content=\"Ana Mar\u00eda Gonz\u00e1lez Mafud y Carlos Mart\u00ed Brenes, catedr\u00e1ticos cubanos de la Universidad de la Habana, visitaron el CIESE-Fundaci\u00f3n Comillas...\" \/>\n<meta name=\"robots\" content=\"index, follow, max-snippet:-1, max-image-preview:large, max-video-preview:-1\" \/>\n<link rel=\"canonical\" href=\"https:\/\/fundacioncomillas.es\/fr\/2022\/12\/15\/los-catedraticos-cubanos-ana-maria-gonzalez-mafud-y-carlos-marti-visitan-el-ciese-para-abordar-el-dialecto-y-literatura-de-cuba\/\" \/>\n<meta property=\"og:locale\" content=\"fr_FR\" \/>\n<meta property=\"og:type\" content=\"article\" \/>\n<meta property=\"og:title\" content=\"Catedr\u00e1ticos cubanos visitaron el CIESE-Fundaci\u00f3n Comillas\" \/>\n<meta property=\"og:description\" content=\"Ana Mar\u00eda Gonz\u00e1lez Mafud y Carlos Mart\u00ed Brenes, catedr\u00e1ticos cubanos de la Universidad de la Habana, visitaron el CIESE-Fundaci\u00f3n Comillas...\" \/>\n<meta property=\"og:url\" content=\"https:\/\/fundacioncomillas.es\/fr\/2022\/12\/15\/los-catedraticos-cubanos-ana-maria-gonzalez-mafud-y-carlos-marti-visitan-el-ciese-para-abordar-el-dialecto-y-literatura-de-cuba\/\" \/>\n<meta property=\"og:site_name\" content=\"Fundaci\u00f3n Comillas\" \/>\n<meta property=\"article:publisher\" content=\"https:\/\/www.facebook.com\/ciese.comillas\" \/>\n<meta property=\"article:published_time\" content=\"2022-12-15T08:28:33+00:00\" \/>\n<meta property=\"article:modified_time\" content=\"2023-04-20T06:44:26+00:00\" \/>\n<meta property=\"og:image\" content=\"https:\/\/fundacioncomillas.es\/wp-content\/uploads\/2022\/12\/foto-noticia-clases-ciese-fundacion-comillas.jpg\" \/>\n\t<meta property=\"og:image:width\" content=\"850\" \/>\n\t<meta property=\"og:image:height\" content=\"599\" \/>\n\t<meta property=\"og:image:type\" content=\"image\/jpeg\" \/>\n<meta name=\"author\" content=\"fundacion\" \/>\n<meta name=\"twitter:card\" content=\"summary_large_image\" \/>\n<meta name=\"twitter:creator\" content=\"@CIESEComillas\" \/>\n<meta name=\"twitter:site\" content=\"@CIESEComillas\" \/>\n<meta name=\"twitter:label1\" content=\"\u00c9crit par\" \/>\n\t<meta name=\"twitter:data1\" content=\"fundacion\" \/>\n\t<meta name=\"twitter:label2\" content=\"Dur\u00e9e de lecture estim\u00e9e\" \/>\n\t<meta name=\"twitter:data2\" content=\"3 minutes\" \/>\n<script type=\"application\/ld+json\" class=\"yoast-schema-graph\">{\"@context\":\"https:\\\/\\\/schema.org\",\"@graph\":[{\"@type\":\"Article\",\"@id\":\"https:\\\/\\\/fundacioncomillas.es\\\/fr\\\/2022\\\/12\\\/15\\\/los-catedraticos-cubanos-ana-maria-gonzalez-mafud-y-carlos-marti-visitan-el-ciese-para-abordar-el-dialecto-y-literatura-de-cuba\\\/#article\",\"isPartOf\":{\"@id\":\"https:\\\/\\\/fundacioncomillas.es\\\/fr\\\/2022\\\/12\\\/15\\\/los-catedraticos-cubanos-ana-maria-gonzalez-mafud-y-carlos-marti-visitan-el-ciese-para-abordar-el-dialecto-y-literatura-de-cuba\\\/\"},\"author\":{\"name\":\"fundacion\",\"@id\":\"https:\\\/\\\/fundacioncomillas.es\\\/fr\\\/#\\\/schema\\\/person\\\/3cdde58ad1a78de54c94309e39ec81cb\"},\"headline\":\"Los catedr\u00e1ticos cubanos Ana Mar\u00eda Gonz\u00e1lez Mafud y Carlos Mart\u00ed visitaron el CIESE para abordar el dialecto y literatura de Cuba\",\"datePublished\":\"2022-12-15T08:28:33+00:00\",\"dateModified\":\"2023-04-20T06:44:26+00:00\",\"mainEntityOfPage\":{\"@id\":\"https:\\\/\\\/fundacioncomillas.es\\\/fr\\\/2022\\\/12\\\/15\\\/los-catedraticos-cubanos-ana-maria-gonzalez-mafud-y-carlos-marti-visitan-el-ciese-para-abordar-el-dialecto-y-literatura-de-cuba\\\/\"},\"wordCount\":519,\"publisher\":{\"@id\":\"https:\\\/\\\/fundacioncomillas.es\\\/fr\\\/#organization\"},\"image\":{\"@id\":\"https:\\\/\\\/fundacioncomillas.es\\\/fr\\\/2022\\\/12\\\/15\\\/los-catedraticos-cubanos-ana-maria-gonzalez-mafud-y-carlos-marti-visitan-el-ciese-para-abordar-el-dialecto-y-literatura-de-cuba\\\/#primaryimage\"},\"thumbnailUrl\":\"https:\\\/\\\/fundacioncomillas.es\\\/wp-content\\\/uploads\\\/2022\\\/12\\\/foto-noticia-clases-ciese-fundacion-comillas.jpg\",\"keywords\":[\"ciese\",\"grado estudios hisp\u00e1nicos\",\"literatura\",\"literatura cubana\",\"universidad\"],\"articleSection\":[\"ACAD\u00c9MICAS\"],\"inLanguage\":\"fr-FR\"},{\"@type\":\"WebPage\",\"@id\":\"https:\\\/\\\/fundacioncomillas.es\\\/fr\\\/2022\\\/12\\\/15\\\/los-catedraticos-cubanos-ana-maria-gonzalez-mafud-y-carlos-marti-visitan-el-ciese-para-abordar-el-dialecto-y-literatura-de-cuba\\\/\",\"url\":\"https:\\\/\\\/fundacioncomillas.es\\\/fr\\\/2022\\\/12\\\/15\\\/los-catedraticos-cubanos-ana-maria-gonzalez-mafud-y-carlos-marti-visitan-el-ciese-para-abordar-el-dialecto-y-literatura-de-cuba\\\/\",\"name\":\"Catedr\u00e1ticos cubanos visitaron el CIESE-Fundaci\u00f3n Comillas\",\"isPartOf\":{\"@id\":\"https:\\\/\\\/fundacioncomillas.es\\\/fr\\\/#website\"},\"primaryImageOfPage\":{\"@id\":\"https:\\\/\\\/fundacioncomillas.es\\\/fr\\\/2022\\\/12\\\/15\\\/los-catedraticos-cubanos-ana-maria-gonzalez-mafud-y-carlos-marti-visitan-el-ciese-para-abordar-el-dialecto-y-literatura-de-cuba\\\/#primaryimage\"},\"image\":{\"@id\":\"https:\\\/\\\/fundacioncomillas.es\\\/fr\\\/2022\\\/12\\\/15\\\/los-catedraticos-cubanos-ana-maria-gonzalez-mafud-y-carlos-marti-visitan-el-ciese-para-abordar-el-dialecto-y-literatura-de-cuba\\\/#primaryimage\"},\"thumbnailUrl\":\"https:\\\/\\\/fundacioncomillas.es\\\/wp-content\\\/uploads\\\/2022\\\/12\\\/foto-noticia-clases-ciese-fundacion-comillas.jpg\",\"datePublished\":\"2022-12-15T08:28:33+00:00\",\"dateModified\":\"2023-04-20T06:44:26+00:00\",\"description\":\"Ana Mar\u00eda Gonz\u00e1lez Mafud y Carlos Mart\u00ed Brenes, catedr\u00e1ticos cubanos de la Universidad de la Habana, visitaron el CIESE-Fundaci\u00f3n Comillas...\",\"breadcrumb\":{\"@id\":\"https:\\\/\\\/fundacioncomillas.es\\\/fr\\\/2022\\\/12\\\/15\\\/los-catedraticos-cubanos-ana-maria-gonzalez-mafud-y-carlos-marti-visitan-el-ciese-para-abordar-el-dialecto-y-literatura-de-cuba\\\/#breadcrumb\"},\"inLanguage\":\"fr-FR\",\"potentialAction\":[{\"@type\":\"ReadAction\",\"target\":[\"https:\\\/\\\/fundacioncomillas.es\\\/fr\\\/2022\\\/12\\\/15\\\/los-catedraticos-cubanos-ana-maria-gonzalez-mafud-y-carlos-marti-visitan-el-ciese-para-abordar-el-dialecto-y-literatura-de-cuba\\\/\"]}]},{\"@type\":\"ImageObject\",\"inLanguage\":\"fr-FR\",\"@id\":\"https:\\\/\\\/fundacioncomillas.es\\\/fr\\\/2022\\\/12\\\/15\\\/los-catedraticos-cubanos-ana-maria-gonzalez-mafud-y-carlos-marti-visitan-el-ciese-para-abordar-el-dialecto-y-literatura-de-cuba\\\/#primaryimage\",\"url\":\"https:\\\/\\\/fundacioncomillas.es\\\/wp-content\\\/uploads\\\/2022\\\/12\\\/foto-noticia-clases-ciese-fundacion-comillas.jpg\",\"contentUrl\":\"https:\\\/\\\/fundacioncomillas.es\\\/wp-content\\\/uploads\\\/2022\\\/12\\\/foto-noticia-clases-ciese-fundacion-comillas.jpg\",\"width\":850,\"height\":599},{\"@type\":\"BreadcrumbList\",\"@id\":\"https:\\\/\\\/fundacioncomillas.es\\\/fr\\\/2022\\\/12\\\/15\\\/los-catedraticos-cubanos-ana-maria-gonzalez-mafud-y-carlos-marti-visitan-el-ciese-para-abordar-el-dialecto-y-literatura-de-cuba\\\/#breadcrumb\",\"itemListElement\":[{\"@type\":\"ListItem\",\"position\":1,\"name\":\"Portada\",\"item\":\"https:\\\/\\\/fundacioncomillas.es\\\/fr\\\/\"},{\"@type\":\"ListItem\",\"position\":2,\"name\":\"Los catedr\u00e1ticos cubanos Ana Mar\u00eda Gonz\u00e1lez Mafud y Carlos Mart\u00ed visitaron el CIESE para abordar el dialecto y literatura de Cuba\"}]},{\"@type\":\"WebSite\",\"@id\":\"https:\\\/\\\/fundacioncomillas.es\\\/fr\\\/#website\",\"url\":\"https:\\\/\\\/fundacioncomillas.es\\\/fr\\\/\",\"name\":\"Fundaci\u00f3n Comillas\",\"description\":\"La Fundaci\u00f3n Comillas del Espa\u00f1ol y la Cultura Hisp\u00e1nica\",\"publisher\":{\"@id\":\"https:\\\/\\\/fundacioncomillas.es\\\/fr\\\/#organization\"},\"potentialAction\":[{\"@type\":\"SearchAction\",\"target\":{\"@type\":\"EntryPoint\",\"urlTemplate\":\"https:\\\/\\\/fundacioncomillas.es\\\/fr\\\/?s={search_term_string}\"},\"query-input\":{\"@type\":\"PropertyValueSpecification\",\"valueRequired\":true,\"valueName\":\"search_term_string\"}}],\"inLanguage\":\"fr-FR\"},{\"@type\":\"Organization\",\"@id\":\"https:\\\/\\\/fundacioncomillas.es\\\/fr\\\/#organization\",\"name\":\"Fundaci\u00f3n Comillas\",\"alternateName\":\"Fundaci\u00f3n Comillas - CIESE\",\"url\":\"https:\\\/\\\/fundacioncomillas.es\\\/fr\\\/\",\"logo\":{\"@type\":\"ImageObject\",\"inLanguage\":\"fr-FR\",\"@id\":\"https:\\\/\\\/fundacioncomillas.es\\\/fr\\\/#\\\/schema\\\/logo\\\/image\\\/\",\"url\":\"https:\\\/\\\/fundacioncomillas.es\\\/wp-content\\\/uploads\\\/2023\\\/04\\\/logo-fundacion-comillas-.png\",\"contentUrl\":\"https:\\\/\\\/fundacioncomillas.es\\\/wp-content\\\/uploads\\\/2023\\\/04\\\/logo-fundacion-comillas-.png\",\"width\":548,\"height\":536,\"caption\":\"Fundaci\u00f3n Comillas\"},\"image\":{\"@id\":\"https:\\\/\\\/fundacioncomillas.es\\\/fr\\\/#\\\/schema\\\/logo\\\/image\\\/\"},\"sameAs\":[\"https:\\\/\\\/www.facebook.com\\\/ciese.comillas\",\"https:\\\/\\\/x.com\\\/CIESEComillas\",\"https:\\\/\\\/www.instagram.com\\\/uniciesecomillas\\\/\",\"https:\\\/\\\/www.linkedin.com\\\/company\\\/fundacion-comillas\\\/\",\"https:\\\/\\\/www.youtube.com\\\/user\\\/fundacioncomillas\",\"https:\\\/\\\/twitter.com\\\/FundComillas\",\"https:\\\/\\\/www.linkedin.com\\\/company\\\/1533960\\\/admin\\\/\"]},{\"@type\":\"Person\",\"@id\":\"https:\\\/\\\/fundacioncomillas.es\\\/fr\\\/#\\\/schema\\\/person\\\/3cdde58ad1a78de54c94309e39ec81cb\",\"name\":\"fundacion\",\"url\":\"https:\\\/\\\/fundacioncomillas.es\\\/fr\\\/author\\\/fundacion\\\/\"}]}<\/script>\n<!-- \/ Yoast SEO plugin. -->","yoast_head_json":{"title":"Catedr\u00e1ticos cubanos visitaron el CIESE-Fundaci\u00f3n Comillas","description":"Ana Mar\u00eda Gonz\u00e1lez Mafud y Carlos Mart\u00ed Brenes, catedr\u00e1ticos cubanos de la Universidad de la Habana, visitaron el CIESE-Fundaci\u00f3n Comillas...","robots":{"index":"index","follow":"follow","max-snippet":"max-snippet:-1","max-image-preview":"max-image-preview:large","max-video-preview":"max-video-preview:-1"},"canonical":"https:\/\/fundacioncomillas.es\/fr\/2022\/12\/15\/los-catedraticos-cubanos-ana-maria-gonzalez-mafud-y-carlos-marti-visitan-el-ciese-para-abordar-el-dialecto-y-literatura-de-cuba\/","og_locale":"fr_FR","og_type":"article","og_title":"Catedr\u00e1ticos cubanos visitaron el CIESE-Fundaci\u00f3n Comillas","og_description":"Ana Mar\u00eda Gonz\u00e1lez Mafud y Carlos Mart\u00ed Brenes, catedr\u00e1ticos cubanos de la Universidad de la Habana, visitaron el CIESE-Fundaci\u00f3n Comillas...","og_url":"https:\/\/fundacioncomillas.es\/fr\/2022\/12\/15\/los-catedraticos-cubanos-ana-maria-gonzalez-mafud-y-carlos-marti-visitan-el-ciese-para-abordar-el-dialecto-y-literatura-de-cuba\/","og_site_name":"Fundaci\u00f3n Comillas","article_publisher":"https:\/\/www.facebook.com\/ciese.comillas","article_published_time":"2022-12-15T08:28:33+00:00","article_modified_time":"2023-04-20T06:44:26+00:00","og_image":[{"width":850,"height":599,"url":"https:\/\/fundacioncomillas.es\/wp-content\/uploads\/2022\/12\/foto-noticia-clases-ciese-fundacion-comillas.jpg","type":"image\/jpeg"}],"author":"fundacion","twitter_card":"summary_large_image","twitter_creator":"@CIESEComillas","twitter_site":"@CIESEComillas","twitter_misc":{"\u00c9crit par":"fundacion","Dur\u00e9e de lecture estim\u00e9e":"3 minutes"},"schema":{"@context":"https:\/\/schema.org","@graph":[{"@type":"Article","@id":"https:\/\/fundacioncomillas.es\/fr\/2022\/12\/15\/los-catedraticos-cubanos-ana-maria-gonzalez-mafud-y-carlos-marti-visitan-el-ciese-para-abordar-el-dialecto-y-literatura-de-cuba\/#article","isPartOf":{"@id":"https:\/\/fundacioncomillas.es\/fr\/2022\/12\/15\/los-catedraticos-cubanos-ana-maria-gonzalez-mafud-y-carlos-marti-visitan-el-ciese-para-abordar-el-dialecto-y-literatura-de-cuba\/"},"author":{"name":"fundacion","@id":"https:\/\/fundacioncomillas.es\/fr\/#\/schema\/person\/3cdde58ad1a78de54c94309e39ec81cb"},"headline":"Los catedr\u00e1ticos cubanos Ana Mar\u00eda Gonz\u00e1lez Mafud y Carlos Mart\u00ed visitaron el CIESE para abordar el dialecto y literatura de Cuba","datePublished":"2022-12-15T08:28:33+00:00","dateModified":"2023-04-20T06:44:26+00:00","mainEntityOfPage":{"@id":"https:\/\/fundacioncomillas.es\/fr\/2022\/12\/15\/los-catedraticos-cubanos-ana-maria-gonzalez-mafud-y-carlos-marti-visitan-el-ciese-para-abordar-el-dialecto-y-literatura-de-cuba\/"},"wordCount":519,"publisher":{"@id":"https:\/\/fundacioncomillas.es\/fr\/#organization"},"image":{"@id":"https:\/\/fundacioncomillas.es\/fr\/2022\/12\/15\/los-catedraticos-cubanos-ana-maria-gonzalez-mafud-y-carlos-marti-visitan-el-ciese-para-abordar-el-dialecto-y-literatura-de-cuba\/#primaryimage"},"thumbnailUrl":"https:\/\/fundacioncomillas.es\/wp-content\/uploads\/2022\/12\/foto-noticia-clases-ciese-fundacion-comillas.jpg","keywords":["ciese","grado estudios hisp\u00e1nicos","literatura","literatura cubana","universidad"],"articleSection":["ACAD\u00c9MICAS"],"inLanguage":"fr-FR"},{"@type":"WebPage","@id":"https:\/\/fundacioncomillas.es\/fr\/2022\/12\/15\/los-catedraticos-cubanos-ana-maria-gonzalez-mafud-y-carlos-marti-visitan-el-ciese-para-abordar-el-dialecto-y-literatura-de-cuba\/","url":"https:\/\/fundacioncomillas.es\/fr\/2022\/12\/15\/los-catedraticos-cubanos-ana-maria-gonzalez-mafud-y-carlos-marti-visitan-el-ciese-para-abordar-el-dialecto-y-literatura-de-cuba\/","name":"Catedr\u00e1ticos cubanos visitaron el CIESE-Fundaci\u00f3n Comillas","isPartOf":{"@id":"https:\/\/fundacioncomillas.es\/fr\/#website"},"primaryImageOfPage":{"@id":"https:\/\/fundacioncomillas.es\/fr\/2022\/12\/15\/los-catedraticos-cubanos-ana-maria-gonzalez-mafud-y-carlos-marti-visitan-el-ciese-para-abordar-el-dialecto-y-literatura-de-cuba\/#primaryimage"},"image":{"@id":"https:\/\/fundacioncomillas.es\/fr\/2022\/12\/15\/los-catedraticos-cubanos-ana-maria-gonzalez-mafud-y-carlos-marti-visitan-el-ciese-para-abordar-el-dialecto-y-literatura-de-cuba\/#primaryimage"},"thumbnailUrl":"https:\/\/fundacioncomillas.es\/wp-content\/uploads\/2022\/12\/foto-noticia-clases-ciese-fundacion-comillas.jpg","datePublished":"2022-12-15T08:28:33+00:00","dateModified":"2023-04-20T06:44:26+00:00","description":"Ana Mar\u00eda Gonz\u00e1lez Mafud y Carlos Mart\u00ed Brenes, catedr\u00e1ticos cubanos de la Universidad de la Habana, visitaron el CIESE-Fundaci\u00f3n Comillas...","breadcrumb":{"@id":"https:\/\/fundacioncomillas.es\/fr\/2022\/12\/15\/los-catedraticos-cubanos-ana-maria-gonzalez-mafud-y-carlos-marti-visitan-el-ciese-para-abordar-el-dialecto-y-literatura-de-cuba\/#breadcrumb"},"inLanguage":"fr-FR","potentialAction":[{"@type":"ReadAction","target":["https:\/\/fundacioncomillas.es\/fr\/2022\/12\/15\/los-catedraticos-cubanos-ana-maria-gonzalez-mafud-y-carlos-marti-visitan-el-ciese-para-abordar-el-dialecto-y-literatura-de-cuba\/"]}]},{"@type":"ImageObject","inLanguage":"fr-FR","@id":"https:\/\/fundacioncomillas.es\/fr\/2022\/12\/15\/los-catedraticos-cubanos-ana-maria-gonzalez-mafud-y-carlos-marti-visitan-el-ciese-para-abordar-el-dialecto-y-literatura-de-cuba\/#primaryimage","url":"https:\/\/fundacioncomillas.es\/wp-content\/uploads\/2022\/12\/foto-noticia-clases-ciese-fundacion-comillas.jpg","contentUrl":"https:\/\/fundacioncomillas.es\/wp-content\/uploads\/2022\/12\/foto-noticia-clases-ciese-fundacion-comillas.jpg","width":850,"height":599},{"@type":"BreadcrumbList","@id":"https:\/\/fundacioncomillas.es\/fr\/2022\/12\/15\/los-catedraticos-cubanos-ana-maria-gonzalez-mafud-y-carlos-marti-visitan-el-ciese-para-abordar-el-dialecto-y-literatura-de-cuba\/#breadcrumb","itemListElement":[{"@type":"ListItem","position":1,"name":"Portada","item":"https:\/\/fundacioncomillas.es\/fr\/"},{"@type":"ListItem","position":2,"name":"Los catedr\u00e1ticos cubanos Ana Mar\u00eda Gonz\u00e1lez Mafud y Carlos Mart\u00ed visitaron el CIESE para abordar el dialecto y literatura de Cuba"}]},{"@type":"WebSite","@id":"https:\/\/fundacioncomillas.es\/fr\/#website","url":"https:\/\/fundacioncomillas.es\/fr\/","name":"Fundaci\u00f3n Comillas","description":"La Fundaci\u00f3n Comillas del Espa\u00f1ol y la Cultura Hisp\u00e1nica","publisher":{"@id":"https:\/\/fundacioncomillas.es\/fr\/#organization"},"potentialAction":[{"@type":"SearchAction","target":{"@type":"EntryPoint","urlTemplate":"https:\/\/fundacioncomillas.es\/fr\/?s={search_term_string}"},"query-input":{"@type":"PropertyValueSpecification","valueRequired":true,"valueName":"search_term_string"}}],"inLanguage":"fr-FR"},{"@type":"Organization","@id":"https:\/\/fundacioncomillas.es\/fr\/#organization","name":"Fundaci\u00f3n Comillas","alternateName":"Fundaci\u00f3n Comillas - CIESE","url":"https:\/\/fundacioncomillas.es\/fr\/","logo":{"@type":"ImageObject","inLanguage":"fr-FR","@id":"https:\/\/fundacioncomillas.es\/fr\/#\/schema\/logo\/image\/","url":"https:\/\/fundacioncomillas.es\/wp-content\/uploads\/2023\/04\/logo-fundacion-comillas-.png","contentUrl":"https:\/\/fundacioncomillas.es\/wp-content\/uploads\/2023\/04\/logo-fundacion-comillas-.png","width":548,"height":536,"caption":"Fundaci\u00f3n Comillas"},"image":{"@id":"https:\/\/fundacioncomillas.es\/fr\/#\/schema\/logo\/image\/"},"sameAs":["https:\/\/www.facebook.com\/ciese.comillas","https:\/\/x.com\/CIESEComillas","https:\/\/www.instagram.com\/uniciesecomillas\/","https:\/\/www.linkedin.com\/company\/fundacion-comillas\/","https:\/\/www.youtube.com\/user\/fundacioncomillas","https:\/\/twitter.com\/FundComillas","https:\/\/www.linkedin.com\/company\/1533960\/admin\/"]},{"@type":"Person","@id":"https:\/\/fundacioncomillas.es\/fr\/#\/schema\/person\/3cdde58ad1a78de54c94309e39ec81cb","name":"fundacion","url":"https:\/\/fundacioncomillas.es\/fr\/author\/fundacion\/"}]}},"_links":{"self":[{"href":"https:\/\/fundacioncomillas.es\/fr\/wp-json\/wp\/v2\/posts\/4306","targetHints":{"allow":["GET"]}}],"collection":[{"href":"https:\/\/fundacioncomillas.es\/fr\/wp-json\/wp\/v2\/posts"}],"about":[{"href":"https:\/\/fundacioncomillas.es\/fr\/wp-json\/wp\/v2\/types\/post"}],"author":[{"embeddable":true,"href":"https:\/\/fundacioncomillas.es\/fr\/wp-json\/wp\/v2\/users\/3"}],"replies":[{"embeddable":true,"href":"https:\/\/fundacioncomillas.es\/fr\/wp-json\/wp\/v2\/comments?post=4306"}],"version-history":[{"count":5,"href":"https:\/\/fundacioncomillas.es\/fr\/wp-json\/wp\/v2\/posts\/4306\/revisions"}],"predecessor-version":[{"id":7869,"href":"https:\/\/fundacioncomillas.es\/fr\/wp-json\/wp\/v2\/posts\/4306\/revisions\/7869"}],"wp:featuredmedia":[{"embeddable":true,"href":"https:\/\/fundacioncomillas.es\/fr\/wp-json\/wp\/v2\/media\/7866"}],"wp:attachment":[{"href":"https:\/\/fundacioncomillas.es\/fr\/wp-json\/wp\/v2\/media?parent=4306"}],"wp:term":[{"taxonomy":"category","embeddable":true,"href":"https:\/\/fundacioncomillas.es\/fr\/wp-json\/wp\/v2\/categories?post=4306"},{"taxonomy":"post_tag","embeddable":true,"href":"https:\/\/fundacioncomillas.es\/fr\/wp-json\/wp\/v2\/tags?post=4306"}],"curies":[{"name":"wp","href":"https:\/\/api.w.org\/{rel}","templated":true}]}}