{"id":13793,"date":"2019-07-04T13:57:05","date_gmt":"2019-07-04T11:57:05","guid":{"rendered":"https:\/\/fundacioncomillas.es\/?p=13793"},"modified":"2025-02-20T14:44:17","modified_gmt":"2025-02-20T13:44:17","slug":"abrimos-inscripciones-para-el-grado-en-estudios-hispanicos","status":"publish","type":"post","link":"https:\/\/fundacioncomillas.es\/fr\/2019\/07\/04\/abrimos-inscripciones-para-el-grado-en-estudios-hispanicos\/","title":{"rendered":"Abrimos inscripciones para el Grado en Estudios Hisp\u00e1nicos"},"content":{"rendered":"<p style=\"text-align: justify;\">\u00bfQuieres estudiar\u00a0<strong>una filolog\u00eda con futuro<\/strong>\u00a0con una titulaci\u00f3n expedida por la Universidad de Cantabria? \u00bfQuieres hacerlo en un campus lleno de historia y dotado de la m\u00e1s\u00a0<strong>avanzada infraestructura t\u00e9cnica y tecnol\u00f3gica<\/strong> a disposici\u00f3n de la ense\u00f1anza? \u00bfTe imaginas desarrollando tu primer trabajo en entidades como la RAE, el Instituto Cervantes o la Fundaci\u00f3n Bot\u00edn, entre otros? Entonces sigue leyendo; este art\u00edculo y por supuesto este grado son para ti. \u00a1Abrimos inscripciones para el Grado en Estudios Hisp\u00e1nicos!<\/p>\n<p style=\"text-align: justify;\">Una vez cumplido el periodo de preinscripci\u00f3n abriremos el periodo de inscripci\u00f3n al <a href=\"https:\/\/fundacioncomillas.es\/estudios\/grado-de-estudios-hispanicos\/\"><strong>Grado Oficial en Estudios Hisp\u00e1nicos<\/strong><\/a> que desarrollamos en colaboraci\u00f3n con la <a href=\"https:\/\/web.unican.es\/\" target=\"_blank\" rel=\"noopener\"><strong>Universidad de Cantabria<\/strong><\/a>. Otro a\u00f1o m\u00e1s abrimos las puertas a todos aquellos alumnos que busc\u00e1is una formaci\u00f3n a medida de vuestras inquietudes y quer\u00e9is hacer de la lengua hispana el veh\u00edculo hacia vuestro futuro profesional. Este grado cuenta con numerosas salidas profesionales como profesores de <strong>ELE o universidad, gabinetes y medios de comunicaci\u00f3n o relaciones internacionales<\/strong> entre otras muchas.<\/p>\n<h2 style=\"text-align: justify;\"><strong>\u00a0\u00bfPor qu\u00e9 estudiar nuestro grado?<\/strong><\/h2>\n<p style=\"text-align: justify;\">Seguramente habr\u00e1s estado navegando por Internet en busca de la oferta acad\u00e9mica que mejor se adapte a tus necesidades y ya tengas mucha informaci\u00f3n al respecto, pero nosotros vamos a contarte, de forma concisa y breve, por qu\u00e9 cada a\u00f1o son m\u00e1s los alumnos que deciden inscribirse en nuestro campus:<\/p>\n<ul style=\"text-align: justify;\">\n<li>Por nuestro\u00a0<strong>plan de estudios <\/strong>y equipo docente, que trabaja a\u00f1o tras a\u00f1o en dise\u00f1ar la mejor y m\u00e1s exclusiva oferta formativa para los profesionales del futuro.<\/li>\n<li>Por nuestras\u00a0<strong>pr\u00e1cticas remuneradas <\/strong><strong>en entidades e instituciones de renombre <\/strong>en el mundo de la lengua y la cultura hisp\u00e1nica.<\/li>\n<li>Por nuestras\u00a0<strong>instalaciones <\/strong>ubicadas en un enclave estrat\u00e9gico que\u00a0<strong>a\u00fanan belleza, historia, tradici\u00f3n e innovaci\u00f3n y tecnolog\u00eda <\/strong>aplicada a la formaci\u00f3n.<\/li>\n<li>Por el nivel de nuestros alumnos. En el Centro Universitario CIESE-Comillas apostamos por un modelo de ense\u00f1anza objetiva y eficiente centrada en el aprendizaje del alumno. Todos los\u00a0<strong>grupos de alumnos son reducidos<\/strong>, lo que nos permite seguir apostando por la\u00a0<strong>calidad de la ense\u00f1anza en nuestro grado<\/strong>.<\/li>\n<li>Por la posibilidad de\u00a0<strong>participar en talleres y proyectos de innovaci\u00f3n e investigaci\u00f3n <\/strong>sobre lengua espa\u00f1ola en una de las universidades con m\u00e1s prestigio.<\/li>\n<li>Por nuestro\u00a0<strong>programa de becas y ayudas <\/strong>destinado a ayudar a los estudiantes a alcanzar sus metas acad\u00e9micas.<\/li>\n<\/ul>\n<h3 style=\"text-align: justify;\">Abrimos inscripciones para el Grado en Estudios Hisp\u00e1nicos<\/h3>\n<p style=\"text-align: justify;\">Ponemos a tu disposici\u00f3n un\u00a0<strong>experimentado equipo de orientadores acad\u00e9micos<\/strong> que resolver\u00e1n todas tus dudas y cuestiones sobre el grado. Para alumnos admitidos en la primera preinscripci\u00f3n del 18 de junio al 1 de julio dispondr\u00e1n de 9 y 10 de julio para realizarla. A continuaci\u00f3n, responderemos a las preguntas m\u00e1s habituales:<\/p>\n<p style=\"text-align: justify;\">P: \u00bfExisten medios de transporte hasta las instalaciones del centro universitario?<br \/>\nR: S\u00ed, hay autob\u00fas directo desde Santander, Torrelavega y Cabez\u00f3n de la Sal.\u00a0<a href=\"https:\/\/www.fundacioncomillas.es\/nuestro-campus\/como-llegar\/\">En este enlace<\/a>\u00a0a nuestra p\u00e1gina dispones de la informaci\u00f3n sobre c\u00f3mo llegar desde cualquier parte de Espa\u00f1a o del extranjero.<\/p>\n<p style=\"text-align: justify;\">P: \u00bfQu\u00e9 duraci\u00f3n tiene el grado?<br \/>\nR: 4 cursos acad\u00e9micos en modalidad presencial con clases de lunes a jueves.<\/p>\n<p style=\"text-align: justify;\">P: \u00bfSe obtiene una titulaci\u00f3n oficial?<br \/>\nR: S\u00ed, un t\u00edtulo universitario oficial expedido por la Universidad de Cantabria.<\/p>\n<p style=\"text-align: justify;\">P: \u00bfHay disponibilidad de alojamiento?<br \/>\nR: Claro, te ofrecemos varias modalidades de alojamiento a una distancia m\u00e1xima de 20 minutos a pie y transporte universitario desde Santander, con paradas en Torrelavega y Cabez\u00f3n.<\/p>\n<p style=\"text-align: justify;\">P: \u00bfLas pr\u00e1cticas son remuneradas?<br \/>\nR: S\u00ed, efectivamente y en instituciones tan valoradas como la RAE, el Instituto Cervantes, la Fundaci\u00f3n Bot\u00edn o la UIMP, entre otras.<\/p>\n<h4><strong>CIESE-FUNDACI\u00d3N COMILLAS<\/strong><\/h4>\n<p style=\"text-align: justify;\">El CIESE, Centro Internacional de Estudios Superiores del Espa\u00f1ol, de la Fundaci\u00f3n Comillas es un centro universitario dedicado a la ense\u00f1anza, investigaci\u00f3n y difusi\u00f3n de la lengua espa\u00f1ola y la cultura hisp\u00e1nica. Su condici\u00f3n de\u00a0<strong>centro adscrito a la Universidad de Cantabria<\/strong>\u00a0le permite ofertar titulaciones universitarias oficiales, como el Grado en Estudios Hisp\u00e1nicos y el M\u00e1ster en Ense\u00f1anza de ELE.<\/p>\n<p style=\"text-align: justify;\">De este modo, el programa acad\u00e9mico del CIESE-Fundaci\u00f3n Comillas cuenta con una nutrida oferta que incluye\u00a0<strong>t\u00edtulos oficiales de grado y posgrado,<\/strong>\u00a0en el marco del Espacio Europeo de Educaci\u00f3n Superior (EEES), as\u00ed como diversos cursos generales de ELE, y cursos de espa\u00f1ol en contextos profesionales espec\u00edficos. Se dirige fundamentalmente a personas cuya actividad profesional o acad\u00e9mica esta\u0301 vinculada de alguna forma a la lengua espa\u00f1ola y la cultura hisp\u00e1nica, ofreciendo as\u00ed\u0301 una formaci\u00f3n especializada de alto valor a\u00f1adido.<\/p>\n<p>Si tienes alguna pregunta sobre la\u00a0 informaci\u00f3n <strong>Abrimos inscripciones para el Grado en Estudios Hisp\u00e1nicos<\/strong> no dudes en ponerte en contacto en el correo electr\u00f3nico:<a href=\"mailto:info@fundacioncomillas.es\"> info@fundacioncomillas.es.<\/a><\/p>\n","protected":false},"excerpt":{"rendered":"<p>\u00bfQuieres estudiar una filolog\u00eda con futuro en la Universidad de Cantabria? Abrimos inscripciones para el Grado en Estudios Hisp\u00e1nicos.<\/p>\n","protected":false},"author":5,"featured_media":13852,"comment_status":"closed","ping_status":"closed","sticky":false,"template":"","format":"standard","meta":{"_acf_changed":false,"om_disable_all_campaigns":false,"_monsterinsights_skip_tracking":false,"_monsterinsights_sitenote_active":false,"_monsterinsights_sitenote_note":"","_monsterinsights_sitenote_category":0,"_uf_show_specific_survey":0,"_uf_disable_surveys":false,"footnotes":"","_links_to":"","_links_to_target":""},"categories":[42],"tags":[485,545,96,361,201,98,188,95,117,287,113],"class_list":["post-13793","post","type-post","status-publish","format-standard","has-post-thumbnail","hentry","category-academicas","tag-alumnos","tag-alumnos-ciese","tag-ciese","tag-empleo","tag-espanol","tag-estudios","tag-estudios-hispanicos","tag-fundacion-comillas","tag-grado-en-estudios-hispanicos","tag-rae","tag-salidas-profesionales"],"acf":[],"yoast_head":"<!-- This site is optimized with the Yoast SEO plugin v27.4 - https:\/\/yoast.com\/product\/yoast-seo-wordpress\/ -->\n<title>Abrimos inscripciones para el Grado en Estudios Hisp\u00e1nicos<\/title>\n<meta name=\"description\" content=\"\u00bfQuieres estudiar una filolog\u00eda con futuro en la Universidad de Cantabria? Abrimos inscripciones para el Grado en Estudios Hisp\u00e1nicos.\" \/>\n<meta name=\"robots\" content=\"index, follow, max-snippet:-1, max-image-preview:large, max-video-preview:-1\" \/>\n<link rel=\"canonical\" href=\"https:\/\/fundacioncomillas.es\/fr\/2019\/07\/04\/abrimos-inscripciones-para-el-grado-en-estudios-hispanicos\/\" \/>\n<meta property=\"og:locale\" content=\"fr_FR\" \/>\n<meta property=\"og:type\" content=\"article\" \/>\n<meta property=\"og:title\" content=\"Abrimos inscripciones para el Grado en Estudios Hisp\u00e1nicos\" \/>\n<meta property=\"og:description\" content=\"\u00bfQuieres estudiar una filolog\u00eda con futuro en la Universidad de Cantabria? Abrimos inscripciones para el Grado en Estudios Hisp\u00e1nicos.\" \/>\n<meta property=\"og:url\" content=\"https:\/\/fundacioncomillas.es\/fr\/2019\/07\/04\/abrimos-inscripciones-para-el-grado-en-estudios-hispanicos\/\" \/>\n<meta property=\"og:site_name\" content=\"Fundaci\u00f3n Comillas\" \/>\n<meta property=\"article:publisher\" content=\"https:\/\/www.facebook.com\/ciese.comillas\" \/>\n<meta property=\"article:published_time\" content=\"2019-07-04T11:57:05+00:00\" \/>\n<meta property=\"article:modified_time\" content=\"2025-02-20T13:44:17+00:00\" \/>\n<meta property=\"og:image\" content=\"https:\/\/fundacioncomillas.es\/wp-content\/uploads\/2019\/07\/abrimos-inscripciones-para-el-grado-en-estudios-hispanicos.jpg\" \/>\n\t<meta property=\"og:image:width\" content=\"600\" \/>\n\t<meta property=\"og:image:height\" content=\"400\" \/>\n\t<meta property=\"og:image:type\" content=\"image\/jpeg\" \/>\n<meta name=\"author\" content=\"Editora blog\" \/>\n<meta name=\"twitter:card\" content=\"summary_large_image\" \/>\n<meta name=\"twitter:creator\" content=\"@CIESEComillas\" \/>\n<meta name=\"twitter:site\" content=\"@CIESEComillas\" \/>\n<meta name=\"twitter:label1\" content=\"\u00c9crit par\" \/>\n\t<meta name=\"twitter:data1\" content=\"Editora blog\" \/>\n\t<meta name=\"twitter:label2\" content=\"Dur\u00e9e de lecture estim\u00e9e\" \/>\n\t<meta name=\"twitter:data2\" content=\"4 minutes\" \/>\n<script type=\"application\/ld+json\" class=\"yoast-schema-graph\">{\"@context\":\"https:\\\/\\\/schema.org\",\"@graph\":[{\"@type\":\"Article\",\"@id\":\"https:\\\/\\\/fundacioncomillas.es\\\/fr\\\/2019\\\/07\\\/04\\\/abrimos-inscripciones-para-el-grado-en-estudios-hispanicos\\\/#article\",\"isPartOf\":{\"@id\":\"https:\\\/\\\/fundacioncomillas.es\\\/fr\\\/2019\\\/07\\\/04\\\/abrimos-inscripciones-para-el-grado-en-estudios-hispanicos\\\/\"},\"author\":{\"name\":\"Editora blog\",\"@id\":\"https:\\\/\\\/fundacioncomillas.es\\\/fr\\\/#\\\/schema\\\/person\\\/9c97d808ba85998ebb6c55ad7bc925b8\"},\"headline\":\"Abrimos inscripciones para el Grado en Estudios Hisp\u00e1nicos\",\"datePublished\":\"2019-07-04T11:57:05+00:00\",\"dateModified\":\"2025-02-20T13:44:17+00:00\",\"mainEntityOfPage\":{\"@id\":\"https:\\\/\\\/fundacioncomillas.es\\\/fr\\\/2019\\\/07\\\/04\\\/abrimos-inscripciones-para-el-grado-en-estudios-hispanicos\\\/\"},\"wordCount\":845,\"publisher\":{\"@id\":\"https:\\\/\\\/fundacioncomillas.es\\\/fr\\\/#organization\"},\"image\":{\"@id\":\"https:\\\/\\\/fundacioncomillas.es\\\/fr\\\/2019\\\/07\\\/04\\\/abrimos-inscripciones-para-el-grado-en-estudios-hispanicos\\\/#primaryimage\"},\"thumbnailUrl\":\"https:\\\/\\\/fundacioncomillas.es\\\/wp-content\\\/uploads\\\/2019\\\/07\\\/abrimos-inscripciones-para-el-grado-en-estudios-hispanicos.jpg\",\"keywords\":[\"Alumnos\",\"Alumnos CIESE\",\"ciese\",\"empleo\",\"Espa\u00f1ol\",\"estudios\",\"Estudios Hisp\u00e1nicos\",\"fundaci\u00f3n comillas\",\"grado en estudios hisp\u00e1nicos\",\"rae\",\"salidas profesionales\"],\"articleSection\":[\"ACAD\u00c9MICAS\"],\"inLanguage\":\"fr-FR\"},{\"@type\":\"WebPage\",\"@id\":\"https:\\\/\\\/fundacioncomillas.es\\\/fr\\\/2019\\\/07\\\/04\\\/abrimos-inscripciones-para-el-grado-en-estudios-hispanicos\\\/\",\"url\":\"https:\\\/\\\/fundacioncomillas.es\\\/fr\\\/2019\\\/07\\\/04\\\/abrimos-inscripciones-para-el-grado-en-estudios-hispanicos\\\/\",\"name\":\"Abrimos inscripciones para el Grado en Estudios Hisp\u00e1nicos\",\"isPartOf\":{\"@id\":\"https:\\\/\\\/fundacioncomillas.es\\\/fr\\\/#website\"},\"primaryImageOfPage\":{\"@id\":\"https:\\\/\\\/fundacioncomillas.es\\\/fr\\\/2019\\\/07\\\/04\\\/abrimos-inscripciones-para-el-grado-en-estudios-hispanicos\\\/#primaryimage\"},\"image\":{\"@id\":\"https:\\\/\\\/fundacioncomillas.es\\\/fr\\\/2019\\\/07\\\/04\\\/abrimos-inscripciones-para-el-grado-en-estudios-hispanicos\\\/#primaryimage\"},\"thumbnailUrl\":\"https:\\\/\\\/fundacioncomillas.es\\\/wp-content\\\/uploads\\\/2019\\\/07\\\/abrimos-inscripciones-para-el-grado-en-estudios-hispanicos.jpg\",\"datePublished\":\"2019-07-04T11:57:05+00:00\",\"dateModified\":\"2025-02-20T13:44:17+00:00\",\"description\":\"\u00bfQuieres estudiar una filolog\u00eda con futuro en la Universidad de Cantabria? Abrimos inscripciones para el Grado en Estudios Hisp\u00e1nicos.\",\"breadcrumb\":{\"@id\":\"https:\\\/\\\/fundacioncomillas.es\\\/fr\\\/2019\\\/07\\\/04\\\/abrimos-inscripciones-para-el-grado-en-estudios-hispanicos\\\/#breadcrumb\"},\"inLanguage\":\"fr-FR\",\"potentialAction\":[{\"@type\":\"ReadAction\",\"target\":[\"https:\\\/\\\/fundacioncomillas.es\\\/fr\\\/2019\\\/07\\\/04\\\/abrimos-inscripciones-para-el-grado-en-estudios-hispanicos\\\/\"]}]},{\"@type\":\"ImageObject\",\"inLanguage\":\"fr-FR\",\"@id\":\"https:\\\/\\\/fundacioncomillas.es\\\/fr\\\/2019\\\/07\\\/04\\\/abrimos-inscripciones-para-el-grado-en-estudios-hispanicos\\\/#primaryimage\",\"url\":\"https:\\\/\\\/fundacioncomillas.es\\\/wp-content\\\/uploads\\\/2019\\\/07\\\/abrimos-inscripciones-para-el-grado-en-estudios-hispanicos.jpg\",\"contentUrl\":\"https:\\\/\\\/fundacioncomillas.es\\\/wp-content\\\/uploads\\\/2019\\\/07\\\/abrimos-inscripciones-para-el-grado-en-estudios-hispanicos.jpg\",\"width\":600,\"height\":400,\"caption\":\"Abrimos inscripciones para el Grado en Estudios Hisp\u00e1nicos CIESE-Fundaci\u00f3n Comillas\"},{\"@type\":\"BreadcrumbList\",\"@id\":\"https:\\\/\\\/fundacioncomillas.es\\\/fr\\\/2019\\\/07\\\/04\\\/abrimos-inscripciones-para-el-grado-en-estudios-hispanicos\\\/#breadcrumb\",\"itemListElement\":[{\"@type\":\"ListItem\",\"position\":1,\"name\":\"Portada\",\"item\":\"https:\\\/\\\/fundacioncomillas.es\\\/fr\\\/\"},{\"@type\":\"ListItem\",\"position\":2,\"name\":\"Abrimos inscripciones para el Grado en Estudios Hisp\u00e1nicos\"}]},{\"@type\":\"WebSite\",\"@id\":\"https:\\\/\\\/fundacioncomillas.es\\\/fr\\\/#website\",\"url\":\"https:\\\/\\\/fundacioncomillas.es\\\/fr\\\/\",\"name\":\"Fundaci\u00f3n Comillas\",\"description\":\"La Fundaci\u00f3n Comillas del Espa\u00f1ol y la Cultura Hisp\u00e1nica\",\"publisher\":{\"@id\":\"https:\\\/\\\/fundacioncomillas.es\\\/fr\\\/#organization\"},\"potentialAction\":[{\"@type\":\"SearchAction\",\"target\":{\"@type\":\"EntryPoint\",\"urlTemplate\":\"https:\\\/\\\/fundacioncomillas.es\\\/fr\\\/?s={search_term_string}\"},\"query-input\":{\"@type\":\"PropertyValueSpecification\",\"valueRequired\":true,\"valueName\":\"search_term_string\"}}],\"inLanguage\":\"fr-FR\"},{\"@type\":\"Organization\",\"@id\":\"https:\\\/\\\/fundacioncomillas.es\\\/fr\\\/#organization\",\"name\":\"Fundaci\u00f3n Comillas\",\"alternateName\":\"Fundaci\u00f3n Comillas - CIESE\",\"url\":\"https:\\\/\\\/fundacioncomillas.es\\\/fr\\\/\",\"logo\":{\"@type\":\"ImageObject\",\"inLanguage\":\"fr-FR\",\"@id\":\"https:\\\/\\\/fundacioncomillas.es\\\/fr\\\/#\\\/schema\\\/logo\\\/image\\\/\",\"url\":\"https:\\\/\\\/fundacioncomillas.es\\\/wp-content\\\/uploads\\\/2023\\\/04\\\/logo-fundacion-comillas-.png\",\"contentUrl\":\"https:\\\/\\\/fundacioncomillas.es\\\/wp-content\\\/uploads\\\/2023\\\/04\\\/logo-fundacion-comillas-.png\",\"width\":548,\"height\":536,\"caption\":\"Fundaci\u00f3n Comillas\"},\"image\":{\"@id\":\"https:\\\/\\\/fundacioncomillas.es\\\/fr\\\/#\\\/schema\\\/logo\\\/image\\\/\"},\"sameAs\":[\"https:\\\/\\\/www.facebook.com\\\/ciese.comillas\",\"https:\\\/\\\/x.com\\\/CIESEComillas\",\"https:\\\/\\\/www.instagram.com\\\/uniciesecomillas\\\/\",\"https:\\\/\\\/www.linkedin.com\\\/company\\\/fundacion-comillas\\\/\",\"https:\\\/\\\/www.youtube.com\\\/user\\\/fundacioncomillas\",\"https:\\\/\\\/twitter.com\\\/FundComillas\",\"https:\\\/\\\/www.linkedin.com\\\/company\\\/1533960\\\/admin\\\/\"]},{\"@type\":\"Person\",\"@id\":\"https:\\\/\\\/fundacioncomillas.es\\\/fr\\\/#\\\/schema\\\/person\\\/9c97d808ba85998ebb6c55ad7bc925b8\",\"name\":\"Editora blog\",\"url\":\"https:\\\/\\\/fundacioncomillas.es\\\/fr\\\/author\\\/editora-blog\\\/\"}]}<\/script>\n<!-- \/ Yoast SEO plugin. -->","yoast_head_json":{"title":"Abrimos inscripciones para el Grado en Estudios Hisp\u00e1nicos","description":"\u00bfQuieres estudiar una filolog\u00eda con futuro en la Universidad de Cantabria? Abrimos inscripciones para el Grado en Estudios Hisp\u00e1nicos.","robots":{"index":"index","follow":"follow","max-snippet":"max-snippet:-1","max-image-preview":"max-image-preview:large","max-video-preview":"max-video-preview:-1"},"canonical":"https:\/\/fundacioncomillas.es\/fr\/2019\/07\/04\/abrimos-inscripciones-para-el-grado-en-estudios-hispanicos\/","og_locale":"fr_FR","og_type":"article","og_title":"Abrimos inscripciones para el Grado en Estudios Hisp\u00e1nicos","og_description":"\u00bfQuieres estudiar una filolog\u00eda con futuro en la Universidad de Cantabria? Abrimos inscripciones para el Grado en Estudios Hisp\u00e1nicos.","og_url":"https:\/\/fundacioncomillas.es\/fr\/2019\/07\/04\/abrimos-inscripciones-para-el-grado-en-estudios-hispanicos\/","og_site_name":"Fundaci\u00f3n Comillas","article_publisher":"https:\/\/www.facebook.com\/ciese.comillas","article_published_time":"2019-07-04T11:57:05+00:00","article_modified_time":"2025-02-20T13:44:17+00:00","og_image":[{"width":600,"height":400,"url":"https:\/\/fundacioncomillas.es\/wp-content\/uploads\/2019\/07\/abrimos-inscripciones-para-el-grado-en-estudios-hispanicos.jpg","type":"image\/jpeg"}],"author":"Editora blog","twitter_card":"summary_large_image","twitter_creator":"@CIESEComillas","twitter_site":"@CIESEComillas","twitter_misc":{"\u00c9crit par":"Editora blog","Dur\u00e9e de lecture estim\u00e9e":"4 minutes"},"schema":{"@context":"https:\/\/schema.org","@graph":[{"@type":"Article","@id":"https:\/\/fundacioncomillas.es\/fr\/2019\/07\/04\/abrimos-inscripciones-para-el-grado-en-estudios-hispanicos\/#article","isPartOf":{"@id":"https:\/\/fundacioncomillas.es\/fr\/2019\/07\/04\/abrimos-inscripciones-para-el-grado-en-estudios-hispanicos\/"},"author":{"name":"Editora blog","@id":"https:\/\/fundacioncomillas.es\/fr\/#\/schema\/person\/9c97d808ba85998ebb6c55ad7bc925b8"},"headline":"Abrimos inscripciones para el Grado en Estudios Hisp\u00e1nicos","datePublished":"2019-07-04T11:57:05+00:00","dateModified":"2025-02-20T13:44:17+00:00","mainEntityOfPage":{"@id":"https:\/\/fundacioncomillas.es\/fr\/2019\/07\/04\/abrimos-inscripciones-para-el-grado-en-estudios-hispanicos\/"},"wordCount":845,"publisher":{"@id":"https:\/\/fundacioncomillas.es\/fr\/#organization"},"image":{"@id":"https:\/\/fundacioncomillas.es\/fr\/2019\/07\/04\/abrimos-inscripciones-para-el-grado-en-estudios-hispanicos\/#primaryimage"},"thumbnailUrl":"https:\/\/fundacioncomillas.es\/wp-content\/uploads\/2019\/07\/abrimos-inscripciones-para-el-grado-en-estudios-hispanicos.jpg","keywords":["Alumnos","Alumnos CIESE","ciese","empleo","Espa\u00f1ol","estudios","Estudios Hisp\u00e1nicos","fundaci\u00f3n comillas","grado en estudios hisp\u00e1nicos","rae","salidas profesionales"],"articleSection":["ACAD\u00c9MICAS"],"inLanguage":"fr-FR"},{"@type":"WebPage","@id":"https:\/\/fundacioncomillas.es\/fr\/2019\/07\/04\/abrimos-inscripciones-para-el-grado-en-estudios-hispanicos\/","url":"https:\/\/fundacioncomillas.es\/fr\/2019\/07\/04\/abrimos-inscripciones-para-el-grado-en-estudios-hispanicos\/","name":"Abrimos inscripciones para el Grado en Estudios Hisp\u00e1nicos","isPartOf":{"@id":"https:\/\/fundacioncomillas.es\/fr\/#website"},"primaryImageOfPage":{"@id":"https:\/\/fundacioncomillas.es\/fr\/2019\/07\/04\/abrimos-inscripciones-para-el-grado-en-estudios-hispanicos\/#primaryimage"},"image":{"@id":"https:\/\/fundacioncomillas.es\/fr\/2019\/07\/04\/abrimos-inscripciones-para-el-grado-en-estudios-hispanicos\/#primaryimage"},"thumbnailUrl":"https:\/\/fundacioncomillas.es\/wp-content\/uploads\/2019\/07\/abrimos-inscripciones-para-el-grado-en-estudios-hispanicos.jpg","datePublished":"2019-07-04T11:57:05+00:00","dateModified":"2025-02-20T13:44:17+00:00","description":"\u00bfQuieres estudiar una filolog\u00eda con futuro en la Universidad de Cantabria? Abrimos inscripciones para el Grado en Estudios Hisp\u00e1nicos.","breadcrumb":{"@id":"https:\/\/fundacioncomillas.es\/fr\/2019\/07\/04\/abrimos-inscripciones-para-el-grado-en-estudios-hispanicos\/#breadcrumb"},"inLanguage":"fr-FR","potentialAction":[{"@type":"ReadAction","target":["https:\/\/fundacioncomillas.es\/fr\/2019\/07\/04\/abrimos-inscripciones-para-el-grado-en-estudios-hispanicos\/"]}]},{"@type":"ImageObject","inLanguage":"fr-FR","@id":"https:\/\/fundacioncomillas.es\/fr\/2019\/07\/04\/abrimos-inscripciones-para-el-grado-en-estudios-hispanicos\/#primaryimage","url":"https:\/\/fundacioncomillas.es\/wp-content\/uploads\/2019\/07\/abrimos-inscripciones-para-el-grado-en-estudios-hispanicos.jpg","contentUrl":"https:\/\/fundacioncomillas.es\/wp-content\/uploads\/2019\/07\/abrimos-inscripciones-para-el-grado-en-estudios-hispanicos.jpg","width":600,"height":400,"caption":"Abrimos inscripciones para el Grado en Estudios Hisp\u00e1nicos CIESE-Fundaci\u00f3n Comillas"},{"@type":"BreadcrumbList","@id":"https:\/\/fundacioncomillas.es\/fr\/2019\/07\/04\/abrimos-inscripciones-para-el-grado-en-estudios-hispanicos\/#breadcrumb","itemListElement":[{"@type":"ListItem","position":1,"name":"Portada","item":"https:\/\/fundacioncomillas.es\/fr\/"},{"@type":"ListItem","position":2,"name":"Abrimos inscripciones para el Grado en Estudios Hisp\u00e1nicos"}]},{"@type":"WebSite","@id":"https:\/\/fundacioncomillas.es\/fr\/#website","url":"https:\/\/fundacioncomillas.es\/fr\/","name":"Fundaci\u00f3n Comillas","description":"La Fundaci\u00f3n Comillas del Espa\u00f1ol y la Cultura Hisp\u00e1nica","publisher":{"@id":"https:\/\/fundacioncomillas.es\/fr\/#organization"},"potentialAction":[{"@type":"SearchAction","target":{"@type":"EntryPoint","urlTemplate":"https:\/\/fundacioncomillas.es\/fr\/?s={search_term_string}"},"query-input":{"@type":"PropertyValueSpecification","valueRequired":true,"valueName":"search_term_string"}}],"inLanguage":"fr-FR"},{"@type":"Organization","@id":"https:\/\/fundacioncomillas.es\/fr\/#organization","name":"Fundaci\u00f3n Comillas","alternateName":"Fundaci\u00f3n Comillas - CIESE","url":"https:\/\/fundacioncomillas.es\/fr\/","logo":{"@type":"ImageObject","inLanguage":"fr-FR","@id":"https:\/\/fundacioncomillas.es\/fr\/#\/schema\/logo\/image\/","url":"https:\/\/fundacioncomillas.es\/wp-content\/uploads\/2023\/04\/logo-fundacion-comillas-.png","contentUrl":"https:\/\/fundacioncomillas.es\/wp-content\/uploads\/2023\/04\/logo-fundacion-comillas-.png","width":548,"height":536,"caption":"Fundaci\u00f3n Comillas"},"image":{"@id":"https:\/\/fundacioncomillas.es\/fr\/#\/schema\/logo\/image\/"},"sameAs":["https:\/\/www.facebook.com\/ciese.comillas","https:\/\/x.com\/CIESEComillas","https:\/\/www.instagram.com\/uniciesecomillas\/","https:\/\/www.linkedin.com\/company\/fundacion-comillas\/","https:\/\/www.youtube.com\/user\/fundacioncomillas","https:\/\/twitter.com\/FundComillas","https:\/\/www.linkedin.com\/company\/1533960\/admin\/"]},{"@type":"Person","@id":"https:\/\/fundacioncomillas.es\/fr\/#\/schema\/person\/9c97d808ba85998ebb6c55ad7bc925b8","name":"Editora blog","url":"https:\/\/fundacioncomillas.es\/fr\/author\/editora-blog\/"}]}},"_links":{"self":[{"href":"https:\/\/fundacioncomillas.es\/fr\/wp-json\/wp\/v2\/posts\/13793","targetHints":{"allow":["GET"]}}],"collection":[{"href":"https:\/\/fundacioncomillas.es\/fr\/wp-json\/wp\/v2\/posts"}],"about":[{"href":"https:\/\/fundacioncomillas.es\/fr\/wp-json\/wp\/v2\/types\/post"}],"author":[{"embeddable":true,"href":"https:\/\/fundacioncomillas.es\/fr\/wp-json\/wp\/v2\/users\/5"}],"replies":[{"embeddable":true,"href":"https:\/\/fundacioncomillas.es\/fr\/wp-json\/wp\/v2\/comments?post=13793"}],"version-history":[{"count":4,"href":"https:\/\/fundacioncomillas.es\/fr\/wp-json\/wp\/v2\/posts\/13793\/revisions"}],"predecessor-version":[{"id":13856,"href":"https:\/\/fundacioncomillas.es\/fr\/wp-json\/wp\/v2\/posts\/13793\/revisions\/13856"}],"wp:featuredmedia":[{"embeddable":true,"href":"https:\/\/fundacioncomillas.es\/fr\/wp-json\/wp\/v2\/media\/13852"}],"wp:attachment":[{"href":"https:\/\/fundacioncomillas.es\/fr\/wp-json\/wp\/v2\/media?parent=13793"}],"wp:term":[{"taxonomy":"category","embeddable":true,"href":"https:\/\/fundacioncomillas.es\/fr\/wp-json\/wp\/v2\/categories?post=13793"},{"taxonomy":"post_tag","embeddable":true,"href":"https:\/\/fundacioncomillas.es\/fr\/wp-json\/wp\/v2\/tags?post=13793"}],"curies":[{"name":"wp","href":"https:\/\/api.w.org\/{rel}","templated":true}]}}