{"id":13075,"date":"2024-11-28T12:02:47","date_gmt":"2024-11-28T11:02:47","guid":{"rendered":"https:\/\/fundacioncomillas.es\/?p=13075"},"modified":"2024-11-28T14:27:09","modified_gmt":"2024-11-28T13:27:09","slug":"fundacion-comillas-amplia-oferta-educativa-aula-permanente-universidad-para-mayores-de-40-anos","status":"publish","type":"post","link":"https:\/\/fundacioncomillas.es\/fr\/2024\/11\/28\/fundacion-comillas-amplia-oferta-educativa-aula-permanente-universidad-para-mayores-de-40-anos\/","title":{"rendered":"La Fundaci\u00f3n Comillas ampl\u00eda su oferta educativa con la creaci\u00f3n del Aula Permanente: la Universidad para mayores de 40 a\u00f1os"},"content":{"rendered":"<p style=\"text-align: justify;\">La <strong>Fundaci\u00f3n Comillas<\/strong> a\u00f1adir\u00e1 a su <strong>oferta educativa<\/strong> un nuevo programa formativo dirigido a las<strong> personas adultas del occidente de Cantabria y el oriente de Asturias: el Aula Permanente.<\/strong> Este proyecto est\u00e1 dirigido a todas aquellas personas, de m\u00e1s de 40 a\u00f1os, independientemente de su formaci\u00f3n educativa o profesional, que residan en la villa de Comillas o en municipios cercanos, y que tengan inter\u00e9s en volver a las aulas.<\/p>\n<p style=\"text-align: justify;\">Las personas interesadas en esta formaci\u00f3n podr\u00e1n matricularse en diferentes talleres y seminarios, sobre patrimonio, lengua, arte, idiomas, geograf\u00eda o literatura, entre otras disciplinas, que ser\u00e1n impartidos por profesores universitarios y profesionales de reconocido prestigio.<\/p>\n<h2 style=\"text-align: justify;\">UNIVERSIDAD PARA MAYORES<\/h2>\n<p style=\"text-align: justify;\">Esta nueva iniciativa de la Fundaci\u00f3n Comillas supone una muestra m\u00e1s del nuevo impulso que por parte del <a href=\"https:\/\/www.cantabria.es\/\" target=\"_blank\" rel=\"noopener\">Gobierno de Cantabria<\/a> se quiere otorgar a la actividad de la Fundaci\u00f3n, ampliando su oferta educativa y diversificando el contenido y alcance de sus actividades. El Consejero de Econom\u00eda, Hacienda, Financiaci\u00f3n Auton\u00f3mica y Fondos Europeos, <strong>Luis \u00c1ngel Ag\u00fceros<\/strong>, ha anunciado la puesta en marcha de este nuevo proyecto, dando as\u00ed respuesta a la demanda de actividad formativa para ese segmento de poblaci\u00f3n. Para Ag\u00fceros \u201ceste proyecto es el punto de partida de otros que vendr\u00e1n a continuaci\u00f3n, en \u00e1mbitos como la difusi\u00f3n de la cultura hisp\u00e1nica o la catalogaci\u00f3n del patrimonio cultural inmaterial de Cantabria\u201d.<\/p>\n<p style=\"text-align: justify;\">El <strong>objetivo de Aula Permanente<\/strong> es potenciar las actividades educativas y culturales de la ciudadan\u00eda, as\u00ed como contribuir a\u00a0la\u00a0promoci\u00f3n y el desarrollo del aprendizaje continuo y al enriquecimiento personal de\u00a0las\u00a0personas adultas que desean volver a las aulas. \u201cEl Aula se crea para cumplir con el compromiso fundacional de atender a la formaci\u00f3n continua\u201d, explica D\u00e1maso L\u00f3pez Garc\u00eda, director de la Fundaci\u00f3n Comillas.<\/p>\n<p style=\"text-align: justify;\">Las clases de esta <strong>I promoci\u00f3n del Aula Permanente dar\u00e1n comienzo el 3 de marzo<\/strong> y finalizar\u00e1n el 28 de mayo de 2025. Se impartir\u00e1n los lunes y mi\u00e9rcoles, en horario de tarde, en las aulas del Seminario Mayor. El coste de matr\u00edcula de este curso de formaci\u00f3n es de 50 euros. Al finalizar los estudiantes recibir\u00e1n un diploma de aprovechamiento durante un acto de clausura (<a href=\"https:\/\/fundacioncomillas.es\/la-fundacion\/aula-permanente\/\">m\u00e1s informaci\u00f3n sobre Aula Permanente<\/a> de la Fundaci\u00f3n Comillas). La profesora responsable de este proyecto educativo es la doctora en Historia, <a href=\"https:\/\/fundacioncomillas.es\/profesor\/nuria-gonzalez-alonso\/\">Nuria Gonz\u00e1lez Alonso.<\/a><\/p>\n<h3 style=\"text-align: justify;\"><strong>FUNDACI\u00d3N COMILLAS<\/strong><\/h3>\n<p style=\"text-align: justify;\">La Fundaci\u00f3n Comillas es una instituci\u00f3n de referencia en la formaci\u00f3n, investigaci\u00f3n y difusi\u00f3n de la lengua espa\u00f1ola y la cultura hisp\u00e1nica. Entre los objetivos estrat\u00e9gicos de esta instituci\u00f3n est\u00e1 el desarrollo territorial, econ\u00f3mico y cultural de Cantabria, la investigaci\u00f3n e innovaci\u00f3n en espa\u00f1ol, as\u00ed como la ense\u00f1anza de este en su Centro de Estudios de Estudios Superiores del Espa\u00f1ol (CIESE), en donde se puede estudiar el Grado en Estudios Hisp\u00e1nicos y el M\u00e1ster en ELE, adem\u00e1s de otros cursos y programas de posgrado. Adem\u00e1s, es centro examinador oficial del Instituto Cervantes de los ex\u00e1menes DELE y CCSE.<\/p>\n","protected":false},"excerpt":{"rendered":"<p>Este nuevo proyecto formativo tiene como objetivo potenciar las actividades educativas y culturales en beneficio de la ciudadan\u00eda.<\/p>\n","protected":false},"author":3,"featured_media":13081,"comment_status":"closed","ping_status":"closed","sticky":false,"template":"","format":"standard","meta":{"_acf_changed":false,"om_disable_all_campaigns":false,"_monsterinsights_skip_tracking":false,"_monsterinsights_sitenote_active":false,"_monsterinsights_sitenote_note":"","_monsterinsights_sitenote_category":0,"_uf_show_specific_survey":0,"_uf_disable_surveys":false,"footnotes":"","_links_to":"","_links_to_target":""},"categories":[42,40,41],"tags":[788,95,789],"class_list":["post-13075","post","type-post","status-publish","format-standard","has-post-thumbnail","hentry","category-academicas","category-cultura","category-fundacion","tag-aula-permanente","tag-fundacion-comillas","tag-universidad-para-mayores"],"acf":[],"yoast_head":"<!-- This site is optimized with the Yoast SEO plugin v27.4 - https:\/\/yoast.com\/product\/yoast-seo-wordpress\/ -->\n<title>La Fundaci\u00f3n Comillas lanza la universidad para mayores de 40<\/title>\n<meta name=\"description\" content=\"La Fundaci\u00f3n Comillas ampl\u00eda su oferta educativa con la creaci\u00f3n del Aula Permanente: la Universidad para mayores de 40 a\u00f1os.\" \/>\n<meta name=\"robots\" content=\"index, follow, max-snippet:-1, max-image-preview:large, max-video-preview:-1\" \/>\n<link rel=\"canonical\" href=\"https:\/\/fundacioncomillas.es\/fr\/2024\/11\/28\/fundacion-comillas-amplia-oferta-educativa-aula-permanente-universidad-para-mayores-de-40-anos\/\" \/>\n<meta property=\"og:locale\" content=\"fr_FR\" \/>\n<meta property=\"og:type\" content=\"article\" \/>\n<meta property=\"og:title\" content=\"La Fundaci\u00f3n Comillas lanza la universidad para mayores de 40\" \/>\n<meta property=\"og:description\" content=\"La Fundaci\u00f3n Comillas ampl\u00eda su oferta educativa con la creaci\u00f3n del Aula Permanente: la Universidad para mayores de 40 a\u00f1os.\" \/>\n<meta property=\"og:url\" content=\"https:\/\/fundacioncomillas.es\/fr\/2024\/11\/28\/fundacion-comillas-amplia-oferta-educativa-aula-permanente-universidad-para-mayores-de-40-anos\/\" \/>\n<meta property=\"og:site_name\" content=\"Fundaci\u00f3n Comillas\" \/>\n<meta property=\"article:publisher\" content=\"https:\/\/www.facebook.com\/ciese.comillas\" \/>\n<meta property=\"article:published_time\" content=\"2024-11-28T11:02:47+00:00\" \/>\n<meta property=\"article:modified_time\" content=\"2024-11-28T13:27:09+00:00\" \/>\n<meta property=\"og:image\" content=\"https:\/\/fundacioncomillas.es\/wp-content\/uploads\/2024\/11\/universidad-para-mayores-aula-permanente-fundacion-comillas-1.jpg\" \/>\n\t<meta property=\"og:image:width\" content=\"800\" \/>\n\t<meta property=\"og:image:height\" content=\"600\" \/>\n\t<meta property=\"og:image:type\" content=\"image\/jpeg\" \/>\n<meta name=\"author\" content=\"fundacion\" \/>\n<meta name=\"twitter:card\" content=\"summary_large_image\" \/>\n<meta name=\"twitter:creator\" content=\"@CIESEComillas\" \/>\n<meta name=\"twitter:site\" content=\"@CIESEComillas\" \/>\n<meta name=\"twitter:label1\" content=\"\u00c9crit par\" \/>\n\t<meta name=\"twitter:data1\" content=\"fundacion\" \/>\n\t<meta name=\"twitter:label2\" content=\"Dur\u00e9e de lecture estim\u00e9e\" \/>\n\t<meta name=\"twitter:data2\" content=\"3 minutes\" \/>\n<script type=\"application\/ld+json\" class=\"yoast-schema-graph\">{\"@context\":\"https:\\\/\\\/schema.org\",\"@graph\":[{\"@type\":\"Article\",\"@id\":\"https:\\\/\\\/fundacioncomillas.es\\\/fr\\\/2024\\\/11\\\/28\\\/fundacion-comillas-amplia-oferta-educativa-aula-permanente-universidad-para-mayores-de-40-anos\\\/#article\",\"isPartOf\":{\"@id\":\"https:\\\/\\\/fundacioncomillas.es\\\/fr\\\/2024\\\/11\\\/28\\\/fundacion-comillas-amplia-oferta-educativa-aula-permanente-universidad-para-mayores-de-40-anos\\\/\"},\"author\":{\"name\":\"fundacion\",\"@id\":\"https:\\\/\\\/fundacioncomillas.es\\\/fr\\\/#\\\/schema\\\/person\\\/3cdde58ad1a78de54c94309e39ec81cb\"},\"headline\":\"La Fundaci\u00f3n Comillas ampl\u00eda su oferta educativa con la creaci\u00f3n del Aula Permanente: la Universidad para mayores de 40 a\u00f1os\",\"datePublished\":\"2024-11-28T11:02:47+00:00\",\"dateModified\":\"2024-11-28T13:27:09+00:00\",\"mainEntityOfPage\":{\"@id\":\"https:\\\/\\\/fundacioncomillas.es\\\/fr\\\/2024\\\/11\\\/28\\\/fundacion-comillas-amplia-oferta-educativa-aula-permanente-universidad-para-mayores-de-40-anos\\\/\"},\"wordCount\":558,\"publisher\":{\"@id\":\"https:\\\/\\\/fundacioncomillas.es\\\/fr\\\/#organization\"},\"image\":{\"@id\":\"https:\\\/\\\/fundacioncomillas.es\\\/fr\\\/2024\\\/11\\\/28\\\/fundacion-comillas-amplia-oferta-educativa-aula-permanente-universidad-para-mayores-de-40-anos\\\/#primaryimage\"},\"thumbnailUrl\":\"https:\\\/\\\/fundacioncomillas.es\\\/wp-content\\\/uploads\\\/2024\\\/11\\\/universidad-para-mayores-aula-permanente-fundacion-comillas-1.jpg\",\"keywords\":[\"Aula Permanente\",\"fundaci\u00f3n comillas\",\"Universidad para mayores\"],\"articleSection\":[\"ACAD\u00c9MICAS\",\"CULTURA\",\"FUNDACI\u00d3N\"],\"inLanguage\":\"fr-FR\"},{\"@type\":\"WebPage\",\"@id\":\"https:\\\/\\\/fundacioncomillas.es\\\/fr\\\/2024\\\/11\\\/28\\\/fundacion-comillas-amplia-oferta-educativa-aula-permanente-universidad-para-mayores-de-40-anos\\\/\",\"url\":\"https:\\\/\\\/fundacioncomillas.es\\\/fr\\\/2024\\\/11\\\/28\\\/fundacion-comillas-amplia-oferta-educativa-aula-permanente-universidad-para-mayores-de-40-anos\\\/\",\"name\":\"La Fundaci\u00f3n Comillas lanza la universidad para mayores de 40\",\"isPartOf\":{\"@id\":\"https:\\\/\\\/fundacioncomillas.es\\\/fr\\\/#website\"},\"primaryImageOfPage\":{\"@id\":\"https:\\\/\\\/fundacioncomillas.es\\\/fr\\\/2024\\\/11\\\/28\\\/fundacion-comillas-amplia-oferta-educativa-aula-permanente-universidad-para-mayores-de-40-anos\\\/#primaryimage\"},\"image\":{\"@id\":\"https:\\\/\\\/fundacioncomillas.es\\\/fr\\\/2024\\\/11\\\/28\\\/fundacion-comillas-amplia-oferta-educativa-aula-permanente-universidad-para-mayores-de-40-anos\\\/#primaryimage\"},\"thumbnailUrl\":\"https:\\\/\\\/fundacioncomillas.es\\\/wp-content\\\/uploads\\\/2024\\\/11\\\/universidad-para-mayores-aula-permanente-fundacion-comillas-1.jpg\",\"datePublished\":\"2024-11-28T11:02:47+00:00\",\"dateModified\":\"2024-11-28T13:27:09+00:00\",\"description\":\"La Fundaci\u00f3n Comillas ampl\u00eda su oferta educativa con la creaci\u00f3n del Aula Permanente: la Universidad para mayores de 40 a\u00f1os.\",\"breadcrumb\":{\"@id\":\"https:\\\/\\\/fundacioncomillas.es\\\/fr\\\/2024\\\/11\\\/28\\\/fundacion-comillas-amplia-oferta-educativa-aula-permanente-universidad-para-mayores-de-40-anos\\\/#breadcrumb\"},\"inLanguage\":\"fr-FR\",\"potentialAction\":[{\"@type\":\"ReadAction\",\"target\":[\"https:\\\/\\\/fundacioncomillas.es\\\/fr\\\/2024\\\/11\\\/28\\\/fundacion-comillas-amplia-oferta-educativa-aula-permanente-universidad-para-mayores-de-40-anos\\\/\"]}]},{\"@type\":\"ImageObject\",\"inLanguage\":\"fr-FR\",\"@id\":\"https:\\\/\\\/fundacioncomillas.es\\\/fr\\\/2024\\\/11\\\/28\\\/fundacion-comillas-amplia-oferta-educativa-aula-permanente-universidad-para-mayores-de-40-anos\\\/#primaryimage\",\"url\":\"https:\\\/\\\/fundacioncomillas.es\\\/wp-content\\\/uploads\\\/2024\\\/11\\\/universidad-para-mayores-aula-permanente-fundacion-comillas-1.jpg\",\"contentUrl\":\"https:\\\/\\\/fundacioncomillas.es\\\/wp-content\\\/uploads\\\/2024\\\/11\\\/universidad-para-mayores-aula-permanente-fundacion-comillas-1.jpg\",\"width\":800,\"height\":600,\"caption\":\"Universidad para mayores Aula Permanente\"},{\"@type\":\"BreadcrumbList\",\"@id\":\"https:\\\/\\\/fundacioncomillas.es\\\/fr\\\/2024\\\/11\\\/28\\\/fundacion-comillas-amplia-oferta-educativa-aula-permanente-universidad-para-mayores-de-40-anos\\\/#breadcrumb\",\"itemListElement\":[{\"@type\":\"ListItem\",\"position\":1,\"name\":\"Portada\",\"item\":\"https:\\\/\\\/fundacioncomillas.es\\\/fr\\\/\"},{\"@type\":\"ListItem\",\"position\":2,\"name\":\"La Fundaci\u00f3n Comillas ampl\u00eda su oferta educativa con la creaci\u00f3n del Aula Permanente: la Universidad para mayores de 40 a\u00f1os\"}]},{\"@type\":\"WebSite\",\"@id\":\"https:\\\/\\\/fundacioncomillas.es\\\/fr\\\/#website\",\"url\":\"https:\\\/\\\/fundacioncomillas.es\\\/fr\\\/\",\"name\":\"Fundaci\u00f3n Comillas\",\"description\":\"La Fundaci\u00f3n Comillas del Espa\u00f1ol y la Cultura Hisp\u00e1nica\",\"publisher\":{\"@id\":\"https:\\\/\\\/fundacioncomillas.es\\\/fr\\\/#organization\"},\"potentialAction\":[{\"@type\":\"SearchAction\",\"target\":{\"@type\":\"EntryPoint\",\"urlTemplate\":\"https:\\\/\\\/fundacioncomillas.es\\\/fr\\\/?s={search_term_string}\"},\"query-input\":{\"@type\":\"PropertyValueSpecification\",\"valueRequired\":true,\"valueName\":\"search_term_string\"}}],\"inLanguage\":\"fr-FR\"},{\"@type\":\"Organization\",\"@id\":\"https:\\\/\\\/fundacioncomillas.es\\\/fr\\\/#organization\",\"name\":\"Fundaci\u00f3n Comillas\",\"alternateName\":\"Fundaci\u00f3n Comillas - CIESE\",\"url\":\"https:\\\/\\\/fundacioncomillas.es\\\/fr\\\/\",\"logo\":{\"@type\":\"ImageObject\",\"inLanguage\":\"fr-FR\",\"@id\":\"https:\\\/\\\/fundacioncomillas.es\\\/fr\\\/#\\\/schema\\\/logo\\\/image\\\/\",\"url\":\"https:\\\/\\\/fundacioncomillas.es\\\/wp-content\\\/uploads\\\/2023\\\/04\\\/logo-fundacion-comillas-.png\",\"contentUrl\":\"https:\\\/\\\/fundacioncomillas.es\\\/wp-content\\\/uploads\\\/2023\\\/04\\\/logo-fundacion-comillas-.png\",\"width\":548,\"height\":536,\"caption\":\"Fundaci\u00f3n Comillas\"},\"image\":{\"@id\":\"https:\\\/\\\/fundacioncomillas.es\\\/fr\\\/#\\\/schema\\\/logo\\\/image\\\/\"},\"sameAs\":[\"https:\\\/\\\/www.facebook.com\\\/ciese.comillas\",\"https:\\\/\\\/x.com\\\/CIESEComillas\",\"https:\\\/\\\/www.instagram.com\\\/uniciesecomillas\\\/\",\"https:\\\/\\\/www.linkedin.com\\\/company\\\/fundacion-comillas\\\/\",\"https:\\\/\\\/www.youtube.com\\\/user\\\/fundacioncomillas\",\"https:\\\/\\\/twitter.com\\\/FundComillas\",\"https:\\\/\\\/www.linkedin.com\\\/company\\\/1533960\\\/admin\\\/\"]},{\"@type\":\"Person\",\"@id\":\"https:\\\/\\\/fundacioncomillas.es\\\/fr\\\/#\\\/schema\\\/person\\\/3cdde58ad1a78de54c94309e39ec81cb\",\"name\":\"fundacion\",\"url\":\"https:\\\/\\\/fundacioncomillas.es\\\/fr\\\/author\\\/fundacion\\\/\"}]}<\/script>\n<!-- \/ Yoast SEO plugin. -->","yoast_head_json":{"title":"La Fundaci\u00f3n Comillas lanza la universidad para mayores de 40","description":"La Fundaci\u00f3n Comillas ampl\u00eda su oferta educativa con la creaci\u00f3n del Aula Permanente: la Universidad para mayores de 40 a\u00f1os.","robots":{"index":"index","follow":"follow","max-snippet":"max-snippet:-1","max-image-preview":"max-image-preview:large","max-video-preview":"max-video-preview:-1"},"canonical":"https:\/\/fundacioncomillas.es\/fr\/2024\/11\/28\/fundacion-comillas-amplia-oferta-educativa-aula-permanente-universidad-para-mayores-de-40-anos\/","og_locale":"fr_FR","og_type":"article","og_title":"La Fundaci\u00f3n Comillas lanza la universidad para mayores de 40","og_description":"La Fundaci\u00f3n Comillas ampl\u00eda su oferta educativa con la creaci\u00f3n del Aula Permanente: la Universidad para mayores de 40 a\u00f1os.","og_url":"https:\/\/fundacioncomillas.es\/fr\/2024\/11\/28\/fundacion-comillas-amplia-oferta-educativa-aula-permanente-universidad-para-mayores-de-40-anos\/","og_site_name":"Fundaci\u00f3n Comillas","article_publisher":"https:\/\/www.facebook.com\/ciese.comillas","article_published_time":"2024-11-28T11:02:47+00:00","article_modified_time":"2024-11-28T13:27:09+00:00","og_image":[{"width":800,"height":600,"url":"https:\/\/fundacioncomillas.es\/wp-content\/uploads\/2024\/11\/universidad-para-mayores-aula-permanente-fundacion-comillas-1.jpg","type":"image\/jpeg"}],"author":"fundacion","twitter_card":"summary_large_image","twitter_creator":"@CIESEComillas","twitter_site":"@CIESEComillas","twitter_misc":{"\u00c9crit par":"fundacion","Dur\u00e9e de lecture estim\u00e9e":"3 minutes"},"schema":{"@context":"https:\/\/schema.org","@graph":[{"@type":"Article","@id":"https:\/\/fundacioncomillas.es\/fr\/2024\/11\/28\/fundacion-comillas-amplia-oferta-educativa-aula-permanente-universidad-para-mayores-de-40-anos\/#article","isPartOf":{"@id":"https:\/\/fundacioncomillas.es\/fr\/2024\/11\/28\/fundacion-comillas-amplia-oferta-educativa-aula-permanente-universidad-para-mayores-de-40-anos\/"},"author":{"name":"fundacion","@id":"https:\/\/fundacioncomillas.es\/fr\/#\/schema\/person\/3cdde58ad1a78de54c94309e39ec81cb"},"headline":"La Fundaci\u00f3n Comillas ampl\u00eda su oferta educativa con la creaci\u00f3n del Aula Permanente: la Universidad para mayores de 40 a\u00f1os","datePublished":"2024-11-28T11:02:47+00:00","dateModified":"2024-11-28T13:27:09+00:00","mainEntityOfPage":{"@id":"https:\/\/fundacioncomillas.es\/fr\/2024\/11\/28\/fundacion-comillas-amplia-oferta-educativa-aula-permanente-universidad-para-mayores-de-40-anos\/"},"wordCount":558,"publisher":{"@id":"https:\/\/fundacioncomillas.es\/fr\/#organization"},"image":{"@id":"https:\/\/fundacioncomillas.es\/fr\/2024\/11\/28\/fundacion-comillas-amplia-oferta-educativa-aula-permanente-universidad-para-mayores-de-40-anos\/#primaryimage"},"thumbnailUrl":"https:\/\/fundacioncomillas.es\/wp-content\/uploads\/2024\/11\/universidad-para-mayores-aula-permanente-fundacion-comillas-1.jpg","keywords":["Aula Permanente","fundaci\u00f3n comillas","Universidad para mayores"],"articleSection":["ACAD\u00c9MICAS","CULTURA","FUNDACI\u00d3N"],"inLanguage":"fr-FR"},{"@type":"WebPage","@id":"https:\/\/fundacioncomillas.es\/fr\/2024\/11\/28\/fundacion-comillas-amplia-oferta-educativa-aula-permanente-universidad-para-mayores-de-40-anos\/","url":"https:\/\/fundacioncomillas.es\/fr\/2024\/11\/28\/fundacion-comillas-amplia-oferta-educativa-aula-permanente-universidad-para-mayores-de-40-anos\/","name":"La Fundaci\u00f3n Comillas lanza la universidad para mayores de 40","isPartOf":{"@id":"https:\/\/fundacioncomillas.es\/fr\/#website"},"primaryImageOfPage":{"@id":"https:\/\/fundacioncomillas.es\/fr\/2024\/11\/28\/fundacion-comillas-amplia-oferta-educativa-aula-permanente-universidad-para-mayores-de-40-anos\/#primaryimage"},"image":{"@id":"https:\/\/fundacioncomillas.es\/fr\/2024\/11\/28\/fundacion-comillas-amplia-oferta-educativa-aula-permanente-universidad-para-mayores-de-40-anos\/#primaryimage"},"thumbnailUrl":"https:\/\/fundacioncomillas.es\/wp-content\/uploads\/2024\/11\/universidad-para-mayores-aula-permanente-fundacion-comillas-1.jpg","datePublished":"2024-11-28T11:02:47+00:00","dateModified":"2024-11-28T13:27:09+00:00","description":"La Fundaci\u00f3n Comillas ampl\u00eda su oferta educativa con la creaci\u00f3n del Aula Permanente: la Universidad para mayores de 40 a\u00f1os.","breadcrumb":{"@id":"https:\/\/fundacioncomillas.es\/fr\/2024\/11\/28\/fundacion-comillas-amplia-oferta-educativa-aula-permanente-universidad-para-mayores-de-40-anos\/#breadcrumb"},"inLanguage":"fr-FR","potentialAction":[{"@type":"ReadAction","target":["https:\/\/fundacioncomillas.es\/fr\/2024\/11\/28\/fundacion-comillas-amplia-oferta-educativa-aula-permanente-universidad-para-mayores-de-40-anos\/"]}]},{"@type":"ImageObject","inLanguage":"fr-FR","@id":"https:\/\/fundacioncomillas.es\/fr\/2024\/11\/28\/fundacion-comillas-amplia-oferta-educativa-aula-permanente-universidad-para-mayores-de-40-anos\/#primaryimage","url":"https:\/\/fundacioncomillas.es\/wp-content\/uploads\/2024\/11\/universidad-para-mayores-aula-permanente-fundacion-comillas-1.jpg","contentUrl":"https:\/\/fundacioncomillas.es\/wp-content\/uploads\/2024\/11\/universidad-para-mayores-aula-permanente-fundacion-comillas-1.jpg","width":800,"height":600,"caption":"Universidad para mayores Aula Permanente"},{"@type":"BreadcrumbList","@id":"https:\/\/fundacioncomillas.es\/fr\/2024\/11\/28\/fundacion-comillas-amplia-oferta-educativa-aula-permanente-universidad-para-mayores-de-40-anos\/#breadcrumb","itemListElement":[{"@type":"ListItem","position":1,"name":"Portada","item":"https:\/\/fundacioncomillas.es\/fr\/"},{"@type":"ListItem","position":2,"name":"La Fundaci\u00f3n Comillas ampl\u00eda su oferta educativa con la creaci\u00f3n del Aula Permanente: la Universidad para mayores de 40 a\u00f1os"}]},{"@type":"WebSite","@id":"https:\/\/fundacioncomillas.es\/fr\/#website","url":"https:\/\/fundacioncomillas.es\/fr\/","name":"Fundaci\u00f3n Comillas","description":"La Fundaci\u00f3n Comillas del Espa\u00f1ol y la Cultura Hisp\u00e1nica","publisher":{"@id":"https:\/\/fundacioncomillas.es\/fr\/#organization"},"potentialAction":[{"@type":"SearchAction","target":{"@type":"EntryPoint","urlTemplate":"https:\/\/fundacioncomillas.es\/fr\/?s={search_term_string}"},"query-input":{"@type":"PropertyValueSpecification","valueRequired":true,"valueName":"search_term_string"}}],"inLanguage":"fr-FR"},{"@type":"Organization","@id":"https:\/\/fundacioncomillas.es\/fr\/#organization","name":"Fundaci\u00f3n Comillas","alternateName":"Fundaci\u00f3n Comillas - CIESE","url":"https:\/\/fundacioncomillas.es\/fr\/","logo":{"@type":"ImageObject","inLanguage":"fr-FR","@id":"https:\/\/fundacioncomillas.es\/fr\/#\/schema\/logo\/image\/","url":"https:\/\/fundacioncomillas.es\/wp-content\/uploads\/2023\/04\/logo-fundacion-comillas-.png","contentUrl":"https:\/\/fundacioncomillas.es\/wp-content\/uploads\/2023\/04\/logo-fundacion-comillas-.png","width":548,"height":536,"caption":"Fundaci\u00f3n Comillas"},"image":{"@id":"https:\/\/fundacioncomillas.es\/fr\/#\/schema\/logo\/image\/"},"sameAs":["https:\/\/www.facebook.com\/ciese.comillas","https:\/\/x.com\/CIESEComillas","https:\/\/www.instagram.com\/uniciesecomillas\/","https:\/\/www.linkedin.com\/company\/fundacion-comillas\/","https:\/\/www.youtube.com\/user\/fundacioncomillas","https:\/\/twitter.com\/FundComillas","https:\/\/www.linkedin.com\/company\/1533960\/admin\/"]},{"@type":"Person","@id":"https:\/\/fundacioncomillas.es\/fr\/#\/schema\/person\/3cdde58ad1a78de54c94309e39ec81cb","name":"fundacion","url":"https:\/\/fundacioncomillas.es\/fr\/author\/fundacion\/"}]}},"_links":{"self":[{"href":"https:\/\/fundacioncomillas.es\/fr\/wp-json\/wp\/v2\/posts\/13075","targetHints":{"allow":["GET"]}}],"collection":[{"href":"https:\/\/fundacioncomillas.es\/fr\/wp-json\/wp\/v2\/posts"}],"about":[{"href":"https:\/\/fundacioncomillas.es\/fr\/wp-json\/wp\/v2\/types\/post"}],"author":[{"embeddable":true,"href":"https:\/\/fundacioncomillas.es\/fr\/wp-json\/wp\/v2\/users\/3"}],"replies":[{"embeddable":true,"href":"https:\/\/fundacioncomillas.es\/fr\/wp-json\/wp\/v2\/comments?post=13075"}],"version-history":[{"count":4,"href":"https:\/\/fundacioncomillas.es\/fr\/wp-json\/wp\/v2\/posts\/13075\/revisions"}],"predecessor-version":[{"id":13085,"href":"https:\/\/fundacioncomillas.es\/fr\/wp-json\/wp\/v2\/posts\/13075\/revisions\/13085"}],"wp:featuredmedia":[{"embeddable":true,"href":"https:\/\/fundacioncomillas.es\/fr\/wp-json\/wp\/v2\/media\/13081"}],"wp:attachment":[{"href":"https:\/\/fundacioncomillas.es\/fr\/wp-json\/wp\/v2\/media?parent=13075"}],"wp:term":[{"taxonomy":"category","embeddable":true,"href":"https:\/\/fundacioncomillas.es\/fr\/wp-json\/wp\/v2\/categories?post=13075"},{"taxonomy":"post_tag","embeddable":true,"href":"https:\/\/fundacioncomillas.es\/fr\/wp-json\/wp\/v2\/tags?post=13075"}],"curies":[{"name":"wp","href":"https:\/\/api.w.org\/{rel}","templated":true}]}}