{"id":9073,"date":"2019-07-30T11:29:14","date_gmt":"2019-07-30T09:29:14","guid":{"rendered":"https:\/\/fundacioncomillas.es\/?p=9073"},"modified":"2023-12-12T14:01:27","modified_gmt":"2023-12-12T13:01:27","slug":"dos-peliculas-espanolas-que-hablan-sobre-la-educacion","status":"publish","type":"post","link":"https:\/\/fundacioncomillas.es\/en\/2019\/07\/30\/dos-peliculas-espanolas-que-hablan-sobre-la-educacion\/","title":{"rendered":"Dos pel\u00edculas espa\u00f1olas que hablan sobre la educaci\u00f3n"},"content":{"rendered":"<p style=\"text-align: justify;\">Si a principios del mes de julio publicamos el art\u00edculo \u201cde la literatura al cine\u201d con el objetivo de que los futuros docentes y alumnos de ELE puedan adquirir las habilidades y destrezas necesarias que les permitan desarrollar estrategias metodol\u00f3gicas de \u00e9xito en la ense\u00f1anza de la lengua a trav\u00e9s de la literatura y el cine, hoy analizamos\u00a0<strong>dos pel\u00edculas espa\u00f1olas<\/strong> inspiradoras que hablan sobre la educaci\u00f3n. Estas dos pel\u00edcula tienen en com\u00fan que su argumento principal gira entorno a la educaci\u00f3n que <strong>te ayudar\u00e1n a progresar en tus conocimientos de espa\u00f1ol.<\/strong><\/p>\n<p style=\"text-align: justify;\">Para elaborar este art\u00edculo hemos analizado m\u00e1s de 30 t\u00edtulos cinematogr\u00e1ficos en busca de aquellos que, bajo nuestro punto de vista, tienen un argumento m\u00e1s lineal, comprensible y educativo; y adem\u00e1s, cuentan con un guion exento de expresiones complejas, localismos, acepciones y otras figuras gramaticales y literarias dif\u00edciles de entender para cualquier aprendiz de lenguas extranjeras.<\/p>\n<h2>Dos pel\u00edculas espa\u00f1olas que hablan sobre la educaci\u00f3n<\/h2>\n<ul style=\"text-align: justify;\">\n<li><strong>\u201cVivir es f\u00e1cil con los ojos cerrados\u201d<\/strong>. Espa\u00f1a. 2013. 118 minutos. El <a href=\"https:\/\/es.wikipedia.org\/wiki\/David_Trueba\" target=\"_blank\" rel=\"noopener\">director David Trueba<\/a> nos introduce en una entra\u00f1able historia sobre el curioso viaje de un profesor de Albacete que utiliza las canciones de los Beatles para ense\u00f1ar ingl\u00e9s a sus alumnos y que le llevar\u00e1 a conocer a su \u00eddolo musical de la infancia: John Lennon.<\/li>\n<\/ul>\n<p style=\"text-align: justify;\">Si bien\u00a0la pel\u00edcula apenas se centra en el mundo del aula, s\u00ed que recoge las experiencias de un profesor obsesionado con ense\u00f1ar segundas lenguas a sus alumnos a trav\u00e9s de la m\u00fasica del cuarteto de Liverpool, una t\u00e9cnica que hoy en d\u00eda es muy utilizada y valorada por los profesores y alumnos de lenguas extranjeras.<\/p>\n<p style=\"text-align: justify;\">La libertad y los sue\u00f1os son los ejes centrales de esta trama en la que los protagonistas no encontrar\u00e1n solo al cantante, sino tambi\u00e9n a ellos mismos.<\/p>\n<ul style=\"text-align: justify;\">\n<li><strong>\u201cLa Lengua de las mariposas\u201d<\/strong>. Espa\u00f1a. 1999. 97 minutos. Ambientada en el comienzo de la Guerra Civil espa\u00f1ola, narra la relaci\u00f3n que se establece entre un ni\u00f1o que se incorpora a la escuela despu\u00e9s de una larga convalecencia y su profesor, quien se convertir\u00e1 en su gu\u00eda y mejor amigo ense\u00f1\u00e1ndole su particular visi\u00f3n sobre las \u00abcuestiones de la vida\u00bb.<\/li>\n<\/ul>\n<p style=\"text-align: justify;\">Ambos personajes forjan un v\u00ednculo basado en el complacimiento mutuo obtenido a trav\u00e9s de la ense\u00f1anza, lo que constituye el eje principal de una trama centrada en la escuela, el aprendizaje y la libertad.<\/p>\n<p style=\"text-align: justify;\">La dicotom\u00eda entre el bien y el mal, lo correcto y lo incorrecto y la raz\u00f3n y la ciencia subyacen atrapando al espectador en este metraje lleno de matices y referencias sobre la historia reciente de nuestro pa\u00eds.<\/p>\n<h3>SORPRENDER Y MOTIVAR<\/h3>\n<p style=\"text-align: justify;\">\u00bfTe han resultado \u00fatiles nuestras propuestas? Desde el<a href=\"https:\/\/fundacioncomillas.es\/ciese-centro-universitario\/\"> centro universitario CIESE-Fundaci\u00f3n Comillas<\/a> estamos seguros de que s\u00ed y esperamos haberte sido de ayuda en la b\u00fasqueda de nuevos retos acad\u00e9micos con los que <strong>sorprender y motivar a tus alumnos<\/strong>\u00a0y compa\u00f1eros de estudios en el fascinante viaje a trav\u00e9s del aprendizaje de la lengua.<\/p>\n","protected":false},"excerpt":{"rendered":"<p>Analizamos dos pel\u00edculas espa\u00f1olas inspiradoras que hablan sobre la educaci\u00f3n cuyo argumento principal gira entorno a la educaci\u00f3n que te ayudar\u00e1n a progresar en tus conocimientos de espa\u00f1ol.<\/p>\n","protected":false},"author":3,"featured_media":9074,"comment_status":"closed","ping_status":"closed","sticky":false,"template":"","format":"standard","meta":{"_acf_changed":false,"om_disable_all_campaigns":false,"_monsterinsights_skip_tracking":false,"_monsterinsights_sitenote_active":false,"_monsterinsights_sitenote_note":"","_monsterinsights_sitenote_category":0,"_uf_show_specific_survey":0,"_uf_disable_surveys":false,"footnotes":"","_links_to":"","_links_to_target":""},"categories":[40],"tags":[263,370,110,549,369],"class_list":["post-9073","post","type-post","status-publish","format-standard","has-post-thumbnail","hentry","category-cultura","tag-aprendizaje","tag-cine","tag-ele","tag-ensenanza","tag-peliculas"],"acf":[],"yoast_head":"<!-- This site is optimized with the Yoast SEO plugin v27.4 - https:\/\/yoast.com\/product\/yoast-seo-wordpress\/ -->\n<title>Dos pel\u00edculas espa\u00f1olas que hablan sobre la educaci\u00f3n<\/title>\n<meta name=\"description\" content=\"En este art\u00edculo te mostramos dos pel\u00edculas espa\u00f1olas que hablan sobre la educaci\u00f3n, creemos que te ser\u00e1n muy \u00fatiles a la hora de...\" \/>\n<meta name=\"robots\" content=\"index, follow, max-snippet:-1, max-image-preview:large, max-video-preview:-1\" \/>\n<link rel=\"canonical\" href=\"https:\/\/fundacioncomillas.es\/en\/2019\/07\/30\/dos-peliculas-espanolas-que-hablan-sobre-la-educacion\/\" \/>\n<meta property=\"og:locale\" content=\"en_US\" \/>\n<meta property=\"og:type\" content=\"article\" \/>\n<meta property=\"og:title\" content=\"Dos pel\u00edculas espa\u00f1olas que hablan sobre la educaci\u00f3n\" \/>\n<meta property=\"og:description\" content=\"En este art\u00edculo te mostramos dos pel\u00edculas espa\u00f1olas que hablan sobre la educaci\u00f3n, creemos que te ser\u00e1n muy \u00fatiles a la hora de...\" \/>\n<meta property=\"og:url\" content=\"https:\/\/fundacioncomillas.es\/en\/2019\/07\/30\/dos-peliculas-espanolas-que-hablan-sobre-la-educacion\/\" \/>\n<meta property=\"og:site_name\" content=\"Fundaci\u00f3n Comillas\" \/>\n<meta property=\"article:publisher\" content=\"https:\/\/www.facebook.com\/ciese.comillas\" \/>\n<meta property=\"article:published_time\" content=\"2019-07-30T09:29:14+00:00\" \/>\n<meta property=\"article:modified_time\" content=\"2023-12-12T13:01:27+00:00\" \/>\n<meta property=\"og:image\" content=\"https:\/\/fundacioncomillas.es\/wp-content\/uploads\/2023\/06\/dos-peliculas-espanolas-que-hablan-sobre-la-educacion.jpg\" \/>\n\t<meta property=\"og:image:width\" content=\"600\" \/>\n\t<meta property=\"og:image:height\" content=\"400\" \/>\n\t<meta property=\"og:image:type\" content=\"image\/jpeg\" \/>\n<meta name=\"author\" content=\"fundacion\" \/>\n<meta name=\"twitter:card\" content=\"summary_large_image\" \/>\n<meta name=\"twitter:creator\" content=\"@CIESEComillas\" \/>\n<meta name=\"twitter:site\" content=\"@CIESEComillas\" \/>\n<meta name=\"twitter:label1\" content=\"Written by\" \/>\n\t<meta name=\"twitter:data1\" content=\"fundacion\" \/>\n\t<meta name=\"twitter:label2\" content=\"Est. reading time\" \/>\n\t<meta name=\"twitter:data2\" content=\"3 minutes\" \/>\n<script type=\"application\/ld+json\" class=\"yoast-schema-graph\">{\"@context\":\"https:\\\/\\\/schema.org\",\"@graph\":[{\"@type\":\"Article\",\"@id\":\"https:\\\/\\\/fundacioncomillas.es\\\/en\\\/2019\\\/07\\\/30\\\/dos-peliculas-espanolas-que-hablan-sobre-la-educacion\\\/#article\",\"isPartOf\":{\"@id\":\"https:\\\/\\\/fundacioncomillas.es\\\/en\\\/2019\\\/07\\\/30\\\/dos-peliculas-espanolas-que-hablan-sobre-la-educacion\\\/\"},\"author\":{\"name\":\"fundacion\",\"@id\":\"https:\\\/\\\/fundacioncomillas.es\\\/en\\\/#\\\/schema\\\/person\\\/3cdde58ad1a78de54c94309e39ec81cb\"},\"headline\":\"Dos pel\u00edculas espa\u00f1olas que hablan sobre la educaci\u00f3n\",\"datePublished\":\"2019-07-30T09:29:14+00:00\",\"dateModified\":\"2023-12-12T13:01:27+00:00\",\"mainEntityOfPage\":{\"@id\":\"https:\\\/\\\/fundacioncomillas.es\\\/en\\\/2019\\\/07\\\/30\\\/dos-peliculas-espanolas-que-hablan-sobre-la-educacion\\\/\"},\"wordCount\":547,\"publisher\":{\"@id\":\"https:\\\/\\\/fundacioncomillas.es\\\/en\\\/#organization\"},\"image\":{\"@id\":\"https:\\\/\\\/fundacioncomillas.es\\\/en\\\/2019\\\/07\\\/30\\\/dos-peliculas-espanolas-que-hablan-sobre-la-educacion\\\/#primaryimage\"},\"thumbnailUrl\":\"https:\\\/\\\/fundacioncomillas.es\\\/wp-content\\\/uploads\\\/2023\\\/06\\\/dos-peliculas-espanolas-que-hablan-sobre-la-educacion.jpg\",\"keywords\":[\"aprendizaje\",\"cine\",\"ele\",\"ense\u00f1anza\",\"pel\u00edculas\"],\"articleSection\":[\"CULTURA\"],\"inLanguage\":\"en-US\"},{\"@type\":\"WebPage\",\"@id\":\"https:\\\/\\\/fundacioncomillas.es\\\/en\\\/2019\\\/07\\\/30\\\/dos-peliculas-espanolas-que-hablan-sobre-la-educacion\\\/\",\"url\":\"https:\\\/\\\/fundacioncomillas.es\\\/en\\\/2019\\\/07\\\/30\\\/dos-peliculas-espanolas-que-hablan-sobre-la-educacion\\\/\",\"name\":\"Dos pel\u00edculas espa\u00f1olas que hablan sobre la educaci\u00f3n\",\"isPartOf\":{\"@id\":\"https:\\\/\\\/fundacioncomillas.es\\\/en\\\/#website\"},\"primaryImageOfPage\":{\"@id\":\"https:\\\/\\\/fundacioncomillas.es\\\/en\\\/2019\\\/07\\\/30\\\/dos-peliculas-espanolas-que-hablan-sobre-la-educacion\\\/#primaryimage\"},\"image\":{\"@id\":\"https:\\\/\\\/fundacioncomillas.es\\\/en\\\/2019\\\/07\\\/30\\\/dos-peliculas-espanolas-que-hablan-sobre-la-educacion\\\/#primaryimage\"},\"thumbnailUrl\":\"https:\\\/\\\/fundacioncomillas.es\\\/wp-content\\\/uploads\\\/2023\\\/06\\\/dos-peliculas-espanolas-que-hablan-sobre-la-educacion.jpg\",\"datePublished\":\"2019-07-30T09:29:14+00:00\",\"dateModified\":\"2023-12-12T13:01:27+00:00\",\"description\":\"En este art\u00edculo te mostramos dos pel\u00edculas espa\u00f1olas que hablan sobre la educaci\u00f3n, creemos que te ser\u00e1n muy \u00fatiles a la hora de...\",\"breadcrumb\":{\"@id\":\"https:\\\/\\\/fundacioncomillas.es\\\/en\\\/2019\\\/07\\\/30\\\/dos-peliculas-espanolas-que-hablan-sobre-la-educacion\\\/#breadcrumb\"},\"inLanguage\":\"en-US\",\"potentialAction\":[{\"@type\":\"ReadAction\",\"target\":[\"https:\\\/\\\/fundacioncomillas.es\\\/en\\\/2019\\\/07\\\/30\\\/dos-peliculas-espanolas-que-hablan-sobre-la-educacion\\\/\"]}]},{\"@type\":\"ImageObject\",\"inLanguage\":\"en-US\",\"@id\":\"https:\\\/\\\/fundacioncomillas.es\\\/en\\\/2019\\\/07\\\/30\\\/dos-peliculas-espanolas-que-hablan-sobre-la-educacion\\\/#primaryimage\",\"url\":\"https:\\\/\\\/fundacioncomillas.es\\\/wp-content\\\/uploads\\\/2023\\\/06\\\/dos-peliculas-espanolas-que-hablan-sobre-la-educacion.jpg\",\"contentUrl\":\"https:\\\/\\\/fundacioncomillas.es\\\/wp-content\\\/uploads\\\/2023\\\/06\\\/dos-peliculas-espanolas-que-hablan-sobre-la-educacion.jpg\",\"width\":600,\"height\":400,\"caption\":\"Dos pel\u00edculas espa\u00f1olas que hablan sobre la educaci\u00f3n\"},{\"@type\":\"BreadcrumbList\",\"@id\":\"https:\\\/\\\/fundacioncomillas.es\\\/en\\\/2019\\\/07\\\/30\\\/dos-peliculas-espanolas-que-hablan-sobre-la-educacion\\\/#breadcrumb\",\"itemListElement\":[{\"@type\":\"ListItem\",\"position\":1,\"name\":\"Portada\",\"item\":\"https:\\\/\\\/fundacioncomillas.es\\\/en\\\/\"},{\"@type\":\"ListItem\",\"position\":2,\"name\":\"Dos pel\u00edculas espa\u00f1olas que hablan sobre la educaci\u00f3n\"}]},{\"@type\":\"WebSite\",\"@id\":\"https:\\\/\\\/fundacioncomillas.es\\\/en\\\/#website\",\"url\":\"https:\\\/\\\/fundacioncomillas.es\\\/en\\\/\",\"name\":\"Fundaci\u00f3n Comillas\",\"description\":\"La Fundaci\u00f3n Comillas del Espa\u00f1ol y la Cultura Hisp\u00e1nica\",\"publisher\":{\"@id\":\"https:\\\/\\\/fundacioncomillas.es\\\/en\\\/#organization\"},\"potentialAction\":[{\"@type\":\"SearchAction\",\"target\":{\"@type\":\"EntryPoint\",\"urlTemplate\":\"https:\\\/\\\/fundacioncomillas.es\\\/en\\\/?s={search_term_string}\"},\"query-input\":{\"@type\":\"PropertyValueSpecification\",\"valueRequired\":true,\"valueName\":\"search_term_string\"}}],\"inLanguage\":\"en-US\"},{\"@type\":\"Organization\",\"@id\":\"https:\\\/\\\/fundacioncomillas.es\\\/en\\\/#organization\",\"name\":\"Fundaci\u00f3n Comillas\",\"alternateName\":\"Fundaci\u00f3n Comillas - CIESE\",\"url\":\"https:\\\/\\\/fundacioncomillas.es\\\/en\\\/\",\"logo\":{\"@type\":\"ImageObject\",\"inLanguage\":\"en-US\",\"@id\":\"https:\\\/\\\/fundacioncomillas.es\\\/en\\\/#\\\/schema\\\/logo\\\/image\\\/\",\"url\":\"https:\\\/\\\/fundacioncomillas.es\\\/wp-content\\\/uploads\\\/2023\\\/04\\\/logo-fundacion-comillas-.png\",\"contentUrl\":\"https:\\\/\\\/fundacioncomillas.es\\\/wp-content\\\/uploads\\\/2023\\\/04\\\/logo-fundacion-comillas-.png\",\"width\":548,\"height\":536,\"caption\":\"Fundaci\u00f3n Comillas\"},\"image\":{\"@id\":\"https:\\\/\\\/fundacioncomillas.es\\\/en\\\/#\\\/schema\\\/logo\\\/image\\\/\"},\"sameAs\":[\"https:\\\/\\\/www.facebook.com\\\/ciese.comillas\",\"https:\\\/\\\/x.com\\\/CIESEComillas\",\"https:\\\/\\\/www.instagram.com\\\/uniciesecomillas\\\/\",\"https:\\\/\\\/www.linkedin.com\\\/company\\\/fundacion-comillas\\\/\",\"https:\\\/\\\/www.youtube.com\\\/user\\\/fundacioncomillas\",\"https:\\\/\\\/twitter.com\\\/FundComillas\",\"https:\\\/\\\/www.linkedin.com\\\/company\\\/1533960\\\/admin\\\/\"]},{\"@type\":\"Person\",\"@id\":\"https:\\\/\\\/fundacioncomillas.es\\\/en\\\/#\\\/schema\\\/person\\\/3cdde58ad1a78de54c94309e39ec81cb\",\"name\":\"fundacion\",\"url\":\"https:\\\/\\\/fundacioncomillas.es\\\/en\\\/author\\\/fundacion\\\/\"}]}<\/script>\n<!-- \/ Yoast SEO plugin. -->","yoast_head_json":{"title":"Dos pel\u00edculas espa\u00f1olas que hablan sobre la educaci\u00f3n","description":"En este art\u00edculo te mostramos dos pel\u00edculas espa\u00f1olas que hablan sobre la educaci\u00f3n, creemos que te ser\u00e1n muy \u00fatiles a la hora de...","robots":{"index":"index","follow":"follow","max-snippet":"max-snippet:-1","max-image-preview":"max-image-preview:large","max-video-preview":"max-video-preview:-1"},"canonical":"https:\/\/fundacioncomillas.es\/en\/2019\/07\/30\/dos-peliculas-espanolas-que-hablan-sobre-la-educacion\/","og_locale":"en_US","og_type":"article","og_title":"Dos pel\u00edculas espa\u00f1olas que hablan sobre la educaci\u00f3n","og_description":"En este art\u00edculo te mostramos dos pel\u00edculas espa\u00f1olas que hablan sobre la educaci\u00f3n, creemos que te ser\u00e1n muy \u00fatiles a la hora de...","og_url":"https:\/\/fundacioncomillas.es\/en\/2019\/07\/30\/dos-peliculas-espanolas-que-hablan-sobre-la-educacion\/","og_site_name":"Fundaci\u00f3n Comillas","article_publisher":"https:\/\/www.facebook.com\/ciese.comillas","article_published_time":"2019-07-30T09:29:14+00:00","article_modified_time":"2023-12-12T13:01:27+00:00","og_image":[{"width":600,"height":400,"url":"https:\/\/fundacioncomillas.es\/wp-content\/uploads\/2023\/06\/dos-peliculas-espanolas-que-hablan-sobre-la-educacion.jpg","type":"image\/jpeg"}],"author":"fundacion","twitter_card":"summary_large_image","twitter_creator":"@CIESEComillas","twitter_site":"@CIESEComillas","twitter_misc":{"Written by":"fundacion","Est. reading time":"3 minutes"},"schema":{"@context":"https:\/\/schema.org","@graph":[{"@type":"Article","@id":"https:\/\/fundacioncomillas.es\/en\/2019\/07\/30\/dos-peliculas-espanolas-que-hablan-sobre-la-educacion\/#article","isPartOf":{"@id":"https:\/\/fundacioncomillas.es\/en\/2019\/07\/30\/dos-peliculas-espanolas-que-hablan-sobre-la-educacion\/"},"author":{"name":"fundacion","@id":"https:\/\/fundacioncomillas.es\/en\/#\/schema\/person\/3cdde58ad1a78de54c94309e39ec81cb"},"headline":"Dos pel\u00edculas espa\u00f1olas que hablan sobre la educaci\u00f3n","datePublished":"2019-07-30T09:29:14+00:00","dateModified":"2023-12-12T13:01:27+00:00","mainEntityOfPage":{"@id":"https:\/\/fundacioncomillas.es\/en\/2019\/07\/30\/dos-peliculas-espanolas-que-hablan-sobre-la-educacion\/"},"wordCount":547,"publisher":{"@id":"https:\/\/fundacioncomillas.es\/en\/#organization"},"image":{"@id":"https:\/\/fundacioncomillas.es\/en\/2019\/07\/30\/dos-peliculas-espanolas-que-hablan-sobre-la-educacion\/#primaryimage"},"thumbnailUrl":"https:\/\/fundacioncomillas.es\/wp-content\/uploads\/2023\/06\/dos-peliculas-espanolas-que-hablan-sobre-la-educacion.jpg","keywords":["aprendizaje","cine","ele","ense\u00f1anza","pel\u00edculas"],"articleSection":["CULTURA"],"inLanguage":"en-US"},{"@type":"WebPage","@id":"https:\/\/fundacioncomillas.es\/en\/2019\/07\/30\/dos-peliculas-espanolas-que-hablan-sobre-la-educacion\/","url":"https:\/\/fundacioncomillas.es\/en\/2019\/07\/30\/dos-peliculas-espanolas-que-hablan-sobre-la-educacion\/","name":"Dos pel\u00edculas espa\u00f1olas que hablan sobre la educaci\u00f3n","isPartOf":{"@id":"https:\/\/fundacioncomillas.es\/en\/#website"},"primaryImageOfPage":{"@id":"https:\/\/fundacioncomillas.es\/en\/2019\/07\/30\/dos-peliculas-espanolas-que-hablan-sobre-la-educacion\/#primaryimage"},"image":{"@id":"https:\/\/fundacioncomillas.es\/en\/2019\/07\/30\/dos-peliculas-espanolas-que-hablan-sobre-la-educacion\/#primaryimage"},"thumbnailUrl":"https:\/\/fundacioncomillas.es\/wp-content\/uploads\/2023\/06\/dos-peliculas-espanolas-que-hablan-sobre-la-educacion.jpg","datePublished":"2019-07-30T09:29:14+00:00","dateModified":"2023-12-12T13:01:27+00:00","description":"En este art\u00edculo te mostramos dos pel\u00edculas espa\u00f1olas que hablan sobre la educaci\u00f3n, creemos que te ser\u00e1n muy \u00fatiles a la hora de...","breadcrumb":{"@id":"https:\/\/fundacioncomillas.es\/en\/2019\/07\/30\/dos-peliculas-espanolas-que-hablan-sobre-la-educacion\/#breadcrumb"},"inLanguage":"en-US","potentialAction":[{"@type":"ReadAction","target":["https:\/\/fundacioncomillas.es\/en\/2019\/07\/30\/dos-peliculas-espanolas-que-hablan-sobre-la-educacion\/"]}]},{"@type":"ImageObject","inLanguage":"en-US","@id":"https:\/\/fundacioncomillas.es\/en\/2019\/07\/30\/dos-peliculas-espanolas-que-hablan-sobre-la-educacion\/#primaryimage","url":"https:\/\/fundacioncomillas.es\/wp-content\/uploads\/2023\/06\/dos-peliculas-espanolas-que-hablan-sobre-la-educacion.jpg","contentUrl":"https:\/\/fundacioncomillas.es\/wp-content\/uploads\/2023\/06\/dos-peliculas-espanolas-que-hablan-sobre-la-educacion.jpg","width":600,"height":400,"caption":"Dos pel\u00edculas espa\u00f1olas que hablan sobre la educaci\u00f3n"},{"@type":"BreadcrumbList","@id":"https:\/\/fundacioncomillas.es\/en\/2019\/07\/30\/dos-peliculas-espanolas-que-hablan-sobre-la-educacion\/#breadcrumb","itemListElement":[{"@type":"ListItem","position":1,"name":"Portada","item":"https:\/\/fundacioncomillas.es\/en\/"},{"@type":"ListItem","position":2,"name":"Dos pel\u00edculas espa\u00f1olas que hablan sobre la educaci\u00f3n"}]},{"@type":"WebSite","@id":"https:\/\/fundacioncomillas.es\/en\/#website","url":"https:\/\/fundacioncomillas.es\/en\/","name":"Fundaci\u00f3n Comillas","description":"La Fundaci\u00f3n Comillas del Espa\u00f1ol y la Cultura Hisp\u00e1nica","publisher":{"@id":"https:\/\/fundacioncomillas.es\/en\/#organization"},"potentialAction":[{"@type":"SearchAction","target":{"@type":"EntryPoint","urlTemplate":"https:\/\/fundacioncomillas.es\/en\/?s={search_term_string}"},"query-input":{"@type":"PropertyValueSpecification","valueRequired":true,"valueName":"search_term_string"}}],"inLanguage":"en-US"},{"@type":"Organization","@id":"https:\/\/fundacioncomillas.es\/en\/#organization","name":"Fundaci\u00f3n Comillas","alternateName":"Fundaci\u00f3n Comillas - CIESE","url":"https:\/\/fundacioncomillas.es\/en\/","logo":{"@type":"ImageObject","inLanguage":"en-US","@id":"https:\/\/fundacioncomillas.es\/en\/#\/schema\/logo\/image\/","url":"https:\/\/fundacioncomillas.es\/wp-content\/uploads\/2023\/04\/logo-fundacion-comillas-.png","contentUrl":"https:\/\/fundacioncomillas.es\/wp-content\/uploads\/2023\/04\/logo-fundacion-comillas-.png","width":548,"height":536,"caption":"Fundaci\u00f3n Comillas"},"image":{"@id":"https:\/\/fundacioncomillas.es\/en\/#\/schema\/logo\/image\/"},"sameAs":["https:\/\/www.facebook.com\/ciese.comillas","https:\/\/x.com\/CIESEComillas","https:\/\/www.instagram.com\/uniciesecomillas\/","https:\/\/www.linkedin.com\/company\/fundacion-comillas\/","https:\/\/www.youtube.com\/user\/fundacioncomillas","https:\/\/twitter.com\/FundComillas","https:\/\/www.linkedin.com\/company\/1533960\/admin\/"]},{"@type":"Person","@id":"https:\/\/fundacioncomillas.es\/en\/#\/schema\/person\/3cdde58ad1a78de54c94309e39ec81cb","name":"fundacion","url":"https:\/\/fundacioncomillas.es\/en\/author\/fundacion\/"}]}},"_links":{"self":[{"href":"https:\/\/fundacioncomillas.es\/en\/wp-json\/wp\/v2\/posts\/9073","targetHints":{"allow":["GET"]}}],"collection":[{"href":"https:\/\/fundacioncomillas.es\/en\/wp-json\/wp\/v2\/posts"}],"about":[{"href":"https:\/\/fundacioncomillas.es\/en\/wp-json\/wp\/v2\/types\/post"}],"author":[{"embeddable":true,"href":"https:\/\/fundacioncomillas.es\/en\/wp-json\/wp\/v2\/users\/3"}],"replies":[{"embeddable":true,"href":"https:\/\/fundacioncomillas.es\/en\/wp-json\/wp\/v2\/comments?post=9073"}],"version-history":[{"count":3,"href":"https:\/\/fundacioncomillas.es\/en\/wp-json\/wp\/v2\/posts\/9073\/revisions"}],"predecessor-version":[{"id":10475,"href":"https:\/\/fundacioncomillas.es\/en\/wp-json\/wp\/v2\/posts\/9073\/revisions\/10475"}],"wp:featuredmedia":[{"embeddable":true,"href":"https:\/\/fundacioncomillas.es\/en\/wp-json\/wp\/v2\/media\/9074"}],"wp:attachment":[{"href":"https:\/\/fundacioncomillas.es\/en\/wp-json\/wp\/v2\/media?parent=9073"}],"wp:term":[{"taxonomy":"category","embeddable":true,"href":"https:\/\/fundacioncomillas.es\/en\/wp-json\/wp\/v2\/categories?post=9073"},{"taxonomy":"post_tag","embeddable":true,"href":"https:\/\/fundacioncomillas.es\/en\/wp-json\/wp\/v2\/tags?post=9073"}],"curies":[{"name":"wp","href":"https:\/\/api.w.org\/{rel}","templated":true}]}}