{"id":8047,"date":"2020-07-02T14:31:57","date_gmt":"2020-07-02T12:31:57","guid":{"rendered":"https:\/\/fundacioncomillas.es\/?p=8047"},"modified":"2024-10-25T09:47:32","modified_gmt":"2024-10-25T07:47:32","slug":"nuevos-recursos-para-profesor-de-ele-en-linea","status":"publish","type":"post","link":"https:\/\/fundacioncomillas.es\/en\/2020\/07\/02\/nuevos-recursos-para-profesor-de-ele-en-linea\/","title":{"rendered":"Nuevos recursos para profesor de ELE en l\u00ednea"},"content":{"rendered":"<p class=\"subtitle\" style=\"text-align: justify;\">El Centro Universitario CIESE-Fundaci\u00f3n Comillas imparte, del 6 al 25 de julio, el curso <em>Nuevos recursos para el profesor de ELE<\/em> mediante la modalidad en l\u00ednea.<\/p>\n<div class=\"content\">\n<p style=\"text-align: justify;\">El Centro Universitario CIESE-Comillas iniciar\u00e1 el pr\u00f3ximo\u00a0<strong>6 de julio<\/strong>\u00a0el curso\u00a0Nuevos recursos para el profesor de ELE\u00a0que impartir\u00e1 en l\u00ednea a todos aquellos profesores de Espa\u00f1ol como Lengua Extranjera que quieran conocer las nuevas herramientas y estrategias para conseguir tener \u00e9xito en sus clases.<\/p>\n<p style=\"text-align: justify;\">El curso, que durar\u00e1 hasta el 25 de julio, consiste en analizar las \u00faltimas tendencias pedag\u00f3gicas, presentar muestras de nuevos materiales did\u00e1cticos y reflexionar sobre modos novedosos de llevar el componente cultural al aula.<\/p>\n<h2>RECURSOS PARA EL PROFESOR DE ELE EN L\u00cdNEA<\/h2>\n<p style=\"text-align: justify;\">La metodolog\u00eda en esta ocasi\u00f3n ser\u00e1 en l\u00ednea aunque sigue conteniendo, como en ediciones anteriores, un\u00a0<strong>enfoque principalmente pr\u00e1ctico<\/strong>\u00a0de la mano de los especialistas que forman parte del equipo docente del centro universitario.<\/p>\n<p style=\"text-align: justify;\">En concreto,\u00a0<strong>durante tres semanas<\/strong>\u00a0y una carga lectiva de\u00a0<strong>45 horas<\/strong>, los alumnos analizar\u00e1n distintos aspectos ling\u00fc\u00edsticos del espa\u00f1ol que entra\u00f1an dificultad para los hablantes de otras lenguas, establecer\u00e1n criterios para\u00a0<strong>evaluar las habilidades ling\u00fc\u00edsticas<\/strong>, aplicar\u00e1n t\u00e9cnicas de correcci\u00f3n de errores a la producci\u00f3n de los alumnos de lengua extranjera y elaborar\u00e1n\u00a0<strong>materiales did\u00e1cticos para mejorar la pronunciaci\u00f3n<\/strong>, entre otros aspectos.<\/p>\n<p style=\"text-align: justify;\">Los interesados en estar al d\u00eda de los nuevos recursos disponibles para los profesores de ELE\u00a0<strong>pueden matricularse en el curso hasta una semana antes<\/strong> del inicio del mismo a trav\u00e9s de la p\u00e1gina web del Centro Universitario CIESE-Fundaci\u00f3n Comillas (centro adscrito a la <a href=\"https:\/\/web.unican.es\/\" target=\"_blank\" rel=\"noopener\">Universidad de Cantabria<\/a>) y recibir\u00e1n, tras completar el 100% del programa acad\u00e9mico, un certificado de asistencia y aprovechamiento.<\/p>\n<h3>EVOLUCI\u00d3N E INNOVACI\u00d3N EN ELE<\/h3>\n<p style=\"text-align: justify;\">El \u00e1mbito del Espa\u00f1ol Lengua Extranjera (ELE) est\u00e1 en constante evoluci\u00f3n e innovaci\u00f3n, por lo que el profesor debe estar al d\u00eda para compartir dicho material y actividades en sus clases.<\/p>\n<p style=\"text-align: justify;\">Las nuevas tecnolog\u00edas y los recursos digitales pueden ser herramientas muy \u00fatiles, e incluso imprescindibles, a la hora de ense\u00f1ar espa\u00f1ol a extranjeros. Es responsabilidad del profesor conocer las \u00faltimas tendencias y herramientas para compartirlas con sus alumnos dado el papel fundamental que juega en su futuro.<\/p>\n<p style=\"text-align: justify;\">En el Centro Universitario CIESE-Fundaci\u00f3n Comillas cuidamos muy cerca la formaci\u00f3n de nuestros docentes expertos para que la ense\u00f1anza, la metodolog\u00eda y el programa acad\u00e9mico sea de acorde a la actualidad y de excelencia. \u00a1Consulta nuestros cursos de <a href=\"https:\/\/fundacioncomillas.es\/estudios\/posgrados-a-distancia-ele\/\">ELE en l\u00ednea<\/a>!<\/p>\n<h4><strong>SOBRE CIESE-FUNDACI\u00d3N COMILLAS<\/strong><\/h4>\n<p>El CIESE-Fundaci\u00f3n Comillas es un\u00a0<strong>centro universitario dedicado a la ense\u00f1anza, investigaci\u00f3n y difusi\u00f3n de la lengua espa\u00f1ola<\/strong>\u00a0y la cultura hisp\u00e1nica. Su condici\u00f3n de centro adscrito a la\u00a0<a href=\"https:\/\/web.unican.es\/\">Universidad de Cantabria<\/a>\u00a0le permite la posibilidad de ofertar titulaciones universitarias de car\u00e1cter oficial. Entre ellas, el Grado en Estudios Hisp\u00e1nicos o el M\u00e1ster en Ense\u00f1anza de ELE. As\u00ed, como los posgrados en\u00a0<a href=\"https:\/\/fundacioncomillas.es\/posgrado-ensenanza-espanol-de-la-salud\/\">\u00abEspecialista Universitario en Espa\u00f1ol de la Salud\u00bb<\/a>\u00a0o\u00a0<a href=\"https:\/\/fundacioncomillas.es\/experto-en-espanol-y-las-tecnologias-del-lenguaje\/\">\u00abExperto en Espa\u00f1ol y las Tecnolog\u00edas del Lenguaje\u00bb<\/a>.<\/p>\n<\/div>\n","protected":false},"excerpt":{"rendered":"<p>El Centro Universitario CIESE-Fundaci\u00f3n Comillas imparte, del 6 al 25 de julio, el curso <em>Nuevos recursos para el profesor de ELE<\/em> mediante la modalidad en l\u00ednea.<\/p>\n","protected":false},"author":3,"featured_media":8048,"comment_status":"closed","ping_status":"closed","sticky":false,"template":"","format":"standard","meta":{"_acf_changed":false,"om_disable_all_campaigns":false,"_monsterinsights_skip_tracking":false,"_monsterinsights_sitenote_active":false,"_monsterinsights_sitenote_note":"","_monsterinsights_sitenote_category":0,"_uf_show_specific_survey":0,"_uf_disable_surveys":false,"footnotes":"","_links_to":"","_links_to_target":""},"categories":[42],"tags":[110,279,278,176,277],"class_list":["post-8047","post","type-post","status-publish","format-standard","has-post-thumbnail","hentry","category-academicas","tag-ele","tag-en-linea","tag-online","tag-posgrado","tag-recursos-para-ele"],"acf":[],"yoast_head":"<!-- This site is optimized with the Yoast SEO plugin v27.4 - https:\/\/yoast.com\/product\/yoast-seo-wordpress\/ -->\n<title>Nuevos recursos para profesor de ELE en l\u00ednea<\/title>\n<meta name=\"description\" content=\"El Centro Universitario CIESE-Fundaci\u00f3n Comillas imparte, del 6 al 25 de julio, el curso Nuevos recursos para el profesor de ELE en l\u00ednea.\" \/>\n<meta name=\"robots\" content=\"index, follow, max-snippet:-1, max-image-preview:large, max-video-preview:-1\" \/>\n<link rel=\"canonical\" href=\"https:\/\/fundacioncomillas.es\/en\/2020\/07\/02\/nuevos-recursos-para-profesor-de-ele-en-linea\/\" \/>\n<meta property=\"og:locale\" content=\"en_US\" \/>\n<meta property=\"og:type\" content=\"article\" \/>\n<meta property=\"og:title\" content=\"Nuevos recursos para profesor de ELE en l\u00ednea\" \/>\n<meta property=\"og:description\" content=\"El Centro Universitario CIESE-Fundaci\u00f3n Comillas imparte, del 6 al 25 de julio, el curso Nuevos recursos para el profesor de ELE en l\u00ednea.\" \/>\n<meta property=\"og:url\" content=\"https:\/\/fundacioncomillas.es\/en\/2020\/07\/02\/nuevos-recursos-para-profesor-de-ele-en-linea\/\" \/>\n<meta property=\"og:site_name\" content=\"Fundaci\u00f3n Comillas\" \/>\n<meta property=\"article:publisher\" content=\"https:\/\/www.facebook.com\/ciese.comillas\" \/>\n<meta property=\"article:published_time\" content=\"2020-07-02T12:31:57+00:00\" \/>\n<meta property=\"article:modified_time\" content=\"2024-10-25T07:47:32+00:00\" \/>\n<meta property=\"og:image\" content=\"https:\/\/fundacioncomillas.es\/wp-content\/uploads\/2023\/04\/nuevos-recursos-para-ele.jpg\" \/>\n\t<meta property=\"og:image:width\" content=\"599\" \/>\n\t<meta property=\"og:image:height\" content=\"400\" \/>\n\t<meta property=\"og:image:type\" content=\"image\/jpeg\" \/>\n<meta name=\"author\" content=\"fundacion\" \/>\n<meta name=\"twitter:card\" content=\"summary_large_image\" \/>\n<meta name=\"twitter:creator\" content=\"@CIESEComillas\" \/>\n<meta name=\"twitter:site\" content=\"@CIESEComillas\" \/>\n<meta name=\"twitter:label1\" content=\"Written by\" \/>\n\t<meta name=\"twitter:data1\" content=\"fundacion\" \/>\n\t<meta name=\"twitter:label2\" content=\"Est. reading time\" \/>\n\t<meta name=\"twitter:data2\" content=\"3 minutes\" \/>\n<script type=\"application\/ld+json\" class=\"yoast-schema-graph\">{\"@context\":\"https:\\\/\\\/schema.org\",\"@graph\":[{\"@type\":\"Article\",\"@id\":\"https:\\\/\\\/fundacioncomillas.es\\\/en\\\/2020\\\/07\\\/02\\\/nuevos-recursos-para-profesor-de-ele-en-linea\\\/#article\",\"isPartOf\":{\"@id\":\"https:\\\/\\\/fundacioncomillas.es\\\/en\\\/2020\\\/07\\\/02\\\/nuevos-recursos-para-profesor-de-ele-en-linea\\\/\"},\"author\":{\"name\":\"fundacion\",\"@id\":\"https:\\\/\\\/fundacioncomillas.es\\\/en\\\/#\\\/schema\\\/person\\\/3cdde58ad1a78de54c94309e39ec81cb\"},\"headline\":\"Nuevos recursos para profesor de ELE en l\u00ednea\",\"datePublished\":\"2020-07-02T12:31:57+00:00\",\"dateModified\":\"2024-10-25T07:47:32+00:00\",\"mainEntityOfPage\":{\"@id\":\"https:\\\/\\\/fundacioncomillas.es\\\/en\\\/2020\\\/07\\\/02\\\/nuevos-recursos-para-profesor-de-ele-en-linea\\\/\"},\"wordCount\":542,\"publisher\":{\"@id\":\"https:\\\/\\\/fundacioncomillas.es\\\/en\\\/#organization\"},\"image\":{\"@id\":\"https:\\\/\\\/fundacioncomillas.es\\\/en\\\/2020\\\/07\\\/02\\\/nuevos-recursos-para-profesor-de-ele-en-linea\\\/#primaryimage\"},\"thumbnailUrl\":\"https:\\\/\\\/fundacioncomillas.es\\\/wp-content\\\/uploads\\\/2023\\\/04\\\/nuevos-recursos-para-ele.jpg\",\"keywords\":[\"ele\",\"en l\u00ednea\",\"online\",\"posgrado\",\"recursos para ele\"],\"articleSection\":[\"ACAD\u00c9MICAS\"],\"inLanguage\":\"en-US\"},{\"@type\":\"WebPage\",\"@id\":\"https:\\\/\\\/fundacioncomillas.es\\\/en\\\/2020\\\/07\\\/02\\\/nuevos-recursos-para-profesor-de-ele-en-linea\\\/\",\"url\":\"https:\\\/\\\/fundacioncomillas.es\\\/en\\\/2020\\\/07\\\/02\\\/nuevos-recursos-para-profesor-de-ele-en-linea\\\/\",\"name\":\"Nuevos recursos para profesor de ELE en l\u00ednea\",\"isPartOf\":{\"@id\":\"https:\\\/\\\/fundacioncomillas.es\\\/en\\\/#website\"},\"primaryImageOfPage\":{\"@id\":\"https:\\\/\\\/fundacioncomillas.es\\\/en\\\/2020\\\/07\\\/02\\\/nuevos-recursos-para-profesor-de-ele-en-linea\\\/#primaryimage\"},\"image\":{\"@id\":\"https:\\\/\\\/fundacioncomillas.es\\\/en\\\/2020\\\/07\\\/02\\\/nuevos-recursos-para-profesor-de-ele-en-linea\\\/#primaryimage\"},\"thumbnailUrl\":\"https:\\\/\\\/fundacioncomillas.es\\\/wp-content\\\/uploads\\\/2023\\\/04\\\/nuevos-recursos-para-ele.jpg\",\"datePublished\":\"2020-07-02T12:31:57+00:00\",\"dateModified\":\"2024-10-25T07:47:32+00:00\",\"description\":\"El Centro Universitario CIESE-Fundaci\u00f3n Comillas imparte, del 6 al 25 de julio, el curso Nuevos recursos para el profesor de ELE en l\u00ednea.\",\"breadcrumb\":{\"@id\":\"https:\\\/\\\/fundacioncomillas.es\\\/en\\\/2020\\\/07\\\/02\\\/nuevos-recursos-para-profesor-de-ele-en-linea\\\/#breadcrumb\"},\"inLanguage\":\"en-US\",\"potentialAction\":[{\"@type\":\"ReadAction\",\"target\":[\"https:\\\/\\\/fundacioncomillas.es\\\/en\\\/2020\\\/07\\\/02\\\/nuevos-recursos-para-profesor-de-ele-en-linea\\\/\"]}]},{\"@type\":\"ImageObject\",\"inLanguage\":\"en-US\",\"@id\":\"https:\\\/\\\/fundacioncomillas.es\\\/en\\\/2020\\\/07\\\/02\\\/nuevos-recursos-para-profesor-de-ele-en-linea\\\/#primaryimage\",\"url\":\"https:\\\/\\\/fundacioncomillas.es\\\/wp-content\\\/uploads\\\/2023\\\/04\\\/nuevos-recursos-para-ele.jpg\",\"contentUrl\":\"https:\\\/\\\/fundacioncomillas.es\\\/wp-content\\\/uploads\\\/2023\\\/04\\\/nuevos-recursos-para-ele.jpg\",\"width\":599,\"height\":400},{\"@type\":\"BreadcrumbList\",\"@id\":\"https:\\\/\\\/fundacioncomillas.es\\\/en\\\/2020\\\/07\\\/02\\\/nuevos-recursos-para-profesor-de-ele-en-linea\\\/#breadcrumb\",\"itemListElement\":[{\"@type\":\"ListItem\",\"position\":1,\"name\":\"Portada\",\"item\":\"https:\\\/\\\/fundacioncomillas.es\\\/en\\\/\"},{\"@type\":\"ListItem\",\"position\":2,\"name\":\"Nuevos recursos para profesor de ELE en l\u00ednea\"}]},{\"@type\":\"WebSite\",\"@id\":\"https:\\\/\\\/fundacioncomillas.es\\\/en\\\/#website\",\"url\":\"https:\\\/\\\/fundacioncomillas.es\\\/en\\\/\",\"name\":\"Fundaci\u00f3n Comillas\",\"description\":\"La Fundaci\u00f3n Comillas del Espa\u00f1ol y la Cultura Hisp\u00e1nica\",\"publisher\":{\"@id\":\"https:\\\/\\\/fundacioncomillas.es\\\/en\\\/#organization\"},\"potentialAction\":[{\"@type\":\"SearchAction\",\"target\":{\"@type\":\"EntryPoint\",\"urlTemplate\":\"https:\\\/\\\/fundacioncomillas.es\\\/en\\\/?s={search_term_string}\"},\"query-input\":{\"@type\":\"PropertyValueSpecification\",\"valueRequired\":true,\"valueName\":\"search_term_string\"}}],\"inLanguage\":\"en-US\"},{\"@type\":\"Organization\",\"@id\":\"https:\\\/\\\/fundacioncomillas.es\\\/en\\\/#organization\",\"name\":\"Fundaci\u00f3n Comillas\",\"alternateName\":\"Fundaci\u00f3n Comillas - CIESE\",\"url\":\"https:\\\/\\\/fundacioncomillas.es\\\/en\\\/\",\"logo\":{\"@type\":\"ImageObject\",\"inLanguage\":\"en-US\",\"@id\":\"https:\\\/\\\/fundacioncomillas.es\\\/en\\\/#\\\/schema\\\/logo\\\/image\\\/\",\"url\":\"https:\\\/\\\/fundacioncomillas.es\\\/wp-content\\\/uploads\\\/2023\\\/04\\\/logo-fundacion-comillas-.png\",\"contentUrl\":\"https:\\\/\\\/fundacioncomillas.es\\\/wp-content\\\/uploads\\\/2023\\\/04\\\/logo-fundacion-comillas-.png\",\"width\":548,\"height\":536,\"caption\":\"Fundaci\u00f3n Comillas\"},\"image\":{\"@id\":\"https:\\\/\\\/fundacioncomillas.es\\\/en\\\/#\\\/schema\\\/logo\\\/image\\\/\"},\"sameAs\":[\"https:\\\/\\\/www.facebook.com\\\/ciese.comillas\",\"https:\\\/\\\/x.com\\\/CIESEComillas\",\"https:\\\/\\\/www.instagram.com\\\/uniciesecomillas\\\/\",\"https:\\\/\\\/www.linkedin.com\\\/company\\\/fundacion-comillas\\\/\",\"https:\\\/\\\/www.youtube.com\\\/user\\\/fundacioncomillas\",\"https:\\\/\\\/twitter.com\\\/FundComillas\",\"https:\\\/\\\/www.linkedin.com\\\/company\\\/1533960\\\/admin\\\/\"]},{\"@type\":\"Person\",\"@id\":\"https:\\\/\\\/fundacioncomillas.es\\\/en\\\/#\\\/schema\\\/person\\\/3cdde58ad1a78de54c94309e39ec81cb\",\"name\":\"fundacion\",\"url\":\"https:\\\/\\\/fundacioncomillas.es\\\/en\\\/author\\\/fundacion\\\/\"}]}<\/script>\n<!-- \/ Yoast SEO plugin. -->","yoast_head_json":{"title":"Nuevos recursos para profesor de ELE en l\u00ednea","description":"El Centro Universitario CIESE-Fundaci\u00f3n Comillas imparte, del 6 al 25 de julio, el curso Nuevos recursos para el profesor de ELE en l\u00ednea.","robots":{"index":"index","follow":"follow","max-snippet":"max-snippet:-1","max-image-preview":"max-image-preview:large","max-video-preview":"max-video-preview:-1"},"canonical":"https:\/\/fundacioncomillas.es\/en\/2020\/07\/02\/nuevos-recursos-para-profesor-de-ele-en-linea\/","og_locale":"en_US","og_type":"article","og_title":"Nuevos recursos para profesor de ELE en l\u00ednea","og_description":"El Centro Universitario CIESE-Fundaci\u00f3n Comillas imparte, del 6 al 25 de julio, el curso Nuevos recursos para el profesor de ELE en l\u00ednea.","og_url":"https:\/\/fundacioncomillas.es\/en\/2020\/07\/02\/nuevos-recursos-para-profesor-de-ele-en-linea\/","og_site_name":"Fundaci\u00f3n Comillas","article_publisher":"https:\/\/www.facebook.com\/ciese.comillas","article_published_time":"2020-07-02T12:31:57+00:00","article_modified_time":"2024-10-25T07:47:32+00:00","og_image":[{"width":599,"height":400,"url":"https:\/\/fundacioncomillas.es\/wp-content\/uploads\/2023\/04\/nuevos-recursos-para-ele.jpg","type":"image\/jpeg"}],"author":"fundacion","twitter_card":"summary_large_image","twitter_creator":"@CIESEComillas","twitter_site":"@CIESEComillas","twitter_misc":{"Written by":"fundacion","Est. reading time":"3 minutes"},"schema":{"@context":"https:\/\/schema.org","@graph":[{"@type":"Article","@id":"https:\/\/fundacioncomillas.es\/en\/2020\/07\/02\/nuevos-recursos-para-profesor-de-ele-en-linea\/#article","isPartOf":{"@id":"https:\/\/fundacioncomillas.es\/en\/2020\/07\/02\/nuevos-recursos-para-profesor-de-ele-en-linea\/"},"author":{"name":"fundacion","@id":"https:\/\/fundacioncomillas.es\/en\/#\/schema\/person\/3cdde58ad1a78de54c94309e39ec81cb"},"headline":"Nuevos recursos para profesor de ELE en l\u00ednea","datePublished":"2020-07-02T12:31:57+00:00","dateModified":"2024-10-25T07:47:32+00:00","mainEntityOfPage":{"@id":"https:\/\/fundacioncomillas.es\/en\/2020\/07\/02\/nuevos-recursos-para-profesor-de-ele-en-linea\/"},"wordCount":542,"publisher":{"@id":"https:\/\/fundacioncomillas.es\/en\/#organization"},"image":{"@id":"https:\/\/fundacioncomillas.es\/en\/2020\/07\/02\/nuevos-recursos-para-profesor-de-ele-en-linea\/#primaryimage"},"thumbnailUrl":"https:\/\/fundacioncomillas.es\/wp-content\/uploads\/2023\/04\/nuevos-recursos-para-ele.jpg","keywords":["ele","en l\u00ednea","online","posgrado","recursos para ele"],"articleSection":["ACAD\u00c9MICAS"],"inLanguage":"en-US"},{"@type":"WebPage","@id":"https:\/\/fundacioncomillas.es\/en\/2020\/07\/02\/nuevos-recursos-para-profesor-de-ele-en-linea\/","url":"https:\/\/fundacioncomillas.es\/en\/2020\/07\/02\/nuevos-recursos-para-profesor-de-ele-en-linea\/","name":"Nuevos recursos para profesor de ELE en l\u00ednea","isPartOf":{"@id":"https:\/\/fundacioncomillas.es\/en\/#website"},"primaryImageOfPage":{"@id":"https:\/\/fundacioncomillas.es\/en\/2020\/07\/02\/nuevos-recursos-para-profesor-de-ele-en-linea\/#primaryimage"},"image":{"@id":"https:\/\/fundacioncomillas.es\/en\/2020\/07\/02\/nuevos-recursos-para-profesor-de-ele-en-linea\/#primaryimage"},"thumbnailUrl":"https:\/\/fundacioncomillas.es\/wp-content\/uploads\/2023\/04\/nuevos-recursos-para-ele.jpg","datePublished":"2020-07-02T12:31:57+00:00","dateModified":"2024-10-25T07:47:32+00:00","description":"El Centro Universitario CIESE-Fundaci\u00f3n Comillas imparte, del 6 al 25 de julio, el curso Nuevos recursos para el profesor de ELE en l\u00ednea.","breadcrumb":{"@id":"https:\/\/fundacioncomillas.es\/en\/2020\/07\/02\/nuevos-recursos-para-profesor-de-ele-en-linea\/#breadcrumb"},"inLanguage":"en-US","potentialAction":[{"@type":"ReadAction","target":["https:\/\/fundacioncomillas.es\/en\/2020\/07\/02\/nuevos-recursos-para-profesor-de-ele-en-linea\/"]}]},{"@type":"ImageObject","inLanguage":"en-US","@id":"https:\/\/fundacioncomillas.es\/en\/2020\/07\/02\/nuevos-recursos-para-profesor-de-ele-en-linea\/#primaryimage","url":"https:\/\/fundacioncomillas.es\/wp-content\/uploads\/2023\/04\/nuevos-recursos-para-ele.jpg","contentUrl":"https:\/\/fundacioncomillas.es\/wp-content\/uploads\/2023\/04\/nuevos-recursos-para-ele.jpg","width":599,"height":400},{"@type":"BreadcrumbList","@id":"https:\/\/fundacioncomillas.es\/en\/2020\/07\/02\/nuevos-recursos-para-profesor-de-ele-en-linea\/#breadcrumb","itemListElement":[{"@type":"ListItem","position":1,"name":"Portada","item":"https:\/\/fundacioncomillas.es\/en\/"},{"@type":"ListItem","position":2,"name":"Nuevos recursos para profesor de ELE en l\u00ednea"}]},{"@type":"WebSite","@id":"https:\/\/fundacioncomillas.es\/en\/#website","url":"https:\/\/fundacioncomillas.es\/en\/","name":"Fundaci\u00f3n Comillas","description":"La Fundaci\u00f3n Comillas del Espa\u00f1ol y la Cultura Hisp\u00e1nica","publisher":{"@id":"https:\/\/fundacioncomillas.es\/en\/#organization"},"potentialAction":[{"@type":"SearchAction","target":{"@type":"EntryPoint","urlTemplate":"https:\/\/fundacioncomillas.es\/en\/?s={search_term_string}"},"query-input":{"@type":"PropertyValueSpecification","valueRequired":true,"valueName":"search_term_string"}}],"inLanguage":"en-US"},{"@type":"Organization","@id":"https:\/\/fundacioncomillas.es\/en\/#organization","name":"Fundaci\u00f3n Comillas","alternateName":"Fundaci\u00f3n Comillas - CIESE","url":"https:\/\/fundacioncomillas.es\/en\/","logo":{"@type":"ImageObject","inLanguage":"en-US","@id":"https:\/\/fundacioncomillas.es\/en\/#\/schema\/logo\/image\/","url":"https:\/\/fundacioncomillas.es\/wp-content\/uploads\/2023\/04\/logo-fundacion-comillas-.png","contentUrl":"https:\/\/fundacioncomillas.es\/wp-content\/uploads\/2023\/04\/logo-fundacion-comillas-.png","width":548,"height":536,"caption":"Fundaci\u00f3n Comillas"},"image":{"@id":"https:\/\/fundacioncomillas.es\/en\/#\/schema\/logo\/image\/"},"sameAs":["https:\/\/www.facebook.com\/ciese.comillas","https:\/\/x.com\/CIESEComillas","https:\/\/www.instagram.com\/uniciesecomillas\/","https:\/\/www.linkedin.com\/company\/fundacion-comillas\/","https:\/\/www.youtube.com\/user\/fundacioncomillas","https:\/\/twitter.com\/FundComillas","https:\/\/www.linkedin.com\/company\/1533960\/admin\/"]},{"@type":"Person","@id":"https:\/\/fundacioncomillas.es\/en\/#\/schema\/person\/3cdde58ad1a78de54c94309e39ec81cb","name":"fundacion","url":"https:\/\/fundacioncomillas.es\/en\/author\/fundacion\/"}]}},"_links":{"self":[{"href":"https:\/\/fundacioncomillas.es\/en\/wp-json\/wp\/v2\/posts\/8047","targetHints":{"allow":["GET"]}}],"collection":[{"href":"https:\/\/fundacioncomillas.es\/en\/wp-json\/wp\/v2\/posts"}],"about":[{"href":"https:\/\/fundacioncomillas.es\/en\/wp-json\/wp\/v2\/types\/post"}],"author":[{"embeddable":true,"href":"https:\/\/fundacioncomillas.es\/en\/wp-json\/wp\/v2\/users\/3"}],"replies":[{"embeddable":true,"href":"https:\/\/fundacioncomillas.es\/en\/wp-json\/wp\/v2\/comments?post=8047"}],"version-history":[{"count":4,"href":"https:\/\/fundacioncomillas.es\/en\/wp-json\/wp\/v2\/posts\/8047\/revisions"}],"predecessor-version":[{"id":12644,"href":"https:\/\/fundacioncomillas.es\/en\/wp-json\/wp\/v2\/posts\/8047\/revisions\/12644"}],"wp:featuredmedia":[{"embeddable":true,"href":"https:\/\/fundacioncomillas.es\/en\/wp-json\/wp\/v2\/media\/8048"}],"wp:attachment":[{"href":"https:\/\/fundacioncomillas.es\/en\/wp-json\/wp\/v2\/media?parent=8047"}],"wp:term":[{"taxonomy":"category","embeddable":true,"href":"https:\/\/fundacioncomillas.es\/en\/wp-json\/wp\/v2\/categories?post=8047"},{"taxonomy":"post_tag","embeddable":true,"href":"https:\/\/fundacioncomillas.es\/en\/wp-json\/wp\/v2\/tags?post=8047"}],"curies":[{"name":"wp","href":"https:\/\/api.w.org\/{rel}","templated":true}]}}