{"id":8014,"date":"2020-10-09T12:31:14","date_gmt":"2020-10-09T10:31:14","guid":{"rendered":"https:\/\/fundacioncomillas.es\/?p=8014"},"modified":"2024-10-25T09:35:30","modified_gmt":"2024-10-25T07:35:30","slug":"que-ventajas-tiene-contar-con-un-diploma-dele","status":"publish","type":"post","link":"https:\/\/fundacioncomillas.es\/en\/2020\/10\/09\/que-ventajas-tiene-contar-con-un-diploma-dele\/","title":{"rendered":"\u00bfQu\u00e9 ventajas tiene contar con un diploma DELE?"},"content":{"rendered":"<p class=\"subtitle\" style=\"text-align: justify;\">Si quieres certificar tu dominio de espa\u00f1ol y tener un t\u00edtulo oficial del Ministerio de Educaci\u00f3n y Formaci\u00f3n Profesional de Espa\u00f1a que cuente con reconocimiento internacional, no te pierdas en este post todas las ventajas que tiene poseer un diploma DELE.<\/p>\n<div class=\"content\">\n<p style=\"text-align: justify;\">\u00bfTe gustar\u00eda contar con un diploma que certifique el dominio de tu espa\u00f1ol en el mundo? Desde la Fundaci\u00f3n Comillas te explicamos cu\u00e1les son las ventajas de obtener un diploma de espa\u00f1ol de validez internacional y vigencia indefinida.<\/p>\n<h4 style=\"text-align: justify;\">VALIDEZ INTERNACIONAL<\/h4>\n<p style=\"text-align: justify;\">El DELE es un t\u00edtulo oficial del Ministerio de Educaci\u00f3n, Cultura y Deporte de Espa\u00f1a que otorga el <a href=\"https:\/\/www.cervantes.es\/default.htm\">Instituto Cervantes<\/a> que es aceptado y reconocido mundialmente tanto por universidades como por otras instituciones educativas, as\u00ed como c\u00e1maras de comercio y empresas privadas. Adem\u00e1s, otra de sus importantes ventajas es que tiene una vigencia indefinida.<\/p>\n<h4 style=\"text-align: justify;\">MAYORES OPORTUNIDADES LABORALES<\/h4>\n<p style=\"text-align: justify;\">El mercado laboral se encuentra en constante desarrollo y evoluci\u00f3n, por lo que contar con este t\u00edtulo te brindar\u00e1 mayores oportunidades para ocupar puestos de trabajo y te diferenciar\u00e1 del resto de candidatos. Asimismo, dentro del \u00e1mbito acad\u00e9mico y profesional, tener este diploma te facilitar\u00e1 la movilidad geogr\u00e1fica.<\/p>\n<h4 style=\"text-align: justify;\">IMPORTANTE ELEMENTO PARA EL CURR\u00cdCULUM<\/h4>\n<p style=\"text-align: justify;\">Para un profesor, ya sea nativo o no, contar con este diploma acredita y demuestra que el docente posee el dominio suficiente de la lengua como para ofrecer a sus\u00a0estudiantes un modelo confiable de uso de la lengua. Adem\u00e1s, te favorecer\u00e1 a la hora de solicitar becas.<\/p>\n<p style=\"text-align: justify;\">\u00bfTienes pensado presentarte al DELE? La Fundaci\u00f3n Comillas es centro examinador DELE adem\u00e1s de ser un centro acreditado por el Instituto Cervantes para la Ense\u00f1anza de Espa\u00f1ol como Lengua Extranjera.<\/p>\n<p style=\"text-align: justify;\">A trav\u00e9s de nuestros cursos de preparaci\u00f3n al DELE podr\u00e1s prepararte para superar con \u00e9xito esta prueba. Consulta\u00a0<a href=\"https:\/\/www.fundacioncomillas.es\/cursos-de-espanol\/espanol-y-mas\/courses\/curso-de-preparacion-al-dele\/\">aqu\u00ed<\/a>\u00a0las pr\u00f3ximas fechas.<\/p>\n<h3>SOBRE FUNDACI\u00d3N COMILLAS<\/h3>\n<p style=\"text-align: justify;\">La Fundaci\u00f3n Comillas nace con la vocaci\u00f3n de convertirse en una instituci\u00f3n de referencia internacional en la formaci\u00f3n, investigaci\u00f3n y difusi\u00f3n de la\u00a0<strong>lengua espa\u00f1ola y la cultura hisp\u00e1nica.<\/strong><\/p>\n<p style=\"text-align: justify;\">Entre los objetivos estrat\u00e9gicos de esta instituci\u00f3n est\u00e1 el desarrollo territorial, econ\u00f3mico y cultural de Cantabria, la investigaci\u00f3n e innovaci\u00f3n en espa\u00f1ol, as\u00ed como la ense\u00f1anza de este en su Centro de Estudios de Estudios Superiores del Espa\u00f1ol (CIESE), en donde se puede estudiar el\u00a0<a href=\"https:\/\/fundacioncomillas.es\/2024\/06\/20\/alumnosciese-manuel-mendez-grado-en-estudios-hispanicos\/\">Grado en Estudios Hisp\u00e1nicos<\/a>\u00a0y el\u00a0<a href=\"https:\/\/fundacioncomillas.es\/2024\/06\/27\/master-en-ele-como-ser-profesor-de-espanol\/\">M\u00e1ster en ELE<\/a>, adem\u00e1s de otros cursos y programas de posgrado relacionados con el espa\u00f1ol.<\/p>\n<\/div>\n","protected":false},"excerpt":{"rendered":"<p>Desde la Fundaci\u00f3n Comillas te explicamos cu\u00e1les son las ventajas de obtener un diploma de espa\u00f1ol DELE de validez internacional y vigencia indefinida.<\/p>\n","protected":false},"author":3,"featured_media":8015,"comment_status":"closed","ping_status":"closed","sticky":false,"template":"","format":"standard","meta":{"_acf_changed":false,"om_disable_all_campaigns":false,"_monsterinsights_skip_tracking":false,"_monsterinsights_sitenote_active":false,"_monsterinsights_sitenote_note":"","_monsterinsights_sitenote_category":0,"_uf_show_specific_survey":0,"_uf_disable_surveys":false,"footnotes":"","_links_to":"","_links_to_target":""},"categories":[42,244],"tags":[198,272,271],"class_list":["post-8014","post","type-post","status-publish","format-standard","has-post-thumbnail","hentry","category-academicas","category-dele","tag-dele","tag-diploma-dele","tag-ventajas"],"acf":[],"yoast_head":"<!-- This site is optimized with the Yoast SEO plugin v27.4 - https:\/\/yoast.com\/product\/yoast-seo-wordpress\/ -->\n<title>\u00bfQu\u00e9 ventajas tiene contar con un diploma DELE?<\/title>\n<meta name=\"description\" content=\"\u00bfQuieres un diploma que certifique el dominio de tu espa\u00f1ol en el mundo? Desde el CIESE-Fundaci\u00f3n Comillas te hablamos de sus ventajas\" \/>\n<meta name=\"robots\" content=\"index, follow, max-snippet:-1, max-image-preview:large, max-video-preview:-1\" \/>\n<link rel=\"canonical\" href=\"https:\/\/fundacioncomillas.es\/en\/2020\/10\/09\/que-ventajas-tiene-contar-con-un-diploma-dele\/\" \/>\n<meta property=\"og:locale\" content=\"en_US\" \/>\n<meta property=\"og:type\" content=\"article\" \/>\n<meta property=\"og:title\" content=\"\u00bfQu\u00e9 ventajas tiene contar con un diploma DELE?\" \/>\n<meta property=\"og:description\" content=\"\u00bfQuieres un diploma que certifique el dominio de tu espa\u00f1ol en el mundo? Desde el CIESE-Fundaci\u00f3n Comillas te hablamos de sus ventajas\" \/>\n<meta property=\"og:url\" content=\"https:\/\/fundacioncomillas.es\/en\/2020\/10\/09\/que-ventajas-tiene-contar-con-un-diploma-dele\/\" \/>\n<meta property=\"og:site_name\" content=\"Fundaci\u00f3n Comillas\" \/>\n<meta property=\"article:publisher\" content=\"https:\/\/www.facebook.com\/ciese.comillas\" \/>\n<meta property=\"article:published_time\" content=\"2020-10-09T10:31:14+00:00\" \/>\n<meta property=\"article:modified_time\" content=\"2024-10-25T07:35:30+00:00\" \/>\n<meta property=\"og:image\" content=\"https:\/\/fundacioncomillas.es\/wp-content\/uploads\/2023\/04\/ventajas-diploma-ele.png\" \/>\n\t<meta property=\"og:image:width\" content=\"599\" \/>\n\t<meta property=\"og:image:height\" content=\"400\" \/>\n\t<meta property=\"og:image:type\" content=\"image\/png\" \/>\n<meta name=\"author\" content=\"fundacion\" \/>\n<meta name=\"twitter:card\" content=\"summary_large_image\" \/>\n<meta name=\"twitter:creator\" content=\"@CIESEComillas\" \/>\n<meta name=\"twitter:site\" content=\"@CIESEComillas\" \/>\n<meta name=\"twitter:label1\" content=\"Written by\" \/>\n\t<meta name=\"twitter:data1\" content=\"fundacion\" \/>\n\t<meta name=\"twitter:label2\" content=\"Est. reading time\" \/>\n\t<meta name=\"twitter:data2\" content=\"2 minutes\" \/>\n<script type=\"application\/ld+json\" class=\"yoast-schema-graph\">{\"@context\":\"https:\\\/\\\/schema.org\",\"@graph\":[{\"@type\":\"Article\",\"@id\":\"https:\\\/\\\/fundacioncomillas.es\\\/en\\\/2020\\\/10\\\/09\\\/que-ventajas-tiene-contar-con-un-diploma-dele\\\/#article\",\"isPartOf\":{\"@id\":\"https:\\\/\\\/fundacioncomillas.es\\\/en\\\/2020\\\/10\\\/09\\\/que-ventajas-tiene-contar-con-un-diploma-dele\\\/\"},\"author\":{\"name\":\"fundacion\",\"@id\":\"https:\\\/\\\/fundacioncomillas.es\\\/en\\\/#\\\/schema\\\/person\\\/3cdde58ad1a78de54c94309e39ec81cb\"},\"headline\":\"\u00bfQu\u00e9 ventajas tiene contar con un diploma DELE?\",\"datePublished\":\"2020-10-09T10:31:14+00:00\",\"dateModified\":\"2024-10-25T07:35:30+00:00\",\"mainEntityOfPage\":{\"@id\":\"https:\\\/\\\/fundacioncomillas.es\\\/en\\\/2020\\\/10\\\/09\\\/que-ventajas-tiene-contar-con-un-diploma-dele\\\/\"},\"wordCount\":447,\"publisher\":{\"@id\":\"https:\\\/\\\/fundacioncomillas.es\\\/en\\\/#organization\"},\"image\":{\"@id\":\"https:\\\/\\\/fundacioncomillas.es\\\/en\\\/2020\\\/10\\\/09\\\/que-ventajas-tiene-contar-con-un-diploma-dele\\\/#primaryimage\"},\"thumbnailUrl\":\"https:\\\/\\\/fundacioncomillas.es\\\/wp-content\\\/uploads\\\/2023\\\/04\\\/ventajas-diploma-ele.png\",\"keywords\":[\"DELE\",\"diploma dele\",\"ventajas\"],\"articleSection\":[\"ACAD\u00c9MICAS\",\"DELE\"],\"inLanguage\":\"en-US\"},{\"@type\":\"WebPage\",\"@id\":\"https:\\\/\\\/fundacioncomillas.es\\\/en\\\/2020\\\/10\\\/09\\\/que-ventajas-tiene-contar-con-un-diploma-dele\\\/\",\"url\":\"https:\\\/\\\/fundacioncomillas.es\\\/en\\\/2020\\\/10\\\/09\\\/que-ventajas-tiene-contar-con-un-diploma-dele\\\/\",\"name\":\"\u00bfQu\u00e9 ventajas tiene contar con un diploma DELE?\",\"isPartOf\":{\"@id\":\"https:\\\/\\\/fundacioncomillas.es\\\/en\\\/#website\"},\"primaryImageOfPage\":{\"@id\":\"https:\\\/\\\/fundacioncomillas.es\\\/en\\\/2020\\\/10\\\/09\\\/que-ventajas-tiene-contar-con-un-diploma-dele\\\/#primaryimage\"},\"image\":{\"@id\":\"https:\\\/\\\/fundacioncomillas.es\\\/en\\\/2020\\\/10\\\/09\\\/que-ventajas-tiene-contar-con-un-diploma-dele\\\/#primaryimage\"},\"thumbnailUrl\":\"https:\\\/\\\/fundacioncomillas.es\\\/wp-content\\\/uploads\\\/2023\\\/04\\\/ventajas-diploma-ele.png\",\"datePublished\":\"2020-10-09T10:31:14+00:00\",\"dateModified\":\"2024-10-25T07:35:30+00:00\",\"description\":\"\u00bfQuieres un diploma que certifique el dominio de tu espa\u00f1ol en el mundo? Desde el CIESE-Fundaci\u00f3n Comillas te hablamos de sus ventajas\",\"breadcrumb\":{\"@id\":\"https:\\\/\\\/fundacioncomillas.es\\\/en\\\/2020\\\/10\\\/09\\\/que-ventajas-tiene-contar-con-un-diploma-dele\\\/#breadcrumb\"},\"inLanguage\":\"en-US\",\"potentialAction\":[{\"@type\":\"ReadAction\",\"target\":[\"https:\\\/\\\/fundacioncomillas.es\\\/en\\\/2020\\\/10\\\/09\\\/que-ventajas-tiene-contar-con-un-diploma-dele\\\/\"]}]},{\"@type\":\"ImageObject\",\"inLanguage\":\"en-US\",\"@id\":\"https:\\\/\\\/fundacioncomillas.es\\\/en\\\/2020\\\/10\\\/09\\\/que-ventajas-tiene-contar-con-un-diploma-dele\\\/#primaryimage\",\"url\":\"https:\\\/\\\/fundacioncomillas.es\\\/wp-content\\\/uploads\\\/2023\\\/04\\\/ventajas-diploma-ele.png\",\"contentUrl\":\"https:\\\/\\\/fundacioncomillas.es\\\/wp-content\\\/uploads\\\/2023\\\/04\\\/ventajas-diploma-ele.png\",\"width\":599,\"height\":400,\"caption\":\"ventajas de un diploma dele\"},{\"@type\":\"BreadcrumbList\",\"@id\":\"https:\\\/\\\/fundacioncomillas.es\\\/en\\\/2020\\\/10\\\/09\\\/que-ventajas-tiene-contar-con-un-diploma-dele\\\/#breadcrumb\",\"itemListElement\":[{\"@type\":\"ListItem\",\"position\":1,\"name\":\"Portada\",\"item\":\"https:\\\/\\\/fundacioncomillas.es\\\/en\\\/\"},{\"@type\":\"ListItem\",\"position\":2,\"name\":\"\u00bfQu\u00e9 ventajas tiene contar con un diploma DELE?\"}]},{\"@type\":\"WebSite\",\"@id\":\"https:\\\/\\\/fundacioncomillas.es\\\/en\\\/#website\",\"url\":\"https:\\\/\\\/fundacioncomillas.es\\\/en\\\/\",\"name\":\"Fundaci\u00f3n Comillas\",\"description\":\"La Fundaci\u00f3n Comillas del Espa\u00f1ol y la Cultura Hisp\u00e1nica\",\"publisher\":{\"@id\":\"https:\\\/\\\/fundacioncomillas.es\\\/en\\\/#organization\"},\"potentialAction\":[{\"@type\":\"SearchAction\",\"target\":{\"@type\":\"EntryPoint\",\"urlTemplate\":\"https:\\\/\\\/fundacioncomillas.es\\\/en\\\/?s={search_term_string}\"},\"query-input\":{\"@type\":\"PropertyValueSpecification\",\"valueRequired\":true,\"valueName\":\"search_term_string\"}}],\"inLanguage\":\"en-US\"},{\"@type\":\"Organization\",\"@id\":\"https:\\\/\\\/fundacioncomillas.es\\\/en\\\/#organization\",\"name\":\"Fundaci\u00f3n Comillas\",\"alternateName\":\"Fundaci\u00f3n Comillas - CIESE\",\"url\":\"https:\\\/\\\/fundacioncomillas.es\\\/en\\\/\",\"logo\":{\"@type\":\"ImageObject\",\"inLanguage\":\"en-US\",\"@id\":\"https:\\\/\\\/fundacioncomillas.es\\\/en\\\/#\\\/schema\\\/logo\\\/image\\\/\",\"url\":\"https:\\\/\\\/fundacioncomillas.es\\\/wp-content\\\/uploads\\\/2023\\\/04\\\/logo-fundacion-comillas-.png\",\"contentUrl\":\"https:\\\/\\\/fundacioncomillas.es\\\/wp-content\\\/uploads\\\/2023\\\/04\\\/logo-fundacion-comillas-.png\",\"width\":548,\"height\":536,\"caption\":\"Fundaci\u00f3n Comillas\"},\"image\":{\"@id\":\"https:\\\/\\\/fundacioncomillas.es\\\/en\\\/#\\\/schema\\\/logo\\\/image\\\/\"},\"sameAs\":[\"https:\\\/\\\/www.facebook.com\\\/ciese.comillas\",\"https:\\\/\\\/x.com\\\/CIESEComillas\",\"https:\\\/\\\/www.instagram.com\\\/uniciesecomillas\\\/\",\"https:\\\/\\\/www.linkedin.com\\\/company\\\/fundacion-comillas\\\/\",\"https:\\\/\\\/www.youtube.com\\\/user\\\/fundacioncomillas\",\"https:\\\/\\\/twitter.com\\\/FundComillas\",\"https:\\\/\\\/www.linkedin.com\\\/company\\\/1533960\\\/admin\\\/\"]},{\"@type\":\"Person\",\"@id\":\"https:\\\/\\\/fundacioncomillas.es\\\/en\\\/#\\\/schema\\\/person\\\/3cdde58ad1a78de54c94309e39ec81cb\",\"name\":\"fundacion\",\"url\":\"https:\\\/\\\/fundacioncomillas.es\\\/en\\\/author\\\/fundacion\\\/\"}]}<\/script>\n<!-- \/ Yoast SEO plugin. -->","yoast_head_json":{"title":"\u00bfQu\u00e9 ventajas tiene contar con un diploma DELE?","description":"\u00bfQuieres un diploma que certifique el dominio de tu espa\u00f1ol en el mundo? Desde el CIESE-Fundaci\u00f3n Comillas te hablamos de sus ventajas","robots":{"index":"index","follow":"follow","max-snippet":"max-snippet:-1","max-image-preview":"max-image-preview:large","max-video-preview":"max-video-preview:-1"},"canonical":"https:\/\/fundacioncomillas.es\/en\/2020\/10\/09\/que-ventajas-tiene-contar-con-un-diploma-dele\/","og_locale":"en_US","og_type":"article","og_title":"\u00bfQu\u00e9 ventajas tiene contar con un diploma DELE?","og_description":"\u00bfQuieres un diploma que certifique el dominio de tu espa\u00f1ol en el mundo? Desde el CIESE-Fundaci\u00f3n Comillas te hablamos de sus ventajas","og_url":"https:\/\/fundacioncomillas.es\/en\/2020\/10\/09\/que-ventajas-tiene-contar-con-un-diploma-dele\/","og_site_name":"Fundaci\u00f3n Comillas","article_publisher":"https:\/\/www.facebook.com\/ciese.comillas","article_published_time":"2020-10-09T10:31:14+00:00","article_modified_time":"2024-10-25T07:35:30+00:00","og_image":[{"width":599,"height":400,"url":"https:\/\/fundacioncomillas.es\/wp-content\/uploads\/2023\/04\/ventajas-diploma-ele.png","type":"image\/png"}],"author":"fundacion","twitter_card":"summary_large_image","twitter_creator":"@CIESEComillas","twitter_site":"@CIESEComillas","twitter_misc":{"Written by":"fundacion","Est. reading time":"2 minutes"},"schema":{"@context":"https:\/\/schema.org","@graph":[{"@type":"Article","@id":"https:\/\/fundacioncomillas.es\/en\/2020\/10\/09\/que-ventajas-tiene-contar-con-un-diploma-dele\/#article","isPartOf":{"@id":"https:\/\/fundacioncomillas.es\/en\/2020\/10\/09\/que-ventajas-tiene-contar-con-un-diploma-dele\/"},"author":{"name":"fundacion","@id":"https:\/\/fundacioncomillas.es\/en\/#\/schema\/person\/3cdde58ad1a78de54c94309e39ec81cb"},"headline":"\u00bfQu\u00e9 ventajas tiene contar con un diploma DELE?","datePublished":"2020-10-09T10:31:14+00:00","dateModified":"2024-10-25T07:35:30+00:00","mainEntityOfPage":{"@id":"https:\/\/fundacioncomillas.es\/en\/2020\/10\/09\/que-ventajas-tiene-contar-con-un-diploma-dele\/"},"wordCount":447,"publisher":{"@id":"https:\/\/fundacioncomillas.es\/en\/#organization"},"image":{"@id":"https:\/\/fundacioncomillas.es\/en\/2020\/10\/09\/que-ventajas-tiene-contar-con-un-diploma-dele\/#primaryimage"},"thumbnailUrl":"https:\/\/fundacioncomillas.es\/wp-content\/uploads\/2023\/04\/ventajas-diploma-ele.png","keywords":["DELE","diploma dele","ventajas"],"articleSection":["ACAD\u00c9MICAS","DELE"],"inLanguage":"en-US"},{"@type":"WebPage","@id":"https:\/\/fundacioncomillas.es\/en\/2020\/10\/09\/que-ventajas-tiene-contar-con-un-diploma-dele\/","url":"https:\/\/fundacioncomillas.es\/en\/2020\/10\/09\/que-ventajas-tiene-contar-con-un-diploma-dele\/","name":"\u00bfQu\u00e9 ventajas tiene contar con un diploma DELE?","isPartOf":{"@id":"https:\/\/fundacioncomillas.es\/en\/#website"},"primaryImageOfPage":{"@id":"https:\/\/fundacioncomillas.es\/en\/2020\/10\/09\/que-ventajas-tiene-contar-con-un-diploma-dele\/#primaryimage"},"image":{"@id":"https:\/\/fundacioncomillas.es\/en\/2020\/10\/09\/que-ventajas-tiene-contar-con-un-diploma-dele\/#primaryimage"},"thumbnailUrl":"https:\/\/fundacioncomillas.es\/wp-content\/uploads\/2023\/04\/ventajas-diploma-ele.png","datePublished":"2020-10-09T10:31:14+00:00","dateModified":"2024-10-25T07:35:30+00:00","description":"\u00bfQuieres un diploma que certifique el dominio de tu espa\u00f1ol en el mundo? Desde el CIESE-Fundaci\u00f3n Comillas te hablamos de sus ventajas","breadcrumb":{"@id":"https:\/\/fundacioncomillas.es\/en\/2020\/10\/09\/que-ventajas-tiene-contar-con-un-diploma-dele\/#breadcrumb"},"inLanguage":"en-US","potentialAction":[{"@type":"ReadAction","target":["https:\/\/fundacioncomillas.es\/en\/2020\/10\/09\/que-ventajas-tiene-contar-con-un-diploma-dele\/"]}]},{"@type":"ImageObject","inLanguage":"en-US","@id":"https:\/\/fundacioncomillas.es\/en\/2020\/10\/09\/que-ventajas-tiene-contar-con-un-diploma-dele\/#primaryimage","url":"https:\/\/fundacioncomillas.es\/wp-content\/uploads\/2023\/04\/ventajas-diploma-ele.png","contentUrl":"https:\/\/fundacioncomillas.es\/wp-content\/uploads\/2023\/04\/ventajas-diploma-ele.png","width":599,"height":400,"caption":"ventajas de un diploma dele"},{"@type":"BreadcrumbList","@id":"https:\/\/fundacioncomillas.es\/en\/2020\/10\/09\/que-ventajas-tiene-contar-con-un-diploma-dele\/#breadcrumb","itemListElement":[{"@type":"ListItem","position":1,"name":"Portada","item":"https:\/\/fundacioncomillas.es\/en\/"},{"@type":"ListItem","position":2,"name":"\u00bfQu\u00e9 ventajas tiene contar con un diploma DELE?"}]},{"@type":"WebSite","@id":"https:\/\/fundacioncomillas.es\/en\/#website","url":"https:\/\/fundacioncomillas.es\/en\/","name":"Fundaci\u00f3n Comillas","description":"La Fundaci\u00f3n Comillas del Espa\u00f1ol y la Cultura Hisp\u00e1nica","publisher":{"@id":"https:\/\/fundacioncomillas.es\/en\/#organization"},"potentialAction":[{"@type":"SearchAction","target":{"@type":"EntryPoint","urlTemplate":"https:\/\/fundacioncomillas.es\/en\/?s={search_term_string}"},"query-input":{"@type":"PropertyValueSpecification","valueRequired":true,"valueName":"search_term_string"}}],"inLanguage":"en-US"},{"@type":"Organization","@id":"https:\/\/fundacioncomillas.es\/en\/#organization","name":"Fundaci\u00f3n Comillas","alternateName":"Fundaci\u00f3n Comillas - CIESE","url":"https:\/\/fundacioncomillas.es\/en\/","logo":{"@type":"ImageObject","inLanguage":"en-US","@id":"https:\/\/fundacioncomillas.es\/en\/#\/schema\/logo\/image\/","url":"https:\/\/fundacioncomillas.es\/wp-content\/uploads\/2023\/04\/logo-fundacion-comillas-.png","contentUrl":"https:\/\/fundacioncomillas.es\/wp-content\/uploads\/2023\/04\/logo-fundacion-comillas-.png","width":548,"height":536,"caption":"Fundaci\u00f3n Comillas"},"image":{"@id":"https:\/\/fundacioncomillas.es\/en\/#\/schema\/logo\/image\/"},"sameAs":["https:\/\/www.facebook.com\/ciese.comillas","https:\/\/x.com\/CIESEComillas","https:\/\/www.instagram.com\/uniciesecomillas\/","https:\/\/www.linkedin.com\/company\/fundacion-comillas\/","https:\/\/www.youtube.com\/user\/fundacioncomillas","https:\/\/twitter.com\/FundComillas","https:\/\/www.linkedin.com\/company\/1533960\/admin\/"]},{"@type":"Person","@id":"https:\/\/fundacioncomillas.es\/en\/#\/schema\/person\/3cdde58ad1a78de54c94309e39ec81cb","name":"fundacion","url":"https:\/\/fundacioncomillas.es\/en\/author\/fundacion\/"}]}},"_links":{"self":[{"href":"https:\/\/fundacioncomillas.es\/en\/wp-json\/wp\/v2\/posts\/8014","targetHints":{"allow":["GET"]}}],"collection":[{"href":"https:\/\/fundacioncomillas.es\/en\/wp-json\/wp\/v2\/posts"}],"about":[{"href":"https:\/\/fundacioncomillas.es\/en\/wp-json\/wp\/v2\/types\/post"}],"author":[{"embeddable":true,"href":"https:\/\/fundacioncomillas.es\/en\/wp-json\/wp\/v2\/users\/3"}],"replies":[{"embeddable":true,"href":"https:\/\/fundacioncomillas.es\/en\/wp-json\/wp\/v2\/comments?post=8014"}],"version-history":[{"count":3,"href":"https:\/\/fundacioncomillas.es\/en\/wp-json\/wp\/v2\/posts\/8014\/revisions"}],"predecessor-version":[{"id":12639,"href":"https:\/\/fundacioncomillas.es\/en\/wp-json\/wp\/v2\/posts\/8014\/revisions\/12639"}],"wp:featuredmedia":[{"embeddable":true,"href":"https:\/\/fundacioncomillas.es\/en\/wp-json\/wp\/v2\/media\/8015"}],"wp:attachment":[{"href":"https:\/\/fundacioncomillas.es\/en\/wp-json\/wp\/v2\/media?parent=8014"}],"wp:term":[{"taxonomy":"category","embeddable":true,"href":"https:\/\/fundacioncomillas.es\/en\/wp-json\/wp\/v2\/categories?post=8014"},{"taxonomy":"post_tag","embeddable":true,"href":"https:\/\/fundacioncomillas.es\/en\/wp-json\/wp\/v2\/tags?post=8014"}],"curies":[{"name":"wp","href":"https:\/\/api.w.org\/{rel}","templated":true}]}}