{"id":8009,"date":"2020-10-19T11:45:35","date_gmt":"2020-10-19T09:45:35","guid":{"rendered":"https:\/\/fundacioncomillas.es\/?p=8009"},"modified":"2024-01-12T13:31:17","modified_gmt":"2024-01-12T12:31:17","slug":"objetivos-curso-de-creacion-y-gestion-de-un-centro-de-idiomas","status":"publish","type":"post","link":"https:\/\/fundacioncomillas.es\/en\/2020\/10\/19\/objetivos-curso-de-creacion-y-gestion-de-un-centro-de-idiomas\/","title":{"rendered":"\u00bfCu\u00e1les son los objetivos del curso de Creaci\u00f3n y gesti\u00f3n de un centro de idiomas?"},"content":{"rendered":"<p class=\"subtitle\" style=\"text-align: justify;\">Es habitual que quienes tienen el objetivo de crear un centro de idiomas sean los propios profesores de lenguas, pero, a menudo, se encuentran sin la formaci\u00f3n comercial o mercantil necesaria para ello. Conoce nuestro curso de Creaci\u00f3n y gesti\u00f3n de un centro de idiomas y sus objetivos en este post.<\/p>\n<div class=\"content\">\n<p style=\"text-align: justify;\">Si eres profesor o futuro profesor de lengua extranjera y quieres dar un paso m\u00e1s all\u00e1 en tu formaci\u00f3n, en el Centro Universitario CIESE-Fundaci\u00f3n Comillas encontrar\u00e1s una amplia variedad de cursos enfocados a la docencia. Entre ellos, ofertamos el curso de Creaci\u00f3n y gesti\u00f3n de un centro de idiomas enfocado a que profesores, futuros profesionales de la docencia y formadores en lenguas extranjeras adquieran los conocimientos comerciales, mercantiles y de gesti\u00f3n de un centro de idiomas.<\/p>\n<h2>Objetivos curso de creaci\u00f3n y gesti\u00f3n de un centro de idiomas<\/h2>\n<p style=\"text-align: justify;\">Los objetivos de este curso de cuatro semanas de duraci\u00f3n est\u00e1n centrados principalmente en abordar los siguientes temas fundamentales:<\/p>\n<ul style=\"text-align: justify;\">\n<li>Analizar y estudiar los diferentes procesos que se deben llevar a cabo para crear y\/o gestionar un centro de ense\u00f1anza no reglada.<\/li>\n<li>Determinar y analizar las responsabilidades de la direcci\u00f3n acad\u00e9mica.<\/li>\n<li>Analizar el perfil y las responsabilidades docentes.<\/li>\n<li>Considerar las responsabilidades del personal no docente del centro.<\/li>\n<\/ul>\n<p style=\"text-align: justify;\">\u00bfCu\u00e1les son los requisitos para acceder a este curso? Desde el Centro Universitario CIESE-Fundaci\u00f3n Comillas recomendamos que los alumnos que quieran matricularse en este curso tengan al menos un conocimiento en lengua espa\u00f1ola correspondiente al nivel C1 o C2 seg\u00fan el Marco Com\u00fan Europeo de Referencia para lenguas (<a href=\"https:\/\/www.cambridgeenglish.org\/es\/exams-and-tests\/cefr\/\">MCER<\/a>).<\/p>\n<h3 style=\"text-align: justify;\">UN CURSO ONLINE PARA MEJORAR TUS COMPETENCIAS PROFESIONALES<\/h3>\n<p style=\"text-align: justify;\">En el Centro Universitario CIESE-Fundaci\u00f3n Comillas contamos durante todo el a\u00f1o con una programaci\u00f3n acad\u00e9mica en la que se incluye la modalidad online, y para ello, utilizamos el Aula Virtual, una plataforma en la que alumnos y profesores est\u00e1n en permanente contacto para favorecer una formaci\u00f3n de excelencia as\u00ed como una comunicaci\u00f3n cercana y personalizada.<\/p>\n<p style=\"text-align: justify;\">Este tipo de formaci\u00f3n virtual te permitir\u00e1 seguir form\u00e1ndote y mejorar profesionalmente independientemente del lugar o circunstancias en las que te encuentres.<\/p>\n<p style=\"text-align: justify;\">\u00bfTe interesa? Obt\u00e9n toda la informaci\u00f3n del curso de Creaci\u00f3n y gesti\u00f3n de un centro de idiomas\u00a0<a href=\"https:\/\/fundacioncomillas.es\/cursos-de-espanol\/formacion-de-profesores\/creacion-y-gestion-de-centro-de-idiomas\/\">aqu\u00ed<\/a>.<\/p>\n<\/div>\n","protected":false},"excerpt":{"rendered":"<p>Es habitual que quienes tienen el objetivo de crear un centro de idiomas sean los propios profesores de lenguas, pero, a menudo, se encuentran sin la formaci\u00f3n comercial o mercantil necesaria para ello.<\/p>\n","protected":false},"author":3,"featured_media":8010,"comment_status":"closed","ping_status":"closed","sticky":false,"template":"","format":"standard","meta":{"_acf_changed":false,"om_disable_all_campaigns":false,"_monsterinsights_skip_tracking":false,"_monsterinsights_sitenote_active":false,"_monsterinsights_sitenote_note":"","_monsterinsights_sitenote_category":0,"_uf_show_specific_survey":0,"_uf_disable_surveys":false,"footnotes":"","_links_to":"","_links_to_target":""},"categories":[42],"tags":[270,182,562],"class_list":["post-8009","post","type-post","status-publish","format-standard","has-post-thumbnail","hentry","category-academicas","tag-creacion-y-gestion-de-un-centro-de-idiomas","tag-cursos","tag-cursos-de-profesores"],"acf":[],"yoast_head":"<!-- This site is optimized with the Yoast SEO plugin v27.4 - https:\/\/yoast.com\/product\/yoast-seo-wordpress\/ -->\n<title>Objetivos: curso de Creaci\u00f3n y gesti\u00f3n de un centro de idiomas<\/title>\n<meta name=\"description\" content=\"Es habitual que quienes toman la iniciativa de crear un centro de idiomas sean los propios profesores de lenguas, con nuestro curso...\" \/>\n<meta name=\"robots\" content=\"index, follow, max-snippet:-1, max-image-preview:large, max-video-preview:-1\" \/>\n<link rel=\"canonical\" href=\"https:\/\/fundacioncomillas.es\/en\/2020\/10\/19\/objetivos-curso-de-creacion-y-gestion-de-un-centro-de-idiomas\/\" \/>\n<meta property=\"og:locale\" content=\"en_US\" \/>\n<meta property=\"og:type\" content=\"article\" \/>\n<meta property=\"og:title\" content=\"Objetivos: curso de Creaci\u00f3n y gesti\u00f3n de un centro de idiomas\" \/>\n<meta property=\"og:description\" content=\"Es habitual que quienes toman la iniciativa de crear un centro de idiomas sean los propios profesores de lenguas, con nuestro curso...\" \/>\n<meta property=\"og:url\" content=\"https:\/\/fundacioncomillas.es\/en\/2020\/10\/19\/objetivos-curso-de-creacion-y-gestion-de-un-centro-de-idiomas\/\" \/>\n<meta property=\"og:site_name\" content=\"Fundaci\u00f3n Comillas\" \/>\n<meta property=\"article:publisher\" content=\"https:\/\/www.facebook.com\/ciese.comillas\" \/>\n<meta property=\"article:published_time\" content=\"2020-10-19T09:45:35+00:00\" \/>\n<meta property=\"article:modified_time\" content=\"2024-01-12T12:31:17+00:00\" \/>\n<meta property=\"og:image\" content=\"https:\/\/fundacioncomillas.es\/wp-content\/uploads\/2023\/04\/curso-de-creacion-y-gestion-de-idiomas.png\" \/>\n\t<meta property=\"og:image:width\" content=\"599\" \/>\n\t<meta property=\"og:image:height\" content=\"400\" \/>\n\t<meta property=\"og:image:type\" content=\"image\/png\" \/>\n<meta name=\"author\" content=\"fundacion\" \/>\n<meta name=\"twitter:card\" content=\"summary_large_image\" \/>\n<meta name=\"twitter:creator\" content=\"@CIESEComillas\" \/>\n<meta name=\"twitter:site\" content=\"@CIESEComillas\" \/>\n<meta name=\"twitter:label1\" content=\"Written by\" \/>\n\t<meta name=\"twitter:data1\" content=\"fundacion\" \/>\n\t<meta name=\"twitter:label2\" content=\"Est. reading time\" \/>\n\t<meta name=\"twitter:data2\" content=\"2 minutes\" \/>\n<script type=\"application\/ld+json\" class=\"yoast-schema-graph\">{\"@context\":\"https:\\\/\\\/schema.org\",\"@graph\":[{\"@type\":\"Article\",\"@id\":\"https:\\\/\\\/fundacioncomillas.es\\\/en\\\/2020\\\/10\\\/19\\\/objetivos-curso-de-creacion-y-gestion-de-un-centro-de-idiomas\\\/#article\",\"isPartOf\":{\"@id\":\"https:\\\/\\\/fundacioncomillas.es\\\/en\\\/2020\\\/10\\\/19\\\/objetivos-curso-de-creacion-y-gestion-de-un-centro-de-idiomas\\\/\"},\"author\":{\"name\":\"fundacion\",\"@id\":\"https:\\\/\\\/fundacioncomillas.es\\\/en\\\/#\\\/schema\\\/person\\\/3cdde58ad1a78de54c94309e39ec81cb\"},\"headline\":\"\u00bfCu\u00e1les son los objetivos del curso de Creaci\u00f3n y gesti\u00f3n de un centro de idiomas?\",\"datePublished\":\"2020-10-19T09:45:35+00:00\",\"dateModified\":\"2024-01-12T12:31:17+00:00\",\"mainEntityOfPage\":{\"@id\":\"https:\\\/\\\/fundacioncomillas.es\\\/en\\\/2020\\\/10\\\/19\\\/objetivos-curso-de-creacion-y-gestion-de-un-centro-de-idiomas\\\/\"},\"wordCount\":410,\"publisher\":{\"@id\":\"https:\\\/\\\/fundacioncomillas.es\\\/en\\\/#organization\"},\"image\":{\"@id\":\"https:\\\/\\\/fundacioncomillas.es\\\/en\\\/2020\\\/10\\\/19\\\/objetivos-curso-de-creacion-y-gestion-de-un-centro-de-idiomas\\\/#primaryimage\"},\"thumbnailUrl\":\"https:\\\/\\\/fundacioncomillas.es\\\/wp-content\\\/uploads\\\/2023\\\/04\\\/curso-de-creacion-y-gestion-de-idiomas.png\",\"keywords\":[\"creaci\u00f3n y gesti\u00f3n de un centro de idiomas\",\"cursos\",\"cursos de profesores\"],\"articleSection\":[\"ACAD\u00c9MICAS\"],\"inLanguage\":\"en-US\"},{\"@type\":\"WebPage\",\"@id\":\"https:\\\/\\\/fundacioncomillas.es\\\/en\\\/2020\\\/10\\\/19\\\/objetivos-curso-de-creacion-y-gestion-de-un-centro-de-idiomas\\\/\",\"url\":\"https:\\\/\\\/fundacioncomillas.es\\\/en\\\/2020\\\/10\\\/19\\\/objetivos-curso-de-creacion-y-gestion-de-un-centro-de-idiomas\\\/\",\"name\":\"Objetivos: curso de Creaci\u00f3n y gesti\u00f3n de un centro de idiomas\",\"isPartOf\":{\"@id\":\"https:\\\/\\\/fundacioncomillas.es\\\/en\\\/#website\"},\"primaryImageOfPage\":{\"@id\":\"https:\\\/\\\/fundacioncomillas.es\\\/en\\\/2020\\\/10\\\/19\\\/objetivos-curso-de-creacion-y-gestion-de-un-centro-de-idiomas\\\/#primaryimage\"},\"image\":{\"@id\":\"https:\\\/\\\/fundacioncomillas.es\\\/en\\\/2020\\\/10\\\/19\\\/objetivos-curso-de-creacion-y-gestion-de-un-centro-de-idiomas\\\/#primaryimage\"},\"thumbnailUrl\":\"https:\\\/\\\/fundacioncomillas.es\\\/wp-content\\\/uploads\\\/2023\\\/04\\\/curso-de-creacion-y-gestion-de-idiomas.png\",\"datePublished\":\"2020-10-19T09:45:35+00:00\",\"dateModified\":\"2024-01-12T12:31:17+00:00\",\"description\":\"Es habitual que quienes toman la iniciativa de crear un centro de idiomas sean los propios profesores de lenguas, con nuestro curso...\",\"breadcrumb\":{\"@id\":\"https:\\\/\\\/fundacioncomillas.es\\\/en\\\/2020\\\/10\\\/19\\\/objetivos-curso-de-creacion-y-gestion-de-un-centro-de-idiomas\\\/#breadcrumb\"},\"inLanguage\":\"en-US\",\"potentialAction\":[{\"@type\":\"ReadAction\",\"target\":[\"https:\\\/\\\/fundacioncomillas.es\\\/en\\\/2020\\\/10\\\/19\\\/objetivos-curso-de-creacion-y-gestion-de-un-centro-de-idiomas\\\/\"]}]},{\"@type\":\"ImageObject\",\"inLanguage\":\"en-US\",\"@id\":\"https:\\\/\\\/fundacioncomillas.es\\\/en\\\/2020\\\/10\\\/19\\\/objetivos-curso-de-creacion-y-gestion-de-un-centro-de-idiomas\\\/#primaryimage\",\"url\":\"https:\\\/\\\/fundacioncomillas.es\\\/wp-content\\\/uploads\\\/2023\\\/04\\\/curso-de-creacion-y-gestion-de-idiomas.png\",\"contentUrl\":\"https:\\\/\\\/fundacioncomillas.es\\\/wp-content\\\/uploads\\\/2023\\\/04\\\/curso-de-creacion-y-gestion-de-idiomas.png\",\"width\":599,\"height\":400,\"caption\":\"curso de creaci\u00f3n y gesti\u00f3n de idiomas\"},{\"@type\":\"BreadcrumbList\",\"@id\":\"https:\\\/\\\/fundacioncomillas.es\\\/en\\\/2020\\\/10\\\/19\\\/objetivos-curso-de-creacion-y-gestion-de-un-centro-de-idiomas\\\/#breadcrumb\",\"itemListElement\":[{\"@type\":\"ListItem\",\"position\":1,\"name\":\"Portada\",\"item\":\"https:\\\/\\\/fundacioncomillas.es\\\/en\\\/\"},{\"@type\":\"ListItem\",\"position\":2,\"name\":\"\u00bfCu\u00e1les son los objetivos del curso de Creaci\u00f3n y gesti\u00f3n de un centro de idiomas?\"}]},{\"@type\":\"WebSite\",\"@id\":\"https:\\\/\\\/fundacioncomillas.es\\\/en\\\/#website\",\"url\":\"https:\\\/\\\/fundacioncomillas.es\\\/en\\\/\",\"name\":\"Fundaci\u00f3n Comillas\",\"description\":\"La Fundaci\u00f3n Comillas del Espa\u00f1ol y la Cultura Hisp\u00e1nica\",\"publisher\":{\"@id\":\"https:\\\/\\\/fundacioncomillas.es\\\/en\\\/#organization\"},\"potentialAction\":[{\"@type\":\"SearchAction\",\"target\":{\"@type\":\"EntryPoint\",\"urlTemplate\":\"https:\\\/\\\/fundacioncomillas.es\\\/en\\\/?s={search_term_string}\"},\"query-input\":{\"@type\":\"PropertyValueSpecification\",\"valueRequired\":true,\"valueName\":\"search_term_string\"}}],\"inLanguage\":\"en-US\"},{\"@type\":\"Organization\",\"@id\":\"https:\\\/\\\/fundacioncomillas.es\\\/en\\\/#organization\",\"name\":\"Fundaci\u00f3n Comillas\",\"alternateName\":\"Fundaci\u00f3n Comillas - CIESE\",\"url\":\"https:\\\/\\\/fundacioncomillas.es\\\/en\\\/\",\"logo\":{\"@type\":\"ImageObject\",\"inLanguage\":\"en-US\",\"@id\":\"https:\\\/\\\/fundacioncomillas.es\\\/en\\\/#\\\/schema\\\/logo\\\/image\\\/\",\"url\":\"https:\\\/\\\/fundacioncomillas.es\\\/wp-content\\\/uploads\\\/2023\\\/04\\\/logo-fundacion-comillas-.png\",\"contentUrl\":\"https:\\\/\\\/fundacioncomillas.es\\\/wp-content\\\/uploads\\\/2023\\\/04\\\/logo-fundacion-comillas-.png\",\"width\":548,\"height\":536,\"caption\":\"Fundaci\u00f3n Comillas\"},\"image\":{\"@id\":\"https:\\\/\\\/fundacioncomillas.es\\\/en\\\/#\\\/schema\\\/logo\\\/image\\\/\"},\"sameAs\":[\"https:\\\/\\\/www.facebook.com\\\/ciese.comillas\",\"https:\\\/\\\/x.com\\\/CIESEComillas\",\"https:\\\/\\\/www.instagram.com\\\/uniciesecomillas\\\/\",\"https:\\\/\\\/www.linkedin.com\\\/company\\\/fundacion-comillas\\\/\",\"https:\\\/\\\/www.youtube.com\\\/user\\\/fundacioncomillas\",\"https:\\\/\\\/twitter.com\\\/FundComillas\",\"https:\\\/\\\/www.linkedin.com\\\/company\\\/1533960\\\/admin\\\/\"]},{\"@type\":\"Person\",\"@id\":\"https:\\\/\\\/fundacioncomillas.es\\\/en\\\/#\\\/schema\\\/person\\\/3cdde58ad1a78de54c94309e39ec81cb\",\"name\":\"fundacion\",\"url\":\"https:\\\/\\\/fundacioncomillas.es\\\/en\\\/author\\\/fundacion\\\/\"}]}<\/script>\n<!-- \/ Yoast SEO plugin. -->","yoast_head_json":{"title":"Objetivos: curso de Creaci\u00f3n y gesti\u00f3n de un centro de idiomas","description":"Es habitual que quienes toman la iniciativa de crear un centro de idiomas sean los propios profesores de lenguas, con nuestro curso...","robots":{"index":"index","follow":"follow","max-snippet":"max-snippet:-1","max-image-preview":"max-image-preview:large","max-video-preview":"max-video-preview:-1"},"canonical":"https:\/\/fundacioncomillas.es\/en\/2020\/10\/19\/objetivos-curso-de-creacion-y-gestion-de-un-centro-de-idiomas\/","og_locale":"en_US","og_type":"article","og_title":"Objetivos: curso de Creaci\u00f3n y gesti\u00f3n de un centro de idiomas","og_description":"Es habitual que quienes toman la iniciativa de crear un centro de idiomas sean los propios profesores de lenguas, con nuestro curso...","og_url":"https:\/\/fundacioncomillas.es\/en\/2020\/10\/19\/objetivos-curso-de-creacion-y-gestion-de-un-centro-de-idiomas\/","og_site_name":"Fundaci\u00f3n Comillas","article_publisher":"https:\/\/www.facebook.com\/ciese.comillas","article_published_time":"2020-10-19T09:45:35+00:00","article_modified_time":"2024-01-12T12:31:17+00:00","og_image":[{"width":599,"height":400,"url":"https:\/\/fundacioncomillas.es\/wp-content\/uploads\/2023\/04\/curso-de-creacion-y-gestion-de-idiomas.png","type":"image\/png"}],"author":"fundacion","twitter_card":"summary_large_image","twitter_creator":"@CIESEComillas","twitter_site":"@CIESEComillas","twitter_misc":{"Written by":"fundacion","Est. reading time":"2 minutes"},"schema":{"@context":"https:\/\/schema.org","@graph":[{"@type":"Article","@id":"https:\/\/fundacioncomillas.es\/en\/2020\/10\/19\/objetivos-curso-de-creacion-y-gestion-de-un-centro-de-idiomas\/#article","isPartOf":{"@id":"https:\/\/fundacioncomillas.es\/en\/2020\/10\/19\/objetivos-curso-de-creacion-y-gestion-de-un-centro-de-idiomas\/"},"author":{"name":"fundacion","@id":"https:\/\/fundacioncomillas.es\/en\/#\/schema\/person\/3cdde58ad1a78de54c94309e39ec81cb"},"headline":"\u00bfCu\u00e1les son los objetivos del curso de Creaci\u00f3n y gesti\u00f3n de un centro de idiomas?","datePublished":"2020-10-19T09:45:35+00:00","dateModified":"2024-01-12T12:31:17+00:00","mainEntityOfPage":{"@id":"https:\/\/fundacioncomillas.es\/en\/2020\/10\/19\/objetivos-curso-de-creacion-y-gestion-de-un-centro-de-idiomas\/"},"wordCount":410,"publisher":{"@id":"https:\/\/fundacioncomillas.es\/en\/#organization"},"image":{"@id":"https:\/\/fundacioncomillas.es\/en\/2020\/10\/19\/objetivos-curso-de-creacion-y-gestion-de-un-centro-de-idiomas\/#primaryimage"},"thumbnailUrl":"https:\/\/fundacioncomillas.es\/wp-content\/uploads\/2023\/04\/curso-de-creacion-y-gestion-de-idiomas.png","keywords":["creaci\u00f3n y gesti\u00f3n de un centro de idiomas","cursos","cursos de profesores"],"articleSection":["ACAD\u00c9MICAS"],"inLanguage":"en-US"},{"@type":"WebPage","@id":"https:\/\/fundacioncomillas.es\/en\/2020\/10\/19\/objetivos-curso-de-creacion-y-gestion-de-un-centro-de-idiomas\/","url":"https:\/\/fundacioncomillas.es\/en\/2020\/10\/19\/objetivos-curso-de-creacion-y-gestion-de-un-centro-de-idiomas\/","name":"Objetivos: curso de Creaci\u00f3n y gesti\u00f3n de un centro de idiomas","isPartOf":{"@id":"https:\/\/fundacioncomillas.es\/en\/#website"},"primaryImageOfPage":{"@id":"https:\/\/fundacioncomillas.es\/en\/2020\/10\/19\/objetivos-curso-de-creacion-y-gestion-de-un-centro-de-idiomas\/#primaryimage"},"image":{"@id":"https:\/\/fundacioncomillas.es\/en\/2020\/10\/19\/objetivos-curso-de-creacion-y-gestion-de-un-centro-de-idiomas\/#primaryimage"},"thumbnailUrl":"https:\/\/fundacioncomillas.es\/wp-content\/uploads\/2023\/04\/curso-de-creacion-y-gestion-de-idiomas.png","datePublished":"2020-10-19T09:45:35+00:00","dateModified":"2024-01-12T12:31:17+00:00","description":"Es habitual que quienes toman la iniciativa de crear un centro de idiomas sean los propios profesores de lenguas, con nuestro curso...","breadcrumb":{"@id":"https:\/\/fundacioncomillas.es\/en\/2020\/10\/19\/objetivos-curso-de-creacion-y-gestion-de-un-centro-de-idiomas\/#breadcrumb"},"inLanguage":"en-US","potentialAction":[{"@type":"ReadAction","target":["https:\/\/fundacioncomillas.es\/en\/2020\/10\/19\/objetivos-curso-de-creacion-y-gestion-de-un-centro-de-idiomas\/"]}]},{"@type":"ImageObject","inLanguage":"en-US","@id":"https:\/\/fundacioncomillas.es\/en\/2020\/10\/19\/objetivos-curso-de-creacion-y-gestion-de-un-centro-de-idiomas\/#primaryimage","url":"https:\/\/fundacioncomillas.es\/wp-content\/uploads\/2023\/04\/curso-de-creacion-y-gestion-de-idiomas.png","contentUrl":"https:\/\/fundacioncomillas.es\/wp-content\/uploads\/2023\/04\/curso-de-creacion-y-gestion-de-idiomas.png","width":599,"height":400,"caption":"curso de creaci\u00f3n y gesti\u00f3n de idiomas"},{"@type":"BreadcrumbList","@id":"https:\/\/fundacioncomillas.es\/en\/2020\/10\/19\/objetivos-curso-de-creacion-y-gestion-de-un-centro-de-idiomas\/#breadcrumb","itemListElement":[{"@type":"ListItem","position":1,"name":"Portada","item":"https:\/\/fundacioncomillas.es\/en\/"},{"@type":"ListItem","position":2,"name":"\u00bfCu\u00e1les son los objetivos del curso de Creaci\u00f3n y gesti\u00f3n de un centro de idiomas?"}]},{"@type":"WebSite","@id":"https:\/\/fundacioncomillas.es\/en\/#website","url":"https:\/\/fundacioncomillas.es\/en\/","name":"Fundaci\u00f3n Comillas","description":"La Fundaci\u00f3n Comillas del Espa\u00f1ol y la Cultura Hisp\u00e1nica","publisher":{"@id":"https:\/\/fundacioncomillas.es\/en\/#organization"},"potentialAction":[{"@type":"SearchAction","target":{"@type":"EntryPoint","urlTemplate":"https:\/\/fundacioncomillas.es\/en\/?s={search_term_string}"},"query-input":{"@type":"PropertyValueSpecification","valueRequired":true,"valueName":"search_term_string"}}],"inLanguage":"en-US"},{"@type":"Organization","@id":"https:\/\/fundacioncomillas.es\/en\/#organization","name":"Fundaci\u00f3n Comillas","alternateName":"Fundaci\u00f3n Comillas - CIESE","url":"https:\/\/fundacioncomillas.es\/en\/","logo":{"@type":"ImageObject","inLanguage":"en-US","@id":"https:\/\/fundacioncomillas.es\/en\/#\/schema\/logo\/image\/","url":"https:\/\/fundacioncomillas.es\/wp-content\/uploads\/2023\/04\/logo-fundacion-comillas-.png","contentUrl":"https:\/\/fundacioncomillas.es\/wp-content\/uploads\/2023\/04\/logo-fundacion-comillas-.png","width":548,"height":536,"caption":"Fundaci\u00f3n Comillas"},"image":{"@id":"https:\/\/fundacioncomillas.es\/en\/#\/schema\/logo\/image\/"},"sameAs":["https:\/\/www.facebook.com\/ciese.comillas","https:\/\/x.com\/CIESEComillas","https:\/\/www.instagram.com\/uniciesecomillas\/","https:\/\/www.linkedin.com\/company\/fundacion-comillas\/","https:\/\/www.youtube.com\/user\/fundacioncomillas","https:\/\/twitter.com\/FundComillas","https:\/\/www.linkedin.com\/company\/1533960\/admin\/"]},{"@type":"Person","@id":"https:\/\/fundacioncomillas.es\/en\/#\/schema\/person\/3cdde58ad1a78de54c94309e39ec81cb","name":"fundacion","url":"https:\/\/fundacioncomillas.es\/en\/author\/fundacion\/"}]}},"_links":{"self":[{"href":"https:\/\/fundacioncomillas.es\/en\/wp-json\/wp\/v2\/posts\/8009","targetHints":{"allow":["GET"]}}],"collection":[{"href":"https:\/\/fundacioncomillas.es\/en\/wp-json\/wp\/v2\/posts"}],"about":[{"href":"https:\/\/fundacioncomillas.es\/en\/wp-json\/wp\/v2\/types\/post"}],"author":[{"embeddable":true,"href":"https:\/\/fundacioncomillas.es\/en\/wp-json\/wp\/v2\/users\/3"}],"replies":[{"embeddable":true,"href":"https:\/\/fundacioncomillas.es\/en\/wp-json\/wp\/v2\/comments?post=8009"}],"version-history":[{"count":3,"href":"https:\/\/fundacioncomillas.es\/en\/wp-json\/wp\/v2\/posts\/8009\/revisions"}],"predecessor-version":[{"id":10589,"href":"https:\/\/fundacioncomillas.es\/en\/wp-json\/wp\/v2\/posts\/8009\/revisions\/10589"}],"wp:featuredmedia":[{"embeddable":true,"href":"https:\/\/fundacioncomillas.es\/en\/wp-json\/wp\/v2\/media\/8010"}],"wp:attachment":[{"href":"https:\/\/fundacioncomillas.es\/en\/wp-json\/wp\/v2\/media?parent=8009"}],"wp:term":[{"taxonomy":"category","embeddable":true,"href":"https:\/\/fundacioncomillas.es\/en\/wp-json\/wp\/v2\/categories?post=8009"},{"taxonomy":"post_tag","embeddable":true,"href":"https:\/\/fundacioncomillas.es\/en\/wp-json\/wp\/v2\/tags?post=8009"}],"curies":[{"name":"wp","href":"https:\/\/api.w.org\/{rel}","templated":true}]}}