{"id":4501,"date":"2022-01-07T13:32:03","date_gmt":"2022-01-07T12:32:03","guid":{"rendered":"https:\/\/fundacioncomillas.es\/?p=4501"},"modified":"2023-04-14T14:28:52","modified_gmt":"2023-04-14T12:28:52","slug":"todo-lo-que-necesitas-saber-sobre-el-curso-de-especialista-universitario-en-ensenanza-de-espanol-para-ninos-y-adolescentes","status":"publish","type":"post","link":"https:\/\/fundacioncomillas.es\/en\/2022\/01\/07\/todo-lo-que-necesitas-saber-sobre-el-curso-de-especialista-universitario-en-ensenanza-de-espanol-para-ninos-y-adolescentes\/","title":{"rendered":"Todo lo que necesitas saber sobre el curso de Especialista universitario en ense\u00f1anza de espa\u00f1ol para ni\u00f1os y adolescentes"},"content":{"rendered":"<p style=\"text-align: justify;\">\u00bfTe gustar\u00eda orientarte hacia la docencia de ni\u00f1os y adolescentes? Descubre por qu\u00e9 deber\u00edas estudiar el curso de Especialista universitario en ense\u00f1anza de espa\u00f1ol para ni\u00f1os y adolescentes en el <a href=\"https:\/\/fundacioncomillas.es\/el-centro\/\">Centro Universitario CIESE-Fundaci\u00f3n Comillas.<\/a><\/p>\n<p style=\"text-align: justify;\">El curso de Especialista universitario en ense\u00f1anza de espa\u00f1ol para ni\u00f1os y adolescentes se trata de un\u00a0<strong>curso formativo<\/strong>\u00a0cuya finalidad es alcanzar un\u00a0<strong>nivel concreto de especialidad\u00a0<\/strong>en relaci\u00f3n a los\u00a0<strong>aspectos cognitivos y afectivos<\/strong>\u00a0que influyen en la\u00a0<strong>variable de la edad\u00a0<\/strong>del alumnado en los procesos de aprendizaje. Desde el Centro Universitario CIESE-Fundaci\u00f3n Comillas queremos destacar dos aspectos fundamentales de este t\u00edtulo: <strong>la especificidad y la usabilidad<\/strong>.<\/p>\n<p style=\"text-align: justify;\">Desde el pasado 8 de noviembre qued\u00f3 abierto el\u00a0<strong>plazo de inscripci\u00f3n\u00a0<\/strong>para la realizaci\u00f3n de este curso y permanecer\u00e1 abierto hasta el d\u00eda 23 de enero. En la siguiente fase de la solicitud, se deber\u00e1 realizar la matr\u00edcula en los d\u00edas comprendidos entre el 17 y el 23 de enero. La duraci\u00f3n de este t\u00edtulo, cuya modalidad es en l\u00ednea, es de un mes (del 24 de enero al 25 de febrero de 2022) en el que se podr\u00e1n alcanzar un total de 5 cr\u00e9ditos ECTS.<\/p>\n<h3 style=\"text-align: justify;\"><span style=\"color: #cb333b;\">QU\u00c9 ES LO QUE APRENDER\u00c1S<\/span><\/h3>\n<hr \/>\n<p style=\"text-align: justify;\">Desde el Centro Universitario CIESE-Fundaci\u00f3n Comillas queremos ofrecer una <strong>formaci\u00f3n de excelencia\u00a0<\/strong>en todos los <a href=\"https:\/\/universidad.fundacioncomillas.es\/\">estudios universitarios que ofrecemos<\/a>. En cuanto al curso de Especialista universitario en ense\u00f1anza de espa\u00f1ol para ni\u00f1os y adolescentes, est\u00e1 orientado a alcanzar un nivel de especificidad en lo relacionado con los aspectos cognitivos y afectivos influidos por la edad del alumno en el proceso de aprendizaje de una segunda lengua intentando facilitar las\u00a0<strong>intervenciones educativas<\/strong>\u00a0m\u00e1s afectivas y efectivas.<\/p>\n<p style=\"text-align: justify;\">Dentro de los principales\u00a0<strong>objetivos<\/strong>\u00a0que se persiguen est\u00e1n: considerar la naturaleza de los procesos de adquisici\u00f3n en L1 y L2 seg\u00fan las diferentes edades y obtener rendimiento en el dise\u00f1o instructivo, reconocer los puntos clave de los diferentes modelos metodol\u00f3gicos para su adecuada evaluaci\u00f3n en la planificaci\u00f3n de intervenciones educativas, analizar materiales, seleccionarlos y dise\u00f1ar material propio seg\u00fan las competencias haciendo uso de recursos digitales y anal\u00f3gicos, desarrollar estrategias que ayuden a fomentan la creatividad en el proceso ense\u00f1anza-aprendizaje, identificar los factores afectivos individuales\u2026<\/p>\n<p style=\"text-align: justify;\">Este curso se divide en dos grandes<strong>\u00a0bloques\u00a0<\/strong>en los que se diferenciar\u00e1n las siguientes materias:<\/p>\n<p style=\"text-align: justify;\">La ense\u00f1anza de espa\u00f1ol a ni\u00f1os: modelos de ense\u00f1anza, estrategias de aula y recursos.<br \/>\nLa ense\u00f1anza de espa\u00f1ol a adolescentes: modelos de ense\u00f1anza, estrategias de aula y recursos.<\/p>\n<p style=\"text-align: justify;\">Si deseas especializarte en la ense\u00f1anza del espa\u00f1ol como lengua extranjera y ahondar en el aprendizaje de los alumnos seg\u00fan su edad, este es tu curso. Gracias a este t\u00edtulo aprender\u00e1s a reconocer los puntos clave de los diferentes modelos metodol\u00f3gicos para su implementaci\u00f3n en el aula.<\/p>\n<p style=\"text-align: justify;\">Para obtener m\u00e1s informaci\u00f3n acerca de este curso visita nuestra p\u00e1gina web y accede al apartado \u201cEstudios de posgrado a distancia\u201d. Tambi\u00e9n puedes contactar con nosotros en el tel\u00e9fono 942 715 500 o a trav\u00e9s del correo electr\u00f3nico <a href=\"mailto:cursos@fundacioncomillas.es\">cursos@fundacioncomillas.es<\/a>.<\/p>\n","protected":false},"excerpt":{"rendered":"<p>Descubre por qu\u00e9 deber\u00edas estudiar el curso de Especialista universitario en ense\u00f1anza de espa\u00f1ol para ni\u00f1os y adolescentes en el <a href=\"https:\/\/fundacioncomillas.es\/el-centro\/\">Centro Universitario CIESE-Fundaci\u00f3n Comillas.<\/a><\/p>\n","protected":false},"author":3,"featured_media":4504,"comment_status":"closed","ping_status":"closed","sticky":false,"template":"","format":"standard","meta":{"_acf_changed":false,"om_disable_all_campaigns":false,"_monsterinsights_skip_tracking":false,"_monsterinsights_sitenote_active":false,"_monsterinsights_sitenote_note":"","_monsterinsights_sitenote_category":0,"_uf_show_specific_survey":0,"_uf_disable_surveys":false,"footnotes":"","_links_to":"","_links_to_target":""},"categories":[42],"tags":[153,152,112],"class_list":["post-4501","post","type-post","status-publish","format-standard","has-post-thumbnail","hentry","category-academicas","tag-especialista","tag-informacion","tag-universitario"],"acf":[],"yoast_head":"<!-- This site is optimized with the Yoast SEO plugin v27.4 - https:\/\/yoast.com\/product\/yoast-seo-wordpress\/ -->\n<title>Especialista universitario en ense\u00f1anza de espa\u00f1ol para ni\u00f1os y adolescentes<\/title>\n<meta name=\"description\" content=\"Razones para estudiar el curso de Especialista universitario en ense\u00f1anza de espa\u00f1ol para ni\u00f1os y adolescentes...\" \/>\n<meta name=\"robots\" content=\"index, follow, max-snippet:-1, max-image-preview:large, max-video-preview:-1\" \/>\n<link rel=\"canonical\" href=\"https:\/\/fundacioncomillas.es\/en\/2022\/01\/07\/todo-lo-que-necesitas-saber-sobre-el-curso-de-especialista-universitario-en-ensenanza-de-espanol-para-ninos-y-adolescentes\/\" \/>\n<meta property=\"og:locale\" content=\"en_US\" \/>\n<meta property=\"og:type\" content=\"article\" \/>\n<meta property=\"og:title\" content=\"Especialista universitario en ense\u00f1anza de espa\u00f1ol para ni\u00f1os y adolescentes\" \/>\n<meta property=\"og:description\" content=\"Razones para estudiar el curso de Especialista universitario en ense\u00f1anza de espa\u00f1ol para ni\u00f1os y adolescentes...\" \/>\n<meta property=\"og:url\" content=\"https:\/\/fundacioncomillas.es\/en\/2022\/01\/07\/todo-lo-que-necesitas-saber-sobre-el-curso-de-especialista-universitario-en-ensenanza-de-espanol-para-ninos-y-adolescentes\/\" \/>\n<meta property=\"og:site_name\" content=\"Fundaci\u00f3n Comillas\" \/>\n<meta property=\"article:publisher\" content=\"https:\/\/www.facebook.com\/ciese.comillas\" \/>\n<meta property=\"article:published_time\" content=\"2022-01-07T12:32:03+00:00\" \/>\n<meta property=\"article:modified_time\" content=\"2023-04-14T12:28:52+00:00\" \/>\n<meta property=\"og:image\" content=\"https:\/\/fundacioncomillas.es\/wp-content\/uploads\/2022\/01\/especialista-en-ensenanza.jpg\" \/>\n\t<meta property=\"og:image:width\" content=\"612\" \/>\n\t<meta property=\"og:image:height\" content=\"408\" \/>\n\t<meta property=\"og:image:type\" content=\"image\/jpeg\" \/>\n<meta name=\"author\" content=\"fundacion\" \/>\n<meta name=\"twitter:card\" content=\"summary_large_image\" \/>\n<meta name=\"twitter:creator\" content=\"@CIESEComillas\" \/>\n<meta name=\"twitter:site\" content=\"@CIESEComillas\" \/>\n<meta name=\"twitter:label1\" content=\"Written by\" \/>\n\t<meta name=\"twitter:data1\" content=\"fundacion\" \/>\n\t<meta name=\"twitter:label2\" content=\"Est. reading time\" \/>\n\t<meta name=\"twitter:data2\" content=\"3 minutes\" \/>\n<script type=\"application\/ld+json\" class=\"yoast-schema-graph\">{\"@context\":\"https:\\\/\\\/schema.org\",\"@graph\":[{\"@type\":\"Article\",\"@id\":\"https:\\\/\\\/fundacioncomillas.es\\\/en\\\/2022\\\/01\\\/07\\\/todo-lo-que-necesitas-saber-sobre-el-curso-de-especialista-universitario-en-ensenanza-de-espanol-para-ninos-y-adolescentes\\\/#article\",\"isPartOf\":{\"@id\":\"https:\\\/\\\/fundacioncomillas.es\\\/en\\\/2022\\\/01\\\/07\\\/todo-lo-que-necesitas-saber-sobre-el-curso-de-especialista-universitario-en-ensenanza-de-espanol-para-ninos-y-adolescentes\\\/\"},\"author\":{\"name\":\"fundacion\",\"@id\":\"https:\\\/\\\/fundacioncomillas.es\\\/en\\\/#\\\/schema\\\/person\\\/3cdde58ad1a78de54c94309e39ec81cb\"},\"headline\":\"Todo lo que necesitas saber sobre el curso de Especialista universitario en ense\u00f1anza de espa\u00f1ol para ni\u00f1os y adolescentes\",\"datePublished\":\"2022-01-07T12:32:03+00:00\",\"dateModified\":\"2023-04-14T12:28:52+00:00\",\"mainEntityOfPage\":{\"@id\":\"https:\\\/\\\/fundacioncomillas.es\\\/en\\\/2022\\\/01\\\/07\\\/todo-lo-que-necesitas-saber-sobre-el-curso-de-especialista-universitario-en-ensenanza-de-espanol-para-ninos-y-adolescentes\\\/\"},\"wordCount\":562,\"publisher\":{\"@id\":\"https:\\\/\\\/fundacioncomillas.es\\\/en\\\/#organization\"},\"image\":{\"@id\":\"https:\\\/\\\/fundacioncomillas.es\\\/en\\\/2022\\\/01\\\/07\\\/todo-lo-que-necesitas-saber-sobre-el-curso-de-especialista-universitario-en-ensenanza-de-espanol-para-ninos-y-adolescentes\\\/#primaryimage\"},\"thumbnailUrl\":\"https:\\\/\\\/fundacioncomillas.es\\\/wp-content\\\/uploads\\\/2022\\\/01\\\/especialista-en-ensenanza.jpg\",\"keywords\":[\"especialista\",\"informaci\u00f3n\",\"universitario\"],\"articleSection\":[\"ACAD\u00c9MICAS\"],\"inLanguage\":\"en-US\"},{\"@type\":\"WebPage\",\"@id\":\"https:\\\/\\\/fundacioncomillas.es\\\/en\\\/2022\\\/01\\\/07\\\/todo-lo-que-necesitas-saber-sobre-el-curso-de-especialista-universitario-en-ensenanza-de-espanol-para-ninos-y-adolescentes\\\/\",\"url\":\"https:\\\/\\\/fundacioncomillas.es\\\/en\\\/2022\\\/01\\\/07\\\/todo-lo-que-necesitas-saber-sobre-el-curso-de-especialista-universitario-en-ensenanza-de-espanol-para-ninos-y-adolescentes\\\/\",\"name\":\"Especialista universitario en ense\u00f1anza de espa\u00f1ol para ni\u00f1os y adolescentes\",\"isPartOf\":{\"@id\":\"https:\\\/\\\/fundacioncomillas.es\\\/en\\\/#website\"},\"primaryImageOfPage\":{\"@id\":\"https:\\\/\\\/fundacioncomillas.es\\\/en\\\/2022\\\/01\\\/07\\\/todo-lo-que-necesitas-saber-sobre-el-curso-de-especialista-universitario-en-ensenanza-de-espanol-para-ninos-y-adolescentes\\\/#primaryimage\"},\"image\":{\"@id\":\"https:\\\/\\\/fundacioncomillas.es\\\/en\\\/2022\\\/01\\\/07\\\/todo-lo-que-necesitas-saber-sobre-el-curso-de-especialista-universitario-en-ensenanza-de-espanol-para-ninos-y-adolescentes\\\/#primaryimage\"},\"thumbnailUrl\":\"https:\\\/\\\/fundacioncomillas.es\\\/wp-content\\\/uploads\\\/2022\\\/01\\\/especialista-en-ensenanza.jpg\",\"datePublished\":\"2022-01-07T12:32:03+00:00\",\"dateModified\":\"2023-04-14T12:28:52+00:00\",\"description\":\"Razones para estudiar el curso de Especialista universitario en ense\u00f1anza de espa\u00f1ol para ni\u00f1os y adolescentes...\",\"breadcrumb\":{\"@id\":\"https:\\\/\\\/fundacioncomillas.es\\\/en\\\/2022\\\/01\\\/07\\\/todo-lo-que-necesitas-saber-sobre-el-curso-de-especialista-universitario-en-ensenanza-de-espanol-para-ninos-y-adolescentes\\\/#breadcrumb\"},\"inLanguage\":\"en-US\",\"potentialAction\":[{\"@type\":\"ReadAction\",\"target\":[\"https:\\\/\\\/fundacioncomillas.es\\\/en\\\/2022\\\/01\\\/07\\\/todo-lo-que-necesitas-saber-sobre-el-curso-de-especialista-universitario-en-ensenanza-de-espanol-para-ninos-y-adolescentes\\\/\"]}]},{\"@type\":\"ImageObject\",\"inLanguage\":\"en-US\",\"@id\":\"https:\\\/\\\/fundacioncomillas.es\\\/en\\\/2022\\\/01\\\/07\\\/todo-lo-que-necesitas-saber-sobre-el-curso-de-especialista-universitario-en-ensenanza-de-espanol-para-ninos-y-adolescentes\\\/#primaryimage\",\"url\":\"https:\\\/\\\/fundacioncomillas.es\\\/wp-content\\\/uploads\\\/2022\\\/01\\\/especialista-en-ensenanza.jpg\",\"contentUrl\":\"https:\\\/\\\/fundacioncomillas.es\\\/wp-content\\\/uploads\\\/2022\\\/01\\\/especialista-en-ensenanza.jpg\",\"width\":612,\"height\":408},{\"@type\":\"BreadcrumbList\",\"@id\":\"https:\\\/\\\/fundacioncomillas.es\\\/en\\\/2022\\\/01\\\/07\\\/todo-lo-que-necesitas-saber-sobre-el-curso-de-especialista-universitario-en-ensenanza-de-espanol-para-ninos-y-adolescentes\\\/#breadcrumb\",\"itemListElement\":[{\"@type\":\"ListItem\",\"position\":1,\"name\":\"Portada\",\"item\":\"https:\\\/\\\/fundacioncomillas.es\\\/en\\\/\"},{\"@type\":\"ListItem\",\"position\":2,\"name\":\"Todo lo que necesitas saber sobre el curso de Especialista universitario en ense\u00f1anza de espa\u00f1ol para ni\u00f1os y adolescentes\"}]},{\"@type\":\"WebSite\",\"@id\":\"https:\\\/\\\/fundacioncomillas.es\\\/en\\\/#website\",\"url\":\"https:\\\/\\\/fundacioncomillas.es\\\/en\\\/\",\"name\":\"Fundaci\u00f3n Comillas\",\"description\":\"La Fundaci\u00f3n Comillas del Espa\u00f1ol y la Cultura Hisp\u00e1nica\",\"publisher\":{\"@id\":\"https:\\\/\\\/fundacioncomillas.es\\\/en\\\/#organization\"},\"potentialAction\":[{\"@type\":\"SearchAction\",\"target\":{\"@type\":\"EntryPoint\",\"urlTemplate\":\"https:\\\/\\\/fundacioncomillas.es\\\/en\\\/?s={search_term_string}\"},\"query-input\":{\"@type\":\"PropertyValueSpecification\",\"valueRequired\":true,\"valueName\":\"search_term_string\"}}],\"inLanguage\":\"en-US\"},{\"@type\":\"Organization\",\"@id\":\"https:\\\/\\\/fundacioncomillas.es\\\/en\\\/#organization\",\"name\":\"Fundaci\u00f3n Comillas\",\"alternateName\":\"Fundaci\u00f3n Comillas - CIESE\",\"url\":\"https:\\\/\\\/fundacioncomillas.es\\\/en\\\/\",\"logo\":{\"@type\":\"ImageObject\",\"inLanguage\":\"en-US\",\"@id\":\"https:\\\/\\\/fundacioncomillas.es\\\/en\\\/#\\\/schema\\\/logo\\\/image\\\/\",\"url\":\"https:\\\/\\\/fundacioncomillas.es\\\/wp-content\\\/uploads\\\/2023\\\/04\\\/logo-fundacion-comillas-.png\",\"contentUrl\":\"https:\\\/\\\/fundacioncomillas.es\\\/wp-content\\\/uploads\\\/2023\\\/04\\\/logo-fundacion-comillas-.png\",\"width\":548,\"height\":536,\"caption\":\"Fundaci\u00f3n Comillas\"},\"image\":{\"@id\":\"https:\\\/\\\/fundacioncomillas.es\\\/en\\\/#\\\/schema\\\/logo\\\/image\\\/\"},\"sameAs\":[\"https:\\\/\\\/www.facebook.com\\\/ciese.comillas\",\"https:\\\/\\\/x.com\\\/CIESEComillas\",\"https:\\\/\\\/www.instagram.com\\\/uniciesecomillas\\\/\",\"https:\\\/\\\/www.linkedin.com\\\/company\\\/fundacion-comillas\\\/\",\"https:\\\/\\\/www.youtube.com\\\/user\\\/fundacioncomillas\",\"https:\\\/\\\/twitter.com\\\/FundComillas\",\"https:\\\/\\\/www.linkedin.com\\\/company\\\/1533960\\\/admin\\\/\"]},{\"@type\":\"Person\",\"@id\":\"https:\\\/\\\/fundacioncomillas.es\\\/en\\\/#\\\/schema\\\/person\\\/3cdde58ad1a78de54c94309e39ec81cb\",\"name\":\"fundacion\",\"url\":\"https:\\\/\\\/fundacioncomillas.es\\\/en\\\/author\\\/fundacion\\\/\"}]}<\/script>\n<!-- \/ Yoast SEO plugin. -->","yoast_head_json":{"title":"Especialista universitario en ense\u00f1anza de espa\u00f1ol para ni\u00f1os y adolescentes","description":"Razones para estudiar el curso de Especialista universitario en ense\u00f1anza de espa\u00f1ol para ni\u00f1os y adolescentes...","robots":{"index":"index","follow":"follow","max-snippet":"max-snippet:-1","max-image-preview":"max-image-preview:large","max-video-preview":"max-video-preview:-1"},"canonical":"https:\/\/fundacioncomillas.es\/en\/2022\/01\/07\/todo-lo-que-necesitas-saber-sobre-el-curso-de-especialista-universitario-en-ensenanza-de-espanol-para-ninos-y-adolescentes\/","og_locale":"en_US","og_type":"article","og_title":"Especialista universitario en ense\u00f1anza de espa\u00f1ol para ni\u00f1os y adolescentes","og_description":"Razones para estudiar el curso de Especialista universitario en ense\u00f1anza de espa\u00f1ol para ni\u00f1os y adolescentes...","og_url":"https:\/\/fundacioncomillas.es\/en\/2022\/01\/07\/todo-lo-que-necesitas-saber-sobre-el-curso-de-especialista-universitario-en-ensenanza-de-espanol-para-ninos-y-adolescentes\/","og_site_name":"Fundaci\u00f3n Comillas","article_publisher":"https:\/\/www.facebook.com\/ciese.comillas","article_published_time":"2022-01-07T12:32:03+00:00","article_modified_time":"2023-04-14T12:28:52+00:00","og_image":[{"width":612,"height":408,"url":"https:\/\/fundacioncomillas.es\/wp-content\/uploads\/2022\/01\/especialista-en-ensenanza.jpg","type":"image\/jpeg"}],"author":"fundacion","twitter_card":"summary_large_image","twitter_creator":"@CIESEComillas","twitter_site":"@CIESEComillas","twitter_misc":{"Written by":"fundacion","Est. reading time":"3 minutes"},"schema":{"@context":"https:\/\/schema.org","@graph":[{"@type":"Article","@id":"https:\/\/fundacioncomillas.es\/en\/2022\/01\/07\/todo-lo-que-necesitas-saber-sobre-el-curso-de-especialista-universitario-en-ensenanza-de-espanol-para-ninos-y-adolescentes\/#article","isPartOf":{"@id":"https:\/\/fundacioncomillas.es\/en\/2022\/01\/07\/todo-lo-que-necesitas-saber-sobre-el-curso-de-especialista-universitario-en-ensenanza-de-espanol-para-ninos-y-adolescentes\/"},"author":{"name":"fundacion","@id":"https:\/\/fundacioncomillas.es\/en\/#\/schema\/person\/3cdde58ad1a78de54c94309e39ec81cb"},"headline":"Todo lo que necesitas saber sobre el curso de Especialista universitario en ense\u00f1anza de espa\u00f1ol para ni\u00f1os y adolescentes","datePublished":"2022-01-07T12:32:03+00:00","dateModified":"2023-04-14T12:28:52+00:00","mainEntityOfPage":{"@id":"https:\/\/fundacioncomillas.es\/en\/2022\/01\/07\/todo-lo-que-necesitas-saber-sobre-el-curso-de-especialista-universitario-en-ensenanza-de-espanol-para-ninos-y-adolescentes\/"},"wordCount":562,"publisher":{"@id":"https:\/\/fundacioncomillas.es\/en\/#organization"},"image":{"@id":"https:\/\/fundacioncomillas.es\/en\/2022\/01\/07\/todo-lo-que-necesitas-saber-sobre-el-curso-de-especialista-universitario-en-ensenanza-de-espanol-para-ninos-y-adolescentes\/#primaryimage"},"thumbnailUrl":"https:\/\/fundacioncomillas.es\/wp-content\/uploads\/2022\/01\/especialista-en-ensenanza.jpg","keywords":["especialista","informaci\u00f3n","universitario"],"articleSection":["ACAD\u00c9MICAS"],"inLanguage":"en-US"},{"@type":"WebPage","@id":"https:\/\/fundacioncomillas.es\/en\/2022\/01\/07\/todo-lo-que-necesitas-saber-sobre-el-curso-de-especialista-universitario-en-ensenanza-de-espanol-para-ninos-y-adolescentes\/","url":"https:\/\/fundacioncomillas.es\/en\/2022\/01\/07\/todo-lo-que-necesitas-saber-sobre-el-curso-de-especialista-universitario-en-ensenanza-de-espanol-para-ninos-y-adolescentes\/","name":"Especialista universitario en ense\u00f1anza de espa\u00f1ol para ni\u00f1os y adolescentes","isPartOf":{"@id":"https:\/\/fundacioncomillas.es\/en\/#website"},"primaryImageOfPage":{"@id":"https:\/\/fundacioncomillas.es\/en\/2022\/01\/07\/todo-lo-que-necesitas-saber-sobre-el-curso-de-especialista-universitario-en-ensenanza-de-espanol-para-ninos-y-adolescentes\/#primaryimage"},"image":{"@id":"https:\/\/fundacioncomillas.es\/en\/2022\/01\/07\/todo-lo-que-necesitas-saber-sobre-el-curso-de-especialista-universitario-en-ensenanza-de-espanol-para-ninos-y-adolescentes\/#primaryimage"},"thumbnailUrl":"https:\/\/fundacioncomillas.es\/wp-content\/uploads\/2022\/01\/especialista-en-ensenanza.jpg","datePublished":"2022-01-07T12:32:03+00:00","dateModified":"2023-04-14T12:28:52+00:00","description":"Razones para estudiar el curso de Especialista universitario en ense\u00f1anza de espa\u00f1ol para ni\u00f1os y adolescentes...","breadcrumb":{"@id":"https:\/\/fundacioncomillas.es\/en\/2022\/01\/07\/todo-lo-que-necesitas-saber-sobre-el-curso-de-especialista-universitario-en-ensenanza-de-espanol-para-ninos-y-adolescentes\/#breadcrumb"},"inLanguage":"en-US","potentialAction":[{"@type":"ReadAction","target":["https:\/\/fundacioncomillas.es\/en\/2022\/01\/07\/todo-lo-que-necesitas-saber-sobre-el-curso-de-especialista-universitario-en-ensenanza-de-espanol-para-ninos-y-adolescentes\/"]}]},{"@type":"ImageObject","inLanguage":"en-US","@id":"https:\/\/fundacioncomillas.es\/en\/2022\/01\/07\/todo-lo-que-necesitas-saber-sobre-el-curso-de-especialista-universitario-en-ensenanza-de-espanol-para-ninos-y-adolescentes\/#primaryimage","url":"https:\/\/fundacioncomillas.es\/wp-content\/uploads\/2022\/01\/especialista-en-ensenanza.jpg","contentUrl":"https:\/\/fundacioncomillas.es\/wp-content\/uploads\/2022\/01\/especialista-en-ensenanza.jpg","width":612,"height":408},{"@type":"BreadcrumbList","@id":"https:\/\/fundacioncomillas.es\/en\/2022\/01\/07\/todo-lo-que-necesitas-saber-sobre-el-curso-de-especialista-universitario-en-ensenanza-de-espanol-para-ninos-y-adolescentes\/#breadcrumb","itemListElement":[{"@type":"ListItem","position":1,"name":"Portada","item":"https:\/\/fundacioncomillas.es\/en\/"},{"@type":"ListItem","position":2,"name":"Todo lo que necesitas saber sobre el curso de Especialista universitario en ense\u00f1anza de espa\u00f1ol para ni\u00f1os y adolescentes"}]},{"@type":"WebSite","@id":"https:\/\/fundacioncomillas.es\/en\/#website","url":"https:\/\/fundacioncomillas.es\/en\/","name":"Fundaci\u00f3n Comillas","description":"La Fundaci\u00f3n Comillas del Espa\u00f1ol y la Cultura Hisp\u00e1nica","publisher":{"@id":"https:\/\/fundacioncomillas.es\/en\/#organization"},"potentialAction":[{"@type":"SearchAction","target":{"@type":"EntryPoint","urlTemplate":"https:\/\/fundacioncomillas.es\/en\/?s={search_term_string}"},"query-input":{"@type":"PropertyValueSpecification","valueRequired":true,"valueName":"search_term_string"}}],"inLanguage":"en-US"},{"@type":"Organization","@id":"https:\/\/fundacioncomillas.es\/en\/#organization","name":"Fundaci\u00f3n Comillas","alternateName":"Fundaci\u00f3n Comillas - CIESE","url":"https:\/\/fundacioncomillas.es\/en\/","logo":{"@type":"ImageObject","inLanguage":"en-US","@id":"https:\/\/fundacioncomillas.es\/en\/#\/schema\/logo\/image\/","url":"https:\/\/fundacioncomillas.es\/wp-content\/uploads\/2023\/04\/logo-fundacion-comillas-.png","contentUrl":"https:\/\/fundacioncomillas.es\/wp-content\/uploads\/2023\/04\/logo-fundacion-comillas-.png","width":548,"height":536,"caption":"Fundaci\u00f3n Comillas"},"image":{"@id":"https:\/\/fundacioncomillas.es\/en\/#\/schema\/logo\/image\/"},"sameAs":["https:\/\/www.facebook.com\/ciese.comillas","https:\/\/x.com\/CIESEComillas","https:\/\/www.instagram.com\/uniciesecomillas\/","https:\/\/www.linkedin.com\/company\/fundacion-comillas\/","https:\/\/www.youtube.com\/user\/fundacioncomillas","https:\/\/twitter.com\/FundComillas","https:\/\/www.linkedin.com\/company\/1533960\/admin\/"]},{"@type":"Person","@id":"https:\/\/fundacioncomillas.es\/en\/#\/schema\/person\/3cdde58ad1a78de54c94309e39ec81cb","name":"fundacion","url":"https:\/\/fundacioncomillas.es\/en\/author\/fundacion\/"}]}},"_links":{"self":[{"href":"https:\/\/fundacioncomillas.es\/en\/wp-json\/wp\/v2\/posts\/4501","targetHints":{"allow":["GET"]}}],"collection":[{"href":"https:\/\/fundacioncomillas.es\/en\/wp-json\/wp\/v2\/posts"}],"about":[{"href":"https:\/\/fundacioncomillas.es\/en\/wp-json\/wp\/v2\/types\/post"}],"author":[{"embeddable":true,"href":"https:\/\/fundacioncomillas.es\/en\/wp-json\/wp\/v2\/users\/3"}],"replies":[{"embeddable":true,"href":"https:\/\/fundacioncomillas.es\/en\/wp-json\/wp\/v2\/comments?post=4501"}],"version-history":[{"count":4,"href":"https:\/\/fundacioncomillas.es\/en\/wp-json\/wp\/v2\/posts\/4501\/revisions"}],"predecessor-version":[{"id":7735,"href":"https:\/\/fundacioncomillas.es\/en\/wp-json\/wp\/v2\/posts\/4501\/revisions\/7735"}],"wp:featuredmedia":[{"embeddable":true,"href":"https:\/\/fundacioncomillas.es\/en\/wp-json\/wp\/v2\/media\/4504"}],"wp:attachment":[{"href":"https:\/\/fundacioncomillas.es\/en\/wp-json\/wp\/v2\/media?parent=4501"}],"wp:term":[{"taxonomy":"category","embeddable":true,"href":"https:\/\/fundacioncomillas.es\/en\/wp-json\/wp\/v2\/categories?post=4501"},{"taxonomy":"post_tag","embeddable":true,"href":"https:\/\/fundacioncomillas.es\/en\/wp-json\/wp\/v2\/tags?post=4501"}],"curies":[{"name":"wp","href":"https:\/\/api.w.org\/{rel}","templated":true}]}}