{"id":4326,"date":"2022-07-13T09:23:24","date_gmt":"2022-07-13T07:23:24","guid":{"rendered":"https:\/\/fundacioncomillas.es\/?p=4326"},"modified":"2023-11-13T13:18:15","modified_gmt":"2023-11-13T12:18:15","slug":"nuevo-master-universitario-en-industrias-culturales-digitales","status":"publish","type":"post","link":"https:\/\/fundacioncomillas.es\/en\/2022\/07\/13\/nuevo-master-universitario-en-industrias-culturales-digitales\/","title":{"rendered":"El CIESE-Fundaci\u00f3n Comillas oferta un nuevo m\u00e1ster universitario en Industrias Culturales Digitales"},"content":{"rendered":"<p class=\"subtitle\" style=\"text-align: justify;\">El m\u00e1ster universitario en Industrias Culturales Digitales presenta un innovador programa educativo, semipresencial y pionero en el panorama universitario espa\u00f1ol, y estar\u00e1 impartido por un elenco de expertos nacionales e internacionales en cada una de las \u00e1reas tem\u00e1ticas<\/p>\n<p style=\"text-align: justify;\">El Centro Internacional de Estudios Superiores del Espa\u00f1ol (CIESE)- Fundaci\u00f3n Comillas iniciar\u00e1 en el pr\u00f3ximo curso 2022-2023 un nuevo\u00a0<a href=\"https:\/\/www.fundacioncomillas.es\/centro-universitario\/estudios-universitarios\/master-industrias-culturales-digitales\/\">M\u00e1ster en Industrias Culturales Digitales.<\/a><\/p>\n<p style=\"text-align: justify;\">Esta nueva formaci\u00f3n de 60 cr\u00e9ditos ECTS se suma a la oferta universitaria del CIESE-Fundaci\u00f3n Comillas que tiene un Grado Oficial en Estudios Hisp\u00e1nicos, el M\u00e1ster en Ense\u00f1anza del Espa\u00f1ol como Lengua Extranjera, as\u00ed como el amplio programa de estudios de posgrado y cursos relacionados con el espa\u00f1ol general y su ense\u00f1anza.<\/p>\n<p>&nbsp;<\/p>\n<h3><span style=\"color: #cb333b;\">CRECIENTE DEMANDA DE PROFESIONALES<\/span><\/h3>\n<hr \/>\n<p style=\"text-align: justify;\">Este M\u00e1ster responde a la creciente demanda de profesionales que gestionen un sector tan directamente afectado por la digitalizaci\u00f3n como es el de la cultura y las industrias a \u00e9l vinculadas y que est\u00e1n siendo testigos de la acelerada transformaci\u00f3n que est\u00e1 experimentado la creaci\u00f3n, la gesti\u00f3n, la distribuci\u00f3n, el consumo y la percepci\u00f3n social de sus productos. \u00a0Cambios derivados del tr\u00e1nsito de la cultura y las industrias culturales desde un entorno b\u00e1sicamente anal\u00f3gico hacia otro plenamente digital.<\/p>\n<p style=\"text-align: justify;\">El objetivo es formar profesionales en la creaci\u00f3n, gesti\u00f3n y transformaci\u00f3n de industrias culturales en entornos digitales. Una vez finalizado el programa los estudiantes deber\u00e1n defender un trabajo de fin de m\u00e1ster, en el que pondr\u00e1n en pr\u00e1ctica los conocimientos adquiridos. Los alumnos de este M\u00e1ster en Industrias Culturales Digitales completar\u00e1n su formaci\u00f3n con la realizaci\u00f3n de pr\u00e1cticas profesionales en reconocidas empresas e instituciones del sector.<\/p>\n<p style=\"text-align: justify;\">Esta propuesta formativa que tiene un car\u00e1cter semipresencial y una duraci\u00f3n de 9 meses es uno de los t\u00edtulos propios que la Universidad de Cantabria ofrece en este nuevo curso acad\u00e9mico y la preinscripci\u00f3n deber\u00e1 realizarse hasta el 16 de septiembre. Adem\u00e1s, los alumnos podr\u00e1n optar al programa propio de Becas de la Fundaci\u00f3n Comillas.<\/p>\n<p>&nbsp;<\/p>\n<h3><span style=\"color: #cb333b;\"><strong>CIESE-FUNDACI\u00d3N COMILLAS<\/strong><\/span><\/h3>\n<hr \/>\n<p style=\"text-align: justify;\">El CIESE-Fundaci\u00f3n Comillas (Centro Internacional de Estudios Superiores del Espa\u00f1ol) es un centro universitario internacional gestionado por la Fundaci\u00f3n Comillas y adscrito a la Universidad de Cantabria. Las ense\u00f1anzas impartidas en este centro tienen como nexo de uni\u00f3n el espa\u00f1ol y la cultura hisp\u00e1nica, como es el Grado Oficial en Estudios Hisp\u00e1nicos, el M\u00e1ster Universitario en Ense\u00f1anza del Espa\u00f1ol como Lengua Extranjera, los programas de posgrado y sus cursos de especializaci\u00f3n en el Espa\u00f1ol general.<\/p>\n","protected":false},"excerpt":{"rendered":"<p>El m\u00e1ster universitario en Industrias Culturales Digitales presenta un innovador programa educativo, semipresencial y pionero en el panorama universitario espa\u00f1ol<\/p>\n","protected":false},"author":3,"featured_media":4327,"comment_status":"closed","ping_status":"closed","sticky":false,"template":"","format":"standard","meta":{"_acf_changed":false,"om_disable_all_campaigns":false,"_monsterinsights_skip_tracking":false,"_monsterinsights_sitenote_active":false,"_monsterinsights_sitenote_note":"","_monsterinsights_sitenote_category":0,"_uf_show_specific_survey":0,"_uf_disable_surveys":false,"footnotes":"","_links_to":"","_links_to_target":""},"categories":[42],"tags":[119,120,122,121],"class_list":["post-4326","post","type-post","status-publish","format-standard","has-post-thumbnail","hentry","category-academicas","tag-icd","tag-industrias-culturales-digitales","tag-master","tag-master-universitario"],"acf":[],"yoast_head":"<!-- This site is optimized with the Yoast SEO plugin v27.4 - https:\/\/yoast.com\/product\/yoast-seo-wordpress\/ -->\n<title>Nuevo m\u00e1ster en Industrias Culturales Digitales del CIESE<\/title>\n<meta name=\"description\" content=\"El m\u00e1ster universitario en Industrias Culturales Digitales presenta un innovador programa educativo, semipresencial y pionero en el...\" \/>\n<meta name=\"robots\" content=\"index, follow, max-snippet:-1, max-image-preview:large, max-video-preview:-1\" \/>\n<link rel=\"canonical\" href=\"https:\/\/fundacioncomillas.es\/en\/2022\/07\/13\/nuevo-master-universitario-en-industrias-culturales-digitales\/\" \/>\n<meta property=\"og:locale\" content=\"en_US\" \/>\n<meta property=\"og:type\" content=\"article\" \/>\n<meta property=\"og:title\" content=\"Nuevo m\u00e1ster en Industrias Culturales Digitales del CIESE\" \/>\n<meta property=\"og:description\" content=\"El m\u00e1ster universitario en Industrias Culturales Digitales presenta un innovador programa educativo, semipresencial y pionero en el...\" \/>\n<meta property=\"og:url\" content=\"https:\/\/fundacioncomillas.es\/en\/2022\/07\/13\/nuevo-master-universitario-en-industrias-culturales-digitales\/\" \/>\n<meta property=\"og:site_name\" content=\"Fundaci\u00f3n Comillas\" \/>\n<meta property=\"article:publisher\" content=\"https:\/\/www.facebook.com\/ciese.comillas\" \/>\n<meta property=\"article:published_time\" content=\"2022-07-13T07:23:24+00:00\" \/>\n<meta property=\"article:modified_time\" content=\"2023-11-13T12:18:15+00:00\" \/>\n<meta property=\"og:image\" content=\"https:\/\/fundacioncomillas.es\/wp-content\/uploads\/2023\/02\/icd.png\" \/>\n\t<meta property=\"og:image:width\" content=\"427\" \/>\n\t<meta property=\"og:image:height\" content=\"338\" \/>\n\t<meta property=\"og:image:type\" content=\"image\/png\" \/>\n<meta name=\"author\" content=\"fundacion\" \/>\n<meta name=\"twitter:card\" content=\"summary_large_image\" \/>\n<meta name=\"twitter:creator\" content=\"@CIESEComillas\" \/>\n<meta name=\"twitter:site\" content=\"@CIESEComillas\" \/>\n<meta name=\"twitter:label1\" content=\"Written by\" \/>\n\t<meta name=\"twitter:data1\" content=\"fundacion\" \/>\n\t<meta name=\"twitter:label2\" content=\"Est. reading time\" \/>\n\t<meta name=\"twitter:data2\" content=\"2 minutes\" \/>\n<script type=\"application\/ld+json\" class=\"yoast-schema-graph\">{\"@context\":\"https:\\\/\\\/schema.org\",\"@graph\":[{\"@type\":\"Article\",\"@id\":\"https:\\\/\\\/fundacioncomillas.es\\\/en\\\/2022\\\/07\\\/13\\\/nuevo-master-universitario-en-industrias-culturales-digitales\\\/#article\",\"isPartOf\":{\"@id\":\"https:\\\/\\\/fundacioncomillas.es\\\/en\\\/2022\\\/07\\\/13\\\/nuevo-master-universitario-en-industrias-culturales-digitales\\\/\"},\"author\":{\"name\":\"fundacion\",\"@id\":\"https:\\\/\\\/fundacioncomillas.es\\\/en\\\/#\\\/schema\\\/person\\\/3cdde58ad1a78de54c94309e39ec81cb\"},\"headline\":\"El CIESE-Fundaci\u00f3n Comillas oferta un nuevo m\u00e1ster universitario en Industrias Culturales Digitales\",\"datePublished\":\"2022-07-13T07:23:24+00:00\",\"dateModified\":\"2023-11-13T12:18:15+00:00\",\"mainEntityOfPage\":{\"@id\":\"https:\\\/\\\/fundacioncomillas.es\\\/en\\\/2022\\\/07\\\/13\\\/nuevo-master-universitario-en-industrias-culturales-digitales\\\/\"},\"wordCount\":469,\"publisher\":{\"@id\":\"https:\\\/\\\/fundacioncomillas.es\\\/en\\\/#organization\"},\"image\":{\"@id\":\"https:\\\/\\\/fundacioncomillas.es\\\/en\\\/2022\\\/07\\\/13\\\/nuevo-master-universitario-en-industrias-culturales-digitales\\\/#primaryimage\"},\"thumbnailUrl\":\"https:\\\/\\\/fundacioncomillas.es\\\/wp-content\\\/uploads\\\/2023\\\/02\\\/icd.png\",\"keywords\":[\"icd\",\"industrias culturales digitales\",\"m\u00e1ster\",\"m\u00e1ster universitario\"],\"articleSection\":[\"ACAD\u00c9MICAS\"],\"inLanguage\":\"en-US\"},{\"@type\":\"WebPage\",\"@id\":\"https:\\\/\\\/fundacioncomillas.es\\\/en\\\/2022\\\/07\\\/13\\\/nuevo-master-universitario-en-industrias-culturales-digitales\\\/\",\"url\":\"https:\\\/\\\/fundacioncomillas.es\\\/en\\\/2022\\\/07\\\/13\\\/nuevo-master-universitario-en-industrias-culturales-digitales\\\/\",\"name\":\"Nuevo m\u00e1ster en Industrias Culturales Digitales del CIESE\",\"isPartOf\":{\"@id\":\"https:\\\/\\\/fundacioncomillas.es\\\/en\\\/#website\"},\"primaryImageOfPage\":{\"@id\":\"https:\\\/\\\/fundacioncomillas.es\\\/en\\\/2022\\\/07\\\/13\\\/nuevo-master-universitario-en-industrias-culturales-digitales\\\/#primaryimage\"},\"image\":{\"@id\":\"https:\\\/\\\/fundacioncomillas.es\\\/en\\\/2022\\\/07\\\/13\\\/nuevo-master-universitario-en-industrias-culturales-digitales\\\/#primaryimage\"},\"thumbnailUrl\":\"https:\\\/\\\/fundacioncomillas.es\\\/wp-content\\\/uploads\\\/2023\\\/02\\\/icd.png\",\"datePublished\":\"2022-07-13T07:23:24+00:00\",\"dateModified\":\"2023-11-13T12:18:15+00:00\",\"description\":\"El m\u00e1ster universitario en Industrias Culturales Digitales presenta un innovador programa educativo, semipresencial y pionero en el...\",\"breadcrumb\":{\"@id\":\"https:\\\/\\\/fundacioncomillas.es\\\/en\\\/2022\\\/07\\\/13\\\/nuevo-master-universitario-en-industrias-culturales-digitales\\\/#breadcrumb\"},\"inLanguage\":\"en-US\",\"potentialAction\":[{\"@type\":\"ReadAction\",\"target\":[\"https:\\\/\\\/fundacioncomillas.es\\\/en\\\/2022\\\/07\\\/13\\\/nuevo-master-universitario-en-industrias-culturales-digitales\\\/\"]}]},{\"@type\":\"ImageObject\",\"inLanguage\":\"en-US\",\"@id\":\"https:\\\/\\\/fundacioncomillas.es\\\/en\\\/2022\\\/07\\\/13\\\/nuevo-master-universitario-en-industrias-culturales-digitales\\\/#primaryimage\",\"url\":\"https:\\\/\\\/fundacioncomillas.es\\\/wp-content\\\/uploads\\\/2023\\\/02\\\/icd.png\",\"contentUrl\":\"https:\\\/\\\/fundacioncomillas.es\\\/wp-content\\\/uploads\\\/2023\\\/02\\\/icd.png\",\"width\":427,\"height\":338,\"caption\":\"Industrias Culturales Digitales m\u00e1ster ciese\"},{\"@type\":\"BreadcrumbList\",\"@id\":\"https:\\\/\\\/fundacioncomillas.es\\\/en\\\/2022\\\/07\\\/13\\\/nuevo-master-universitario-en-industrias-culturales-digitales\\\/#breadcrumb\",\"itemListElement\":[{\"@type\":\"ListItem\",\"position\":1,\"name\":\"Portada\",\"item\":\"https:\\\/\\\/fundacioncomillas.es\\\/en\\\/\"},{\"@type\":\"ListItem\",\"position\":2,\"name\":\"El CIESE-Fundaci\u00f3n Comillas oferta un nuevo m\u00e1ster universitario en Industrias Culturales Digitales\"}]},{\"@type\":\"WebSite\",\"@id\":\"https:\\\/\\\/fundacioncomillas.es\\\/en\\\/#website\",\"url\":\"https:\\\/\\\/fundacioncomillas.es\\\/en\\\/\",\"name\":\"Fundaci\u00f3n Comillas\",\"description\":\"La Fundaci\u00f3n Comillas del Espa\u00f1ol y la Cultura Hisp\u00e1nica\",\"publisher\":{\"@id\":\"https:\\\/\\\/fundacioncomillas.es\\\/en\\\/#organization\"},\"potentialAction\":[{\"@type\":\"SearchAction\",\"target\":{\"@type\":\"EntryPoint\",\"urlTemplate\":\"https:\\\/\\\/fundacioncomillas.es\\\/en\\\/?s={search_term_string}\"},\"query-input\":{\"@type\":\"PropertyValueSpecification\",\"valueRequired\":true,\"valueName\":\"search_term_string\"}}],\"inLanguage\":\"en-US\"},{\"@type\":\"Organization\",\"@id\":\"https:\\\/\\\/fundacioncomillas.es\\\/en\\\/#organization\",\"name\":\"Fundaci\u00f3n Comillas\",\"alternateName\":\"Fundaci\u00f3n Comillas - CIESE\",\"url\":\"https:\\\/\\\/fundacioncomillas.es\\\/en\\\/\",\"logo\":{\"@type\":\"ImageObject\",\"inLanguage\":\"en-US\",\"@id\":\"https:\\\/\\\/fundacioncomillas.es\\\/en\\\/#\\\/schema\\\/logo\\\/image\\\/\",\"url\":\"https:\\\/\\\/fundacioncomillas.es\\\/wp-content\\\/uploads\\\/2023\\\/04\\\/logo-fundacion-comillas-.png\",\"contentUrl\":\"https:\\\/\\\/fundacioncomillas.es\\\/wp-content\\\/uploads\\\/2023\\\/04\\\/logo-fundacion-comillas-.png\",\"width\":548,\"height\":536,\"caption\":\"Fundaci\u00f3n Comillas\"},\"image\":{\"@id\":\"https:\\\/\\\/fundacioncomillas.es\\\/en\\\/#\\\/schema\\\/logo\\\/image\\\/\"},\"sameAs\":[\"https:\\\/\\\/www.facebook.com\\\/ciese.comillas\",\"https:\\\/\\\/x.com\\\/CIESEComillas\",\"https:\\\/\\\/www.instagram.com\\\/uniciesecomillas\\\/\",\"https:\\\/\\\/www.linkedin.com\\\/company\\\/fundacion-comillas\\\/\",\"https:\\\/\\\/www.youtube.com\\\/user\\\/fundacioncomillas\",\"https:\\\/\\\/twitter.com\\\/FundComillas\",\"https:\\\/\\\/www.linkedin.com\\\/company\\\/1533960\\\/admin\\\/\"]},{\"@type\":\"Person\",\"@id\":\"https:\\\/\\\/fundacioncomillas.es\\\/en\\\/#\\\/schema\\\/person\\\/3cdde58ad1a78de54c94309e39ec81cb\",\"name\":\"fundacion\",\"url\":\"https:\\\/\\\/fundacioncomillas.es\\\/en\\\/author\\\/fundacion\\\/\"}]}<\/script>\n<!-- \/ Yoast SEO plugin. -->","yoast_head_json":{"title":"Nuevo m\u00e1ster en Industrias Culturales Digitales del CIESE","description":"El m\u00e1ster universitario en Industrias Culturales Digitales presenta un innovador programa educativo, semipresencial y pionero en el...","robots":{"index":"index","follow":"follow","max-snippet":"max-snippet:-1","max-image-preview":"max-image-preview:large","max-video-preview":"max-video-preview:-1"},"canonical":"https:\/\/fundacioncomillas.es\/en\/2022\/07\/13\/nuevo-master-universitario-en-industrias-culturales-digitales\/","og_locale":"en_US","og_type":"article","og_title":"Nuevo m\u00e1ster en Industrias Culturales Digitales del CIESE","og_description":"El m\u00e1ster universitario en Industrias Culturales Digitales presenta un innovador programa educativo, semipresencial y pionero en el...","og_url":"https:\/\/fundacioncomillas.es\/en\/2022\/07\/13\/nuevo-master-universitario-en-industrias-culturales-digitales\/","og_site_name":"Fundaci\u00f3n Comillas","article_publisher":"https:\/\/www.facebook.com\/ciese.comillas","article_published_time":"2022-07-13T07:23:24+00:00","article_modified_time":"2023-11-13T12:18:15+00:00","og_image":[{"width":427,"height":338,"url":"https:\/\/fundacioncomillas.es\/wp-content\/uploads\/2023\/02\/icd.png","type":"image\/png"}],"author":"fundacion","twitter_card":"summary_large_image","twitter_creator":"@CIESEComillas","twitter_site":"@CIESEComillas","twitter_misc":{"Written by":"fundacion","Est. reading time":"2 minutes"},"schema":{"@context":"https:\/\/schema.org","@graph":[{"@type":"Article","@id":"https:\/\/fundacioncomillas.es\/en\/2022\/07\/13\/nuevo-master-universitario-en-industrias-culturales-digitales\/#article","isPartOf":{"@id":"https:\/\/fundacioncomillas.es\/en\/2022\/07\/13\/nuevo-master-universitario-en-industrias-culturales-digitales\/"},"author":{"name":"fundacion","@id":"https:\/\/fundacioncomillas.es\/en\/#\/schema\/person\/3cdde58ad1a78de54c94309e39ec81cb"},"headline":"El CIESE-Fundaci\u00f3n Comillas oferta un nuevo m\u00e1ster universitario en Industrias Culturales Digitales","datePublished":"2022-07-13T07:23:24+00:00","dateModified":"2023-11-13T12:18:15+00:00","mainEntityOfPage":{"@id":"https:\/\/fundacioncomillas.es\/en\/2022\/07\/13\/nuevo-master-universitario-en-industrias-culturales-digitales\/"},"wordCount":469,"publisher":{"@id":"https:\/\/fundacioncomillas.es\/en\/#organization"},"image":{"@id":"https:\/\/fundacioncomillas.es\/en\/2022\/07\/13\/nuevo-master-universitario-en-industrias-culturales-digitales\/#primaryimage"},"thumbnailUrl":"https:\/\/fundacioncomillas.es\/wp-content\/uploads\/2023\/02\/icd.png","keywords":["icd","industrias culturales digitales","m\u00e1ster","m\u00e1ster universitario"],"articleSection":["ACAD\u00c9MICAS"],"inLanguage":"en-US"},{"@type":"WebPage","@id":"https:\/\/fundacioncomillas.es\/en\/2022\/07\/13\/nuevo-master-universitario-en-industrias-culturales-digitales\/","url":"https:\/\/fundacioncomillas.es\/en\/2022\/07\/13\/nuevo-master-universitario-en-industrias-culturales-digitales\/","name":"Nuevo m\u00e1ster en Industrias Culturales Digitales del CIESE","isPartOf":{"@id":"https:\/\/fundacioncomillas.es\/en\/#website"},"primaryImageOfPage":{"@id":"https:\/\/fundacioncomillas.es\/en\/2022\/07\/13\/nuevo-master-universitario-en-industrias-culturales-digitales\/#primaryimage"},"image":{"@id":"https:\/\/fundacioncomillas.es\/en\/2022\/07\/13\/nuevo-master-universitario-en-industrias-culturales-digitales\/#primaryimage"},"thumbnailUrl":"https:\/\/fundacioncomillas.es\/wp-content\/uploads\/2023\/02\/icd.png","datePublished":"2022-07-13T07:23:24+00:00","dateModified":"2023-11-13T12:18:15+00:00","description":"El m\u00e1ster universitario en Industrias Culturales Digitales presenta un innovador programa educativo, semipresencial y pionero en el...","breadcrumb":{"@id":"https:\/\/fundacioncomillas.es\/en\/2022\/07\/13\/nuevo-master-universitario-en-industrias-culturales-digitales\/#breadcrumb"},"inLanguage":"en-US","potentialAction":[{"@type":"ReadAction","target":["https:\/\/fundacioncomillas.es\/en\/2022\/07\/13\/nuevo-master-universitario-en-industrias-culturales-digitales\/"]}]},{"@type":"ImageObject","inLanguage":"en-US","@id":"https:\/\/fundacioncomillas.es\/en\/2022\/07\/13\/nuevo-master-universitario-en-industrias-culturales-digitales\/#primaryimage","url":"https:\/\/fundacioncomillas.es\/wp-content\/uploads\/2023\/02\/icd.png","contentUrl":"https:\/\/fundacioncomillas.es\/wp-content\/uploads\/2023\/02\/icd.png","width":427,"height":338,"caption":"Industrias Culturales Digitales m\u00e1ster ciese"},{"@type":"BreadcrumbList","@id":"https:\/\/fundacioncomillas.es\/en\/2022\/07\/13\/nuevo-master-universitario-en-industrias-culturales-digitales\/#breadcrumb","itemListElement":[{"@type":"ListItem","position":1,"name":"Portada","item":"https:\/\/fundacioncomillas.es\/en\/"},{"@type":"ListItem","position":2,"name":"El CIESE-Fundaci\u00f3n Comillas oferta un nuevo m\u00e1ster universitario en Industrias Culturales Digitales"}]},{"@type":"WebSite","@id":"https:\/\/fundacioncomillas.es\/en\/#website","url":"https:\/\/fundacioncomillas.es\/en\/","name":"Fundaci\u00f3n Comillas","description":"La Fundaci\u00f3n Comillas del Espa\u00f1ol y la Cultura Hisp\u00e1nica","publisher":{"@id":"https:\/\/fundacioncomillas.es\/en\/#organization"},"potentialAction":[{"@type":"SearchAction","target":{"@type":"EntryPoint","urlTemplate":"https:\/\/fundacioncomillas.es\/en\/?s={search_term_string}"},"query-input":{"@type":"PropertyValueSpecification","valueRequired":true,"valueName":"search_term_string"}}],"inLanguage":"en-US"},{"@type":"Organization","@id":"https:\/\/fundacioncomillas.es\/en\/#organization","name":"Fundaci\u00f3n Comillas","alternateName":"Fundaci\u00f3n Comillas - CIESE","url":"https:\/\/fundacioncomillas.es\/en\/","logo":{"@type":"ImageObject","inLanguage":"en-US","@id":"https:\/\/fundacioncomillas.es\/en\/#\/schema\/logo\/image\/","url":"https:\/\/fundacioncomillas.es\/wp-content\/uploads\/2023\/04\/logo-fundacion-comillas-.png","contentUrl":"https:\/\/fundacioncomillas.es\/wp-content\/uploads\/2023\/04\/logo-fundacion-comillas-.png","width":548,"height":536,"caption":"Fundaci\u00f3n Comillas"},"image":{"@id":"https:\/\/fundacioncomillas.es\/en\/#\/schema\/logo\/image\/"},"sameAs":["https:\/\/www.facebook.com\/ciese.comillas","https:\/\/x.com\/CIESEComillas","https:\/\/www.instagram.com\/uniciesecomillas\/","https:\/\/www.linkedin.com\/company\/fundacion-comillas\/","https:\/\/www.youtube.com\/user\/fundacioncomillas","https:\/\/twitter.com\/FundComillas","https:\/\/www.linkedin.com\/company\/1533960\/admin\/"]},{"@type":"Person","@id":"https:\/\/fundacioncomillas.es\/en\/#\/schema\/person\/3cdde58ad1a78de54c94309e39ec81cb","name":"fundacion","url":"https:\/\/fundacioncomillas.es\/en\/author\/fundacion\/"}]}},"_links":{"self":[{"href":"https:\/\/fundacioncomillas.es\/en\/wp-json\/wp\/v2\/posts\/4326","targetHints":{"allow":["GET"]}}],"collection":[{"href":"https:\/\/fundacioncomillas.es\/en\/wp-json\/wp\/v2\/posts"}],"about":[{"href":"https:\/\/fundacioncomillas.es\/en\/wp-json\/wp\/v2\/types\/post"}],"author":[{"embeddable":true,"href":"https:\/\/fundacioncomillas.es\/en\/wp-json\/wp\/v2\/users\/3"}],"replies":[{"embeddable":true,"href":"https:\/\/fundacioncomillas.es\/en\/wp-json\/wp\/v2\/comments?post=4326"}],"version-history":[{"count":5,"href":"https:\/\/fundacioncomillas.es\/en\/wp-json\/wp\/v2\/posts\/4326\/revisions"}],"predecessor-version":[{"id":10287,"href":"https:\/\/fundacioncomillas.es\/en\/wp-json\/wp\/v2\/posts\/4326\/revisions\/10287"}],"wp:featuredmedia":[{"embeddable":true,"href":"https:\/\/fundacioncomillas.es\/en\/wp-json\/wp\/v2\/media\/4327"}],"wp:attachment":[{"href":"https:\/\/fundacioncomillas.es\/en\/wp-json\/wp\/v2\/media?parent=4326"}],"wp:term":[{"taxonomy":"category","embeddable":true,"href":"https:\/\/fundacioncomillas.es\/en\/wp-json\/wp\/v2\/categories?post=4326"},{"taxonomy":"post_tag","embeddable":true,"href":"https:\/\/fundacioncomillas.es\/en\/wp-json\/wp\/v2\/tags?post=4326"}],"curies":[{"name":"wp","href":"https:\/\/api.w.org\/{rel}","templated":true}]}}