{"id":28835,"date":"2026-09-01T09:39:19","date_gmt":"2026-09-01T07:39:19","guid":{"rendered":"https:\/\/fundacioncomillas.es\/?p=28835"},"modified":"2026-09-01T09:39:19","modified_gmt":"2026-09-01T07:39:19","slug":"abierto-el-plazo-de-preinscripcion-y-becas-para-el-master-en-ele","status":"publish","type":"post","link":"https:\/\/fundacioncomillas.es\/en\/2026\/09\/01\/abierto-el-plazo-de-preinscripcion-y-becas-para-el-master-en-ele\/","title":{"rendered":"Abierto el plazo de preinscripci\u00f3n y becas para el M\u00e1ster en ELE"},"content":{"rendered":"<p style=\"text-align: justify;\">Del 1 al 7 de septiembre se abre un nuevo plazo de preinscripci\u00f3n para cursar el<strong> M\u00e1ster en Ense\u00f1anza de Espa\u00f1ol como Lengua Extranjera del CIESE-Fundaci\u00f3n Comillas y la Universidad de Cantabria.<\/strong><\/p>\n<p style=\"text-align: justify;\">Los interesados\/as pueden realizar el proceso de preinscripci\u00f3n a <a href=\"https:\/\/web.unican.es\/admision\/Paginas\/Preinscripcion-estudios-de-Master-Oficial.aspx\" target=\"_blank\" rel=\"noopener\">trav\u00e9s de la web de la Universidad de Cantabria.<\/a><\/p>\n<p style=\"text-align: justify;\">Asimismo, aquellos futuros estudiantes que est\u00e9n interesados en solicitar alguna de las becas para el M\u00e1ster en ELE<strong> de la Fundaci\u00f3n Comillas<\/strong> para cursar este posgrado encontrar\u00e1n toda la <a href=\"https:\/\/fundacioncomillas.es\/estudios\/informacion-academica\/becas-fundacion-comillas\/#becasPosgrado\">informaci\u00f3n en este enlace<\/a>. La convocatoria de becas est\u00e1 abierta del 1 de septiembre.<\/p>\n<h2 style=\"text-align: justify;\">\u00bfPor qu\u00e9 estudiar el M\u00e1ster en ELE?<\/h2>\n<p style=\"text-align: justify;\">El Espa\u00f1ol como Lengua Extranjera (ELE) es un campo en continua expansi\u00f3n, y en \u00e9l deben formarse profesores capaces de dar respuesta a la\u00a0<strong>creciente demanda de docentes de espa\u00f1ol<\/strong>\u00a0existente en la actualidad.<\/p>\n<p style=\"text-align: justify;\">El objetivo del M\u00e1ster en ELE semipresencial del CIESE-Fundaci\u00f3n Comillas es\u00a0<strong>formar profesores expertos<\/strong>\u00a0en la docencia del espa\u00f1ol y en el manejo de las herramientas necesarias para su ense\u00f1anza en cualquier parte del mundo. Todos los alumnos tienen las pr\u00e1cticas garantizadas, pudiendo escoger entre destinos nacionales o internacionales. De esta manera, podr\u00e1n poner en pr\u00e1ctica todo lo aprendido durante el a\u00f1o y tomar su primer contacto con el<strong>\u00a0mundo laboral de ELE. Este posgrado cuenta con una tasa de empleabilidad superior al 92%.<\/strong><\/p>\n<h3 style=\"text-align: justify;\"><strong>SOBRE CIESE-FUNDACI\u00d3N COMILLAS<\/strong><\/h3>\n<p style=\"text-align: justify;\">El CIESE, Centro Internacional de Estudios Superiores del Espa\u00f1ol, de la Fundaci\u00f3n Comillas es un\u00a0<strong>centro universitario dedicado a la ense\u00f1anza, investigaci\u00f3n y difusi\u00f3n de la lengua espa\u00f1ola<\/strong>\u00a0y la cultura hisp\u00e1nica. Su condici\u00f3n de centro adscrito a la\u00a0<a href=\"https:\/\/web.unican.es\/\">Universidad de Cantabria<\/a>\u00a0le permite la posibilidad de ofertar titulaciones universitarias de car\u00e1cter oficial, como el Grado en Estudios Hisp\u00e1nicos, el M\u00e1ster en Ense\u00f1anza de ELE o los posgrados en\u00a0<a href=\"https:\/\/fundacioncomillas.es\/?page_id=745\">\u00abEspecialista Universitario en Espa\u00f1ol de la Salud\u00bb<\/a>\u00a0o\u00a0<a href=\"https:\/\/fundacioncomillas.es\/experto-en-espanol-y-las-tecnologias-del-lenguaje\/\">\u00abExperto en Espa\u00f1ol y las Tecnolog\u00edas del Lenguaje\u00bb<\/a>.<\/p>\n<p>No lo dudes m\u00e1s, y solicita ya tu preinscripci\u00f3n y becas para el M\u00e1ster en ELE del CIESE-Fundaci\u00f3n Comillas.<\/p>\n<p style=\"text-align: justify;\">\u00bfNecesitas m\u00e1s informaci\u00f3n sobre alguno de estos programas de estudio que te formar\u00e1n como profesor de espa\u00f1ol, como el<strong> m\u00e1ster semipresencial en ELE?<\/strong> \u00a1Escr\u00edbenos!<\/p>\n<p style=\"text-align: justify;\"><p class=\"wpcf7-contact-form-not-found\"><strong>Error:<\/strong> Contact form not found.<\/p><\/p>\n<p style=\"text-align: justify;\">\n","protected":false},"excerpt":{"rendered":"<p>Convocatoria abierta del 1 al 7 de septiembre de 2026.<\/p>\n","protected":false},"author":3,"featured_media":26145,"comment_status":"closed","ping_status":"closed","sticky":false,"template":"","format":"standard","meta":{"_acf_changed":false,"om_disable_all_campaigns":false,"_monsterinsights_skip_tracking":false,"_uf_show_specific_survey":0,"_uf_disable_surveys":false,"footnotes":"","_links_to":"","_links_to_target":""},"categories":[42,41],"tags":[1029,96,95,185],"class_list":["post-28835","post","type-post","status-publish","format-standard","has-post-thumbnail","hentry","category-academicas","category-fundacion","tag-becas-ele","tag-ciese","tag-fundacion-comillas","tag-master-en-ele"],"acf":[],"yoast_head":"<!-- This site is optimized with the Yoast SEO plugin v28.2 - https:\/\/yoast.com\/product\/yoast-seo-wordpress\/ -->\n<title>Abierto el plazo de preinscripci\u00f3n y becas para el M\u00e1ster en ELE - Fundaci\u00f3n Comillas<\/title>\n<meta name=\"description\" content=\"Del 1 al 7 de septiembre se abre un nuevo plazo de preinscripci\u00f3n de becas para cursar el M\u00e1ster en ELE del CIESE-Fundaci\u00f3n Comillas y la...\" \/>\n<meta name=\"robots\" content=\"index, follow, max-snippet:-1, max-image-preview:large, max-video-preview:-1\" \/>\n<link rel=\"canonical\" href=\"https:\/\/fundacioncomillas.es\/en\/2026\/09\/01\/abierto-el-plazo-de-preinscripcion-y-becas-para-el-master-en-ele\/\" \/>\n<meta property=\"og:locale\" content=\"en_US\" \/>\n<meta property=\"og:type\" content=\"article\" \/>\n<meta property=\"og:title\" content=\"Abierto el plazo de preinscripci\u00f3n y becas para el M\u00e1ster en ELE - Fundaci\u00f3n Comillas\" \/>\n<meta property=\"og:description\" content=\"Del 1 al 7 de septiembre se abre un nuevo plazo de preinscripci\u00f3n de becas para cursar el M\u00e1ster en ELE del CIESE-Fundaci\u00f3n Comillas y la...\" \/>\n<meta property=\"og:url\" content=\"https:\/\/fundacioncomillas.es\/en\/2026\/09\/01\/abierto-el-plazo-de-preinscripcion-y-becas-para-el-master-en-ele\/\" \/>\n<meta property=\"og:site_name\" content=\"Fundaci\u00f3n Comillas\" \/>\n<meta property=\"article:publisher\" content=\"https:\/\/www.facebook.com\/ciese.comillas\" \/>\n<meta property=\"article:published_time\" content=\"2026-09-01T07:39:19+00:00\" \/>\n<meta property=\"og:image\" content=\"https:\/\/fundacioncomillas.es\/wp-content\/uploads\/2026\/05\/alumnos-ciese.png\" \/>\n\t<meta property=\"og:image:width\" content=\"800\" \/>\n\t<meta property=\"og:image:height\" content=\"600\" \/>\n\t<meta property=\"og:image:type\" content=\"image\/png\" \/>\n<meta name=\"author\" content=\"fundacion\" \/>\n<meta name=\"twitter:card\" content=\"summary_large_image\" \/>\n<meta name=\"twitter:creator\" content=\"@CIESEComillas\" \/>\n<meta name=\"twitter:site\" content=\"@CIESEComillas\" \/>\n<meta name=\"twitter:label1\" content=\"Written by\" \/>\n\t<meta name=\"twitter:data1\" content=\"fundacion\" \/>\n\t<meta name=\"twitter:label2\" content=\"Est. reading time\" \/>\n\t<meta name=\"twitter:data2\" content=\"2 minutes\" \/>\n<script type=\"application\/ld+json\" class=\"yoast-schema-graph\">{\"@context\":\"https:\\\/\\\/schema.org\",\"@graph\":[{\"@type\":\"Article\",\"@id\":\"https:\\\/\\\/fundacioncomillas.es\\\/en\\\/2026\\\/09\\\/01\\\/abierto-el-plazo-de-preinscripcion-y-becas-para-el-master-en-ele\\\/#article\",\"isPartOf\":{\"@id\":\"https:\\\/\\\/fundacioncomillas.es\\\/en\\\/2026\\\/09\\\/01\\\/abierto-el-plazo-de-preinscripcion-y-becas-para-el-master-en-ele\\\/\"},\"author\":{\"name\":\"fundacion\",\"@id\":\"https:\\\/\\\/fundacioncomillas.es\\\/en\\\/#\\\/schema\\\/person\\\/3cdde58ad1a78de54c94309e39ec81cb\"},\"headline\":\"Abierto el plazo de preinscripci\u00f3n y becas para el M\u00e1ster en ELE\",\"datePublished\":\"2026-09-01T07:39:19+00:00\",\"mainEntityOfPage\":{\"@id\":\"https:\\\/\\\/fundacioncomillas.es\\\/en\\\/2026\\\/09\\\/01\\\/abierto-el-plazo-de-preinscripcion-y-becas-para-el-master-en-ele\\\/\"},\"wordCount\":421,\"publisher\":{\"@id\":\"https:\\\/\\\/fundacioncomillas.es\\\/en\\\/#organization\"},\"image\":{\"@id\":\"https:\\\/\\\/fundacioncomillas.es\\\/en\\\/2026\\\/09\\\/01\\\/abierto-el-plazo-de-preinscripcion-y-becas-para-el-master-en-ele\\\/#primaryimage\"},\"thumbnailUrl\":\"https:\\\/\\\/fundacioncomillas.es\\\/wp-content\\\/uploads\\\/2026\\\/05\\\/alumnos-ciese.png\",\"keywords\":[\"Becas ELE\",\"ciese\",\"fundaci\u00f3n comillas\",\"m\u00e1ster en ELE\"],\"articleSection\":[\"ACAD\u00c9MICAS\",\"FUNDACI\u00d3N\"],\"inLanguage\":\"en-US\"},{\"@type\":\"WebPage\",\"@id\":\"https:\\\/\\\/fundacioncomillas.es\\\/en\\\/2026\\\/09\\\/01\\\/abierto-el-plazo-de-preinscripcion-y-becas-para-el-master-en-ele\\\/\",\"url\":\"https:\\\/\\\/fundacioncomillas.es\\\/en\\\/2026\\\/09\\\/01\\\/abierto-el-plazo-de-preinscripcion-y-becas-para-el-master-en-ele\\\/\",\"name\":\"Abierto el plazo de preinscripci\u00f3n y becas para el M\u00e1ster en ELE - Fundaci\u00f3n Comillas\",\"isPartOf\":{\"@id\":\"https:\\\/\\\/fundacioncomillas.es\\\/en\\\/#website\"},\"primaryImageOfPage\":{\"@id\":\"https:\\\/\\\/fundacioncomillas.es\\\/en\\\/2026\\\/09\\\/01\\\/abierto-el-plazo-de-preinscripcion-y-becas-para-el-master-en-ele\\\/#primaryimage\"},\"image\":{\"@id\":\"https:\\\/\\\/fundacioncomillas.es\\\/en\\\/2026\\\/09\\\/01\\\/abierto-el-plazo-de-preinscripcion-y-becas-para-el-master-en-ele\\\/#primaryimage\"},\"thumbnailUrl\":\"https:\\\/\\\/fundacioncomillas.es\\\/wp-content\\\/uploads\\\/2026\\\/05\\\/alumnos-ciese.png\",\"datePublished\":\"2026-09-01T07:39:19+00:00\",\"description\":\"Del 1 al 7 de septiembre se abre un nuevo plazo de preinscripci\u00f3n de becas para cursar el M\u00e1ster en ELE del CIESE-Fundaci\u00f3n Comillas y la...\",\"breadcrumb\":{\"@id\":\"https:\\\/\\\/fundacioncomillas.es\\\/en\\\/2026\\\/09\\\/01\\\/abierto-el-plazo-de-preinscripcion-y-becas-para-el-master-en-ele\\\/#breadcrumb\"},\"inLanguage\":\"en-US\",\"potentialAction\":[{\"@type\":\"ReadAction\",\"target\":[\"https:\\\/\\\/fundacioncomillas.es\\\/en\\\/2026\\\/09\\\/01\\\/abierto-el-plazo-de-preinscripcion-y-becas-para-el-master-en-ele\\\/\"]}]},{\"@type\":\"ImageObject\",\"inLanguage\":\"en-US\",\"@id\":\"https:\\\/\\\/fundacioncomillas.es\\\/en\\\/2026\\\/09\\\/01\\\/abierto-el-plazo-de-preinscripcion-y-becas-para-el-master-en-ele\\\/#primaryimage\",\"url\":\"https:\\\/\\\/fundacioncomillas.es\\\/wp-content\\\/uploads\\\/2026\\\/05\\\/alumnos-ciese.png\",\"contentUrl\":\"https:\\\/\\\/fundacioncomillas.es\\\/wp-content\\\/uploads\\\/2026\\\/05\\\/alumnos-ciese.png\",\"width\":800,\"height\":600},{\"@type\":\"BreadcrumbList\",\"@id\":\"https:\\\/\\\/fundacioncomillas.es\\\/en\\\/2026\\\/09\\\/01\\\/abierto-el-plazo-de-preinscripcion-y-becas-para-el-master-en-ele\\\/#breadcrumb\",\"itemListElement\":[{\"@type\":\"ListItem\",\"position\":1,\"name\":\"Portada\",\"item\":\"https:\\\/\\\/fundacioncomillas.es\\\/en\\\/\"},{\"@type\":\"ListItem\",\"position\":2,\"name\":\"Abierto el plazo de preinscripci\u00f3n y becas para el M\u00e1ster en ELE\"}]},{\"@type\":\"WebSite\",\"@id\":\"https:\\\/\\\/fundacioncomillas.es\\\/en\\\/#website\",\"url\":\"https:\\\/\\\/fundacioncomillas.es\\\/en\\\/\",\"name\":\"Fundaci\u00f3n Comillas\",\"description\":\"La Fundaci\u00f3n Comillas del Espa\u00f1ol y la Cultura Hisp\u00e1nica\",\"publisher\":{\"@id\":\"https:\\\/\\\/fundacioncomillas.es\\\/en\\\/#organization\"},\"potentialAction\":[{\"@type\":\"SearchAction\",\"target\":{\"@type\":\"EntryPoint\",\"urlTemplate\":\"https:\\\/\\\/fundacioncomillas.es\\\/en\\\/?s={search_term_string}\"},\"query-input\":{\"@type\":\"PropertyValueSpecification\",\"valueRequired\":true,\"valueName\":\"search_term_string\"}}],\"inLanguage\":\"en-US\"},{\"@type\":\"Organization\",\"@id\":\"https:\\\/\\\/fundacioncomillas.es\\\/en\\\/#organization\",\"name\":\"Fundaci\u00f3n Comillas\",\"alternateName\":\"Fundaci\u00f3n Comillas - CIESE\",\"url\":\"https:\\\/\\\/fundacioncomillas.es\\\/en\\\/\",\"logo\":{\"@type\":\"ImageObject\",\"inLanguage\":\"en-US\",\"@id\":\"https:\\\/\\\/fundacioncomillas.es\\\/en\\\/#\\\/schema\\\/logo\\\/image\\\/\",\"url\":\"https:\\\/\\\/fundacioncomillas.es\\\/wp-content\\\/uploads\\\/2023\\\/04\\\/logo-fundacion-comillas-.png\",\"contentUrl\":\"https:\\\/\\\/fundacioncomillas.es\\\/wp-content\\\/uploads\\\/2023\\\/04\\\/logo-fundacion-comillas-.png\",\"width\":548,\"height\":536,\"caption\":\"Fundaci\u00f3n Comillas\"},\"image\":{\"@id\":\"https:\\\/\\\/fundacioncomillas.es\\\/en\\\/#\\\/schema\\\/logo\\\/image\\\/\"},\"sameAs\":[\"https:\\\/\\\/www.facebook.com\\\/ciese.comillas\",\"https:\\\/\\\/x.com\\\/CIESEComillas\",\"https:\\\/\\\/www.instagram.com\\\/uniciesecomillas\\\/\",\"https:\\\/\\\/www.linkedin.com\\\/company\\\/fundacion-comillas\\\/\",\"https:\\\/\\\/www.youtube.com\\\/user\\\/fundacioncomillas\",\"https:\\\/\\\/twitter.com\\\/FundComillas\",\"https:\\\/\\\/www.linkedin.com\\\/company\\\/1533960\\\/admin\\\/\"]},{\"@type\":\"Person\",\"@id\":\"https:\\\/\\\/fundacioncomillas.es\\\/en\\\/#\\\/schema\\\/person\\\/3cdde58ad1a78de54c94309e39ec81cb\",\"name\":\"fundacion\",\"url\":\"https:\\\/\\\/fundacioncomillas.es\\\/en\\\/author\\\/fundacion\\\/\"}]}<\/script>\n<!-- \/ Yoast SEO plugin. -->","yoast_head_json":{"title":"Abierto el plazo de preinscripci\u00f3n y becas para el M\u00e1ster en ELE - Fundaci\u00f3n Comillas","description":"Del 1 al 7 de septiembre se abre un nuevo plazo de preinscripci\u00f3n de becas para cursar el M\u00e1ster en ELE del CIESE-Fundaci\u00f3n Comillas y la...","robots":{"index":"index","follow":"follow","max-snippet":"max-snippet:-1","max-image-preview":"max-image-preview:large","max-video-preview":"max-video-preview:-1"},"canonical":"https:\/\/fundacioncomillas.es\/en\/2026\/09\/01\/abierto-el-plazo-de-preinscripcion-y-becas-para-el-master-en-ele\/","og_locale":"en_US","og_type":"article","og_title":"Abierto el plazo de preinscripci\u00f3n y becas para el M\u00e1ster en ELE - Fundaci\u00f3n Comillas","og_description":"Del 1 al 7 de septiembre se abre un nuevo plazo de preinscripci\u00f3n de becas para cursar el M\u00e1ster en ELE del CIESE-Fundaci\u00f3n Comillas y la...","og_url":"https:\/\/fundacioncomillas.es\/en\/2026\/09\/01\/abierto-el-plazo-de-preinscripcion-y-becas-para-el-master-en-ele\/","og_site_name":"Fundaci\u00f3n Comillas","article_publisher":"https:\/\/www.facebook.com\/ciese.comillas","article_published_time":"2026-09-01T07:39:19+00:00","og_image":[{"width":800,"height":600,"url":"https:\/\/fundacioncomillas.es\/wp-content\/uploads\/2026\/05\/alumnos-ciese.png","type":"image\/png"}],"author":"fundacion","twitter_card":"summary_large_image","twitter_creator":"@CIESEComillas","twitter_site":"@CIESEComillas","twitter_misc":{"Written by":"fundacion","Est. reading time":"2 minutes"},"schema":{"@context":"https:\/\/schema.org","@graph":[{"@type":"Article","@id":"https:\/\/fundacioncomillas.es\/en\/2026\/09\/01\/abierto-el-plazo-de-preinscripcion-y-becas-para-el-master-en-ele\/#article","isPartOf":{"@id":"https:\/\/fundacioncomillas.es\/en\/2026\/09\/01\/abierto-el-plazo-de-preinscripcion-y-becas-para-el-master-en-ele\/"},"author":{"name":"fundacion","@id":"https:\/\/fundacioncomillas.es\/en\/#\/schema\/person\/3cdde58ad1a78de54c94309e39ec81cb"},"headline":"Abierto el plazo de preinscripci\u00f3n y becas para el M\u00e1ster en ELE","datePublished":"2026-09-01T07:39:19+00:00","mainEntityOfPage":{"@id":"https:\/\/fundacioncomillas.es\/en\/2026\/09\/01\/abierto-el-plazo-de-preinscripcion-y-becas-para-el-master-en-ele\/"},"wordCount":421,"publisher":{"@id":"https:\/\/fundacioncomillas.es\/en\/#organization"},"image":{"@id":"https:\/\/fundacioncomillas.es\/en\/2026\/09\/01\/abierto-el-plazo-de-preinscripcion-y-becas-para-el-master-en-ele\/#primaryimage"},"thumbnailUrl":"https:\/\/fundacioncomillas.es\/wp-content\/uploads\/2026\/05\/alumnos-ciese.png","keywords":["Becas ELE","ciese","fundaci\u00f3n comillas","m\u00e1ster en ELE"],"articleSection":["ACAD\u00c9MICAS","FUNDACI\u00d3N"],"inLanguage":"en-US"},{"@type":"WebPage","@id":"https:\/\/fundacioncomillas.es\/en\/2026\/09\/01\/abierto-el-plazo-de-preinscripcion-y-becas-para-el-master-en-ele\/","url":"https:\/\/fundacioncomillas.es\/en\/2026\/09\/01\/abierto-el-plazo-de-preinscripcion-y-becas-para-el-master-en-ele\/","name":"Abierto el plazo de preinscripci\u00f3n y becas para el M\u00e1ster en ELE - Fundaci\u00f3n Comillas","isPartOf":{"@id":"https:\/\/fundacioncomillas.es\/en\/#website"},"primaryImageOfPage":{"@id":"https:\/\/fundacioncomillas.es\/en\/2026\/09\/01\/abierto-el-plazo-de-preinscripcion-y-becas-para-el-master-en-ele\/#primaryimage"},"image":{"@id":"https:\/\/fundacioncomillas.es\/en\/2026\/09\/01\/abierto-el-plazo-de-preinscripcion-y-becas-para-el-master-en-ele\/#primaryimage"},"thumbnailUrl":"https:\/\/fundacioncomillas.es\/wp-content\/uploads\/2026\/05\/alumnos-ciese.png","datePublished":"2026-09-01T07:39:19+00:00","description":"Del 1 al 7 de septiembre se abre un nuevo plazo de preinscripci\u00f3n de becas para cursar el M\u00e1ster en ELE del CIESE-Fundaci\u00f3n Comillas y la...","breadcrumb":{"@id":"https:\/\/fundacioncomillas.es\/en\/2026\/09\/01\/abierto-el-plazo-de-preinscripcion-y-becas-para-el-master-en-ele\/#breadcrumb"},"inLanguage":"en-US","potentialAction":[{"@type":"ReadAction","target":["https:\/\/fundacioncomillas.es\/en\/2026\/09\/01\/abierto-el-plazo-de-preinscripcion-y-becas-para-el-master-en-ele\/"]}]},{"@type":"ImageObject","inLanguage":"en-US","@id":"https:\/\/fundacioncomillas.es\/en\/2026\/09\/01\/abierto-el-plazo-de-preinscripcion-y-becas-para-el-master-en-ele\/#primaryimage","url":"https:\/\/fundacioncomillas.es\/wp-content\/uploads\/2026\/05\/alumnos-ciese.png","contentUrl":"https:\/\/fundacioncomillas.es\/wp-content\/uploads\/2026\/05\/alumnos-ciese.png","width":800,"height":600},{"@type":"BreadcrumbList","@id":"https:\/\/fundacioncomillas.es\/en\/2026\/09\/01\/abierto-el-plazo-de-preinscripcion-y-becas-para-el-master-en-ele\/#breadcrumb","itemListElement":[{"@type":"ListItem","position":1,"name":"Portada","item":"https:\/\/fundacioncomillas.es\/en\/"},{"@type":"ListItem","position":2,"name":"Abierto el plazo de preinscripci\u00f3n y becas para el M\u00e1ster en ELE"}]},{"@type":"WebSite","@id":"https:\/\/fundacioncomillas.es\/en\/#website","url":"https:\/\/fundacioncomillas.es\/en\/","name":"Fundaci\u00f3n Comillas","description":"La Fundaci\u00f3n Comillas del Espa\u00f1ol y la Cultura Hisp\u00e1nica","publisher":{"@id":"https:\/\/fundacioncomillas.es\/en\/#organization"},"potentialAction":[{"@type":"SearchAction","target":{"@type":"EntryPoint","urlTemplate":"https:\/\/fundacioncomillas.es\/en\/?s={search_term_string}"},"query-input":{"@type":"PropertyValueSpecification","valueRequired":true,"valueName":"search_term_string"}}],"inLanguage":"en-US"},{"@type":"Organization","@id":"https:\/\/fundacioncomillas.es\/en\/#organization","name":"Fundaci\u00f3n Comillas","alternateName":"Fundaci\u00f3n Comillas - CIESE","url":"https:\/\/fundacioncomillas.es\/en\/","logo":{"@type":"ImageObject","inLanguage":"en-US","@id":"https:\/\/fundacioncomillas.es\/en\/#\/schema\/logo\/image\/","url":"https:\/\/fundacioncomillas.es\/wp-content\/uploads\/2023\/04\/logo-fundacion-comillas-.png","contentUrl":"https:\/\/fundacioncomillas.es\/wp-content\/uploads\/2023\/04\/logo-fundacion-comillas-.png","width":548,"height":536,"caption":"Fundaci\u00f3n Comillas"},"image":{"@id":"https:\/\/fundacioncomillas.es\/en\/#\/schema\/logo\/image\/"},"sameAs":["https:\/\/www.facebook.com\/ciese.comillas","https:\/\/x.com\/CIESEComillas","https:\/\/www.instagram.com\/uniciesecomillas\/","https:\/\/www.linkedin.com\/company\/fundacion-comillas\/","https:\/\/www.youtube.com\/user\/fundacioncomillas","https:\/\/twitter.com\/FundComillas","https:\/\/www.linkedin.com\/company\/1533960\/admin\/"]},{"@type":"Person","@id":"https:\/\/fundacioncomillas.es\/en\/#\/schema\/person\/3cdde58ad1a78de54c94309e39ec81cb","name":"fundacion","url":"https:\/\/fundacioncomillas.es\/en\/author\/fundacion\/"}]}},"_links":{"self":[{"href":"https:\/\/fundacioncomillas.es\/en\/wp-json\/wp\/v2\/posts\/28835","targetHints":{"allow":["GET"]}}],"collection":[{"href":"https:\/\/fundacioncomillas.es\/en\/wp-json\/wp\/v2\/posts"}],"about":[{"href":"https:\/\/fundacioncomillas.es\/en\/wp-json\/wp\/v2\/types\/post"}],"author":[{"embeddable":true,"href":"https:\/\/fundacioncomillas.es\/en\/wp-json\/wp\/v2\/users\/3"}],"replies":[{"embeddable":true,"href":"https:\/\/fundacioncomillas.es\/en\/wp-json\/wp\/v2\/comments?post=28835"}],"version-history":[{"count":3,"href":"https:\/\/fundacioncomillas.es\/en\/wp-json\/wp\/v2\/posts\/28835\/revisions"}],"predecessor-version":[{"id":28838,"href":"https:\/\/fundacioncomillas.es\/en\/wp-json\/wp\/v2\/posts\/28835\/revisions\/28838"}],"wp:featuredmedia":[{"embeddable":true,"href":"https:\/\/fundacioncomillas.es\/en\/wp-json\/wp\/v2\/media\/26145"}],"wp:attachment":[{"href":"https:\/\/fundacioncomillas.es\/en\/wp-json\/wp\/v2\/media?parent=28835"}],"wp:term":[{"taxonomy":"category","embeddable":true,"href":"https:\/\/fundacioncomillas.es\/en\/wp-json\/wp\/v2\/categories?post=28835"},{"taxonomy":"post_tag","embeddable":true,"href":"https:\/\/fundacioncomillas.es\/en\/wp-json\/wp\/v2\/tags?post=28835"}],"curies":[{"name":"wp","href":"https:\/\/api.w.org\/{rel}","templated":true}]}}