{"id":20653,"date":"2025-09-04T12:05:12","date_gmt":"2025-09-04T10:05:12","guid":{"rendered":"https:\/\/fundacioncomillas.es\/?p=20653"},"modified":"2025-09-05T10:24:34","modified_gmt":"2025-09-05T08:24:34","slug":"plazas-agotadas-en-el-curso-de-ngle-nueva-gramatica-de-la-lengua-espanola","status":"publish","type":"post","link":"https:\/\/fundacioncomillas.es\/en\/2025\/09\/04\/plazas-agotadas-en-el-curso-de-ngle-nueva-gramatica-de-la-lengua-espanola\/","title":{"rendered":"Plazas agotadas en el curso de NGLE: \u201cNueva gram\u00e1tica de la lengua espa\u00f1ola\u201d"},"content":{"rendered":"<p style=\"text-align: justify;\" data-start=\"317\" data-end=\"640\">El pasado <strong data-start=\"327\" data-end=\"346\">3 de septiembre<\/strong> dio comienzo en el <strong data-start=\"366\" data-end=\"404\">Instituto Santa Clara de Santander<\/strong> el curso sobre la NGLE: <em data-start=\"423\" data-end=\"462\">Nueva gram\u00e1tica de la lengua espa\u00f1ola. <\/em>Un curso organizado por la <strong data-start=\"482\" data-end=\"504\">Fundaci\u00f3n Comillas<\/strong>. Esta formaci\u00f3n, dirigida a docentes de Lengua y Literatura, ha tenido una gran acogida y todas las plazas se agotaron en pocos d\u00edas.<\/p>\n<p style=\"text-align: justify;\" data-start=\"642\" data-end=\"929\">En total, <strong data-start=\"652\" data-end=\"687\">50 profesores de toda Cantabria<\/strong> participan en esta actualizaci\u00f3n de conocimientos sobre la gram\u00e1tica del espa\u00f1ol. <a href=\"https:\/\/fundacioncomillas.es\/cursos-y-examenes\/cursos-de-formacion-de-profesores\/nueva-gramatica-lengua-espanola\/\">El curso<\/a>, que finaliza el <strong data-start=\"796\" data-end=\"815\">5 de septiembre<\/strong>, est\u00e1 siendo impartido por <strong data-start=\"843\" data-end=\"872\">Edita Guti\u00e9rrez Rodr\u00edguez<\/strong>, doctora por la <strong data-start=\"889\" data-end=\"926\">Universidad Complutense de Madrid<\/strong>.<\/p>\n<h2 data-start=\"642\" data-end=\"929\"><strong>NGLE, la nueva gram\u00e1tica de la lengua espa\u00f1ola<\/strong><\/h2>\n<p style=\"text-align: justify;\" data-start=\"931\" data-end=\"1171\">La <strong data-start=\"934\" data-end=\"960\">Real Academia Espa\u00f1ola<\/strong> acogi\u00f3 el pasado mes de junio la presentaci\u00f3n de la edici\u00f3n revisada y ampliada de la <em data-start=\"1047\" data-end=\"1086\">Nueva gram\u00e1tica de la lengua espa\u00f1ola<\/em> (NGLE). Esta versi\u00f3n incorpora importantes novedades centradas en cuatro aspectos:<\/p>\n<ul style=\"text-align: justify;\" data-start=\"1172\" data-end=\"1783\">\n<li data-start=\"1172\" data-end=\"1328\">\n<p data-start=\"1174\" data-end=\"1328\">Una mejora de las descripciones gracias a la incorporaci\u00f3n de m\u00e1s datos, tanto sobre el an\u00e1lisis gramatical como sobre la variaci\u00f3n geogr\u00e1fica y social.<\/p>\n<\/li>\n<li data-start=\"1329\" data-end=\"1441\">\n<p data-start=\"1331\" data-end=\"1441\">La revisi\u00f3n de los aspectos did\u00e1cticos, con el objetivo de facilitar la comprensi\u00f3n a un p\u00fablico muy amplio.<\/p>\n<\/li>\n<li data-start=\"1442\" data-end=\"1585\">\n<p data-start=\"1444\" data-end=\"1585\">La inclusi\u00f3n de bibliograf\u00eda complementaria en cada cap\u00edtulo, que permite al lector ampliar los contenidos con mayor detalle y orientaci\u00f3n.<\/p>\n<\/li>\n<li data-start=\"1586\" data-end=\"1783\">\n<p data-start=\"1588\" data-end=\"1783\">La ampliaci\u00f3n del corpus de textos citados, con la incorporaci\u00f3n de obras relevantes \u2014principalmente literarias\u2014 que no aparec\u00edan en la edici\u00f3n anterior o que han sido publicadas recientemente.<\/p>\n<\/li>\n<\/ul>\n<p style=\"text-align: justify;\" data-start=\"1785\" data-end=\"2064\">Seg\u00fan la RAE, esta nueva edici\u00f3n se ha concebido como una obra colectiva. Ha sido elaborada gracias a los informes de las academias de la <strong data-start=\"1915\" data-end=\"1924\">ASALE<\/strong>, as\u00ed como a las aportaciones de numerosos especialistas universitarios. Entre ellos se encuentra la propia <a href=\"https:\/\/www.ucm.es\/lengespyteoliter\/gutierrez-rodriguez-edita\" target=\"_blank\" rel=\"noopener\"><strong data-start=\"2032\" data-end=\"2061\">Edita Guti\u00e9rrez Rodr\u00edguez<\/strong>.<\/a><\/p>\n<h3 data-start=\"1785\" data-end=\"2064\"><strong>EXPLICACIONES M\u00c1S DETALLADAS<\/strong><\/h3>\n<p style=\"text-align: justify;\" data-start=\"2066\" data-end=\"2425\">Los lectores encontrar\u00e1n en esta edici\u00f3n explicaciones m\u00e1s detalladas. As\u00ed como, an\u00e1lisis m\u00e1s precisos y una presentaci\u00f3n m\u00e1s clara de los fen\u00f3menos gramaticales, junto con aclaraciones sobre su distribuci\u00f3n social y geogr\u00e1fica. Asimismo, se incorporan mejoras did\u00e1cticas que ayudan a establecer distinciones entre las unidades de an\u00e1lisis y otros elementos pr\u00f3ximos.<\/p>\n<p style=\"text-align: justify;\" data-start=\"2427\" data-end=\"2598\">La celebraci\u00f3n de este curso en el Instituto Santa Clara ha sido posible gracias a la <strong data-start=\"2513\" data-end=\"2595\">cesi\u00f3n desinteresada de sus instalaciones por parte de la direcci\u00f3n del centro<\/strong>.<\/p>\n<p data-start=\"2427\" data-end=\"2598\">Este curso se enmarca en el programa formativo para profesores que organiza la Fundaci\u00f3n Comillas. &#8220;La instituci\u00f3n tiene un compromiso, que nace de sus estatutos, con la atenci\u00f3n a la lengua, su cultivo, su ense\u00f1anza. Es natural que la Fundaci\u00f3n tenga entre sus colaboradores m\u00e1s cercanos al profesorado de lengua castellana y literatura&#8221;, explica D\u00e1maso L\u00f3pez Garc\u00eda, director de la Fundaci\u00f3n Comillas<\/p>\n<h3 style=\"text-align: justify;\" data-start=\"2605\" data-end=\"2638\"><strong>SOBRE LA FUNDACI\u00d3N COMILLAS<\/strong><\/h3>\n<p style=\"text-align: justify;\" data-start=\"2639\" data-end=\"2952\">La <strong data-start=\"2642\" data-end=\"2699\">Fundaci\u00f3n Comillas del Espa\u00f1ol y la Cultura Hisp\u00e1nica<\/strong> es una instituci\u00f3n sin \u00e1nimo de lucro creada en 2005 cuya misi\u00f3n es impulsar el crecimiento sostenible y responsable de la regi\u00f3n, apostando por la cultura en espa\u00f1ol como herramienta de conocimiento, transformaci\u00f3n y cohesi\u00f3n en la sociedad digital.<\/p>\n<p style=\"text-align: justify;\" data-start=\"2954\" data-end=\"3418\">El <strong data-start=\"2957\" data-end=\"3006\">Centro Universitario CIESE-Fundaci\u00f3n Comillas<\/strong>, adscrito a la <strong data-start=\"3022\" data-end=\"3050\">Universidad de Cantabria<\/strong>, es un centro de educaci\u00f3n superior en el que se imparten ense\u00f1anzas oficiales de grado y posgrado en lengua espa\u00f1ola y cultura hisp\u00e1nica. Entre ellas destacan el <strong data-start=\"3214\" data-end=\"3246\">Grado en Estudios Hisp\u00e1nicos<\/strong>, el <strong data-start=\"3251\" data-end=\"3281\">M\u00e1ster en Ense\u00f1anza de ELE<\/strong> y diversos programas de experto y especialista en \u00e1mbitos como la ense\u00f1anza de ELE, el aprendizaje digital o el espa\u00f1ol para la salud.<\/p>\n","protected":false},"excerpt":{"rendered":"<p>La formaci\u00f3n sobre NGLE ha contado con una gran acogida entre los docentes c\u00e1ntabros de lengua y literatura.<\/p>\n","protected":false},"author":3,"featured_media":20655,"comment_status":"closed","ping_status":"closed","sticky":false,"template":"","format":"standard","meta":{"_acf_changed":false,"om_disable_all_campaigns":false,"_monsterinsights_skip_tracking":false,"_monsterinsights_sitenote_active":false,"_monsterinsights_sitenote_note":"","_monsterinsights_sitenote_category":0,"_uf_show_specific_survey":0,"_uf_disable_surveys":false,"footnotes":"","_links_to":"","_links_to_target":""},"categories":[41],"tags":[876,95,877,875],"class_list":["post-20653","post","type-post","status-publish","format-standard","has-post-thumbnail","hentry","category-fundacion","tag-edita-guiterrez","tag-fundacion-comillas","tag-ies-santa-clara","tag-ngle"],"acf":[],"yoast_head":"<!-- This site is optimized with the Yoast SEO plugin v27.4 - https:\/\/yoast.com\/product\/yoast-seo-wordpress\/ -->\n<title>Agotadas las plazas en el curso de NGLE<\/title>\n<meta name=\"description\" content=\"Plazas agotadas en el curso de NGLE: Nueva gram\u00e1tica de la lengua espa\u00f1ola organizado por la Fundaci\u00f3n Comillas en el Instituto Santa Clara...\" \/>\n<meta name=\"robots\" content=\"index, follow, max-snippet:-1, max-image-preview:large, max-video-preview:-1\" \/>\n<link rel=\"canonical\" href=\"https:\/\/fundacioncomillas.es\/en\/2025\/09\/04\/plazas-agotadas-en-el-curso-de-ngle-nueva-gramatica-de-la-lengua-espanola\/\" \/>\n<meta property=\"og:locale\" content=\"en_US\" \/>\n<meta property=\"og:type\" content=\"article\" \/>\n<meta property=\"og:title\" content=\"Agotadas las plazas en el curso de NGLE\" \/>\n<meta property=\"og:description\" content=\"Plazas agotadas en el curso de NGLE: Nueva gram\u00e1tica de la lengua espa\u00f1ola organizado por la Fundaci\u00f3n Comillas en el Instituto Santa Clara...\" \/>\n<meta property=\"og:url\" content=\"https:\/\/fundacioncomillas.es\/en\/2025\/09\/04\/plazas-agotadas-en-el-curso-de-ngle-nueva-gramatica-de-la-lengua-espanola\/\" \/>\n<meta property=\"og:site_name\" content=\"Fundaci\u00f3n Comillas\" \/>\n<meta property=\"article:publisher\" content=\"https:\/\/www.facebook.com\/ciese.comillas\" \/>\n<meta property=\"article:published_time\" content=\"2025-09-04T10:05:12+00:00\" \/>\n<meta property=\"article:modified_time\" content=\"2025-09-05T08:24:34+00:00\" \/>\n<meta property=\"og:image\" content=\"https:\/\/fundacioncomillas.es\/wp-content\/uploads\/2025\/09\/ngle-fundacion-comillas.jpg\" \/>\n\t<meta property=\"og:image:width\" content=\"800\" \/>\n\t<meta property=\"og:image:height\" content=\"600\" \/>\n\t<meta property=\"og:image:type\" content=\"image\/jpeg\" \/>\n<meta name=\"author\" content=\"fundacion\" \/>\n<meta name=\"twitter:card\" content=\"summary_large_image\" \/>\n<meta name=\"twitter:creator\" content=\"@CIESEComillas\" \/>\n<meta name=\"twitter:site\" content=\"@CIESEComillas\" \/>\n<meta name=\"twitter:label1\" content=\"Written by\" \/>\n\t<meta name=\"twitter:data1\" content=\"fundacion\" \/>\n\t<meta name=\"twitter:label2\" content=\"Est. reading time\" \/>\n\t<meta name=\"twitter:data2\" content=\"3 minutes\" \/>\n<script type=\"application\/ld+json\" class=\"yoast-schema-graph\">{\"@context\":\"https:\\\/\\\/schema.org\",\"@graph\":[{\"@type\":\"Article\",\"@id\":\"https:\\\/\\\/fundacioncomillas.es\\\/en\\\/2025\\\/09\\\/04\\\/plazas-agotadas-en-el-curso-de-ngle-nueva-gramatica-de-la-lengua-espanola\\\/#article\",\"isPartOf\":{\"@id\":\"https:\\\/\\\/fundacioncomillas.es\\\/en\\\/2025\\\/09\\\/04\\\/plazas-agotadas-en-el-curso-de-ngle-nueva-gramatica-de-la-lengua-espanola\\\/\"},\"author\":{\"name\":\"fundacion\",\"@id\":\"https:\\\/\\\/fundacioncomillas.es\\\/en\\\/#\\\/schema\\\/person\\\/3cdde58ad1a78de54c94309e39ec81cb\"},\"headline\":\"Plazas agotadas en el curso de NGLE: \u201cNueva gram\u00e1tica de la lengua espa\u00f1ola\u201d\",\"datePublished\":\"2025-09-04T10:05:12+00:00\",\"dateModified\":\"2025-09-05T08:24:34+00:00\",\"mainEntityOfPage\":{\"@id\":\"https:\\\/\\\/fundacioncomillas.es\\\/en\\\/2025\\\/09\\\/04\\\/plazas-agotadas-en-el-curso-de-ngle-nueva-gramatica-de-la-lengua-espanola\\\/\"},\"wordCount\":637,\"publisher\":{\"@id\":\"https:\\\/\\\/fundacioncomillas.es\\\/en\\\/#organization\"},\"image\":{\"@id\":\"https:\\\/\\\/fundacioncomillas.es\\\/en\\\/2025\\\/09\\\/04\\\/plazas-agotadas-en-el-curso-de-ngle-nueva-gramatica-de-la-lengua-espanola\\\/#primaryimage\"},\"thumbnailUrl\":\"https:\\\/\\\/fundacioncomillas.es\\\/wp-content\\\/uploads\\\/2025\\\/09\\\/ngle-fundacion-comillas.jpg\",\"keywords\":[\"Edita Guit\u00e9rrez\",\"fundaci\u00f3n comillas\",\"IES Santa Clara\",\"NGLE\"],\"articleSection\":[\"FUNDACI\u00d3N\"],\"inLanguage\":\"en-US\"},{\"@type\":\"WebPage\",\"@id\":\"https:\\\/\\\/fundacioncomillas.es\\\/en\\\/2025\\\/09\\\/04\\\/plazas-agotadas-en-el-curso-de-ngle-nueva-gramatica-de-la-lengua-espanola\\\/\",\"url\":\"https:\\\/\\\/fundacioncomillas.es\\\/en\\\/2025\\\/09\\\/04\\\/plazas-agotadas-en-el-curso-de-ngle-nueva-gramatica-de-la-lengua-espanola\\\/\",\"name\":\"Agotadas las plazas en el curso de NGLE\",\"isPartOf\":{\"@id\":\"https:\\\/\\\/fundacioncomillas.es\\\/en\\\/#website\"},\"primaryImageOfPage\":{\"@id\":\"https:\\\/\\\/fundacioncomillas.es\\\/en\\\/2025\\\/09\\\/04\\\/plazas-agotadas-en-el-curso-de-ngle-nueva-gramatica-de-la-lengua-espanola\\\/#primaryimage\"},\"image\":{\"@id\":\"https:\\\/\\\/fundacioncomillas.es\\\/en\\\/2025\\\/09\\\/04\\\/plazas-agotadas-en-el-curso-de-ngle-nueva-gramatica-de-la-lengua-espanola\\\/#primaryimage\"},\"thumbnailUrl\":\"https:\\\/\\\/fundacioncomillas.es\\\/wp-content\\\/uploads\\\/2025\\\/09\\\/ngle-fundacion-comillas.jpg\",\"datePublished\":\"2025-09-04T10:05:12+00:00\",\"dateModified\":\"2025-09-05T08:24:34+00:00\",\"description\":\"Plazas agotadas en el curso de NGLE: Nueva gram\u00e1tica de la lengua espa\u00f1ola organizado por la Fundaci\u00f3n Comillas en el Instituto Santa Clara...\",\"breadcrumb\":{\"@id\":\"https:\\\/\\\/fundacioncomillas.es\\\/en\\\/2025\\\/09\\\/04\\\/plazas-agotadas-en-el-curso-de-ngle-nueva-gramatica-de-la-lengua-espanola\\\/#breadcrumb\"},\"inLanguage\":\"en-US\",\"potentialAction\":[{\"@type\":\"ReadAction\",\"target\":[\"https:\\\/\\\/fundacioncomillas.es\\\/en\\\/2025\\\/09\\\/04\\\/plazas-agotadas-en-el-curso-de-ngle-nueva-gramatica-de-la-lengua-espanola\\\/\"]}]},{\"@type\":\"ImageObject\",\"inLanguage\":\"en-US\",\"@id\":\"https:\\\/\\\/fundacioncomillas.es\\\/en\\\/2025\\\/09\\\/04\\\/plazas-agotadas-en-el-curso-de-ngle-nueva-gramatica-de-la-lengua-espanola\\\/#primaryimage\",\"url\":\"https:\\\/\\\/fundacioncomillas.es\\\/wp-content\\\/uploads\\\/2025\\\/09\\\/ngle-fundacion-comillas.jpg\",\"contentUrl\":\"https:\\\/\\\/fundacioncomillas.es\\\/wp-content\\\/uploads\\\/2025\\\/09\\\/ngle-fundacion-comillas.jpg\",\"width\":800,\"height\":600,\"caption\":\"NGLE Curso de la Fundaci\u00f3n Comillas para profesores\"},{\"@type\":\"BreadcrumbList\",\"@id\":\"https:\\\/\\\/fundacioncomillas.es\\\/en\\\/2025\\\/09\\\/04\\\/plazas-agotadas-en-el-curso-de-ngle-nueva-gramatica-de-la-lengua-espanola\\\/#breadcrumb\",\"itemListElement\":[{\"@type\":\"ListItem\",\"position\":1,\"name\":\"Portada\",\"item\":\"https:\\\/\\\/fundacioncomillas.es\\\/en\\\/\"},{\"@type\":\"ListItem\",\"position\":2,\"name\":\"Plazas agotadas en el curso de NGLE: \u201cNueva gram\u00e1tica de la lengua espa\u00f1ola\u201d\"}]},{\"@type\":\"WebSite\",\"@id\":\"https:\\\/\\\/fundacioncomillas.es\\\/en\\\/#website\",\"url\":\"https:\\\/\\\/fundacioncomillas.es\\\/en\\\/\",\"name\":\"Fundaci\u00f3n Comillas\",\"description\":\"La Fundaci\u00f3n Comillas del Espa\u00f1ol y la Cultura Hisp\u00e1nica\",\"publisher\":{\"@id\":\"https:\\\/\\\/fundacioncomillas.es\\\/en\\\/#organization\"},\"potentialAction\":[{\"@type\":\"SearchAction\",\"target\":{\"@type\":\"EntryPoint\",\"urlTemplate\":\"https:\\\/\\\/fundacioncomillas.es\\\/en\\\/?s={search_term_string}\"},\"query-input\":{\"@type\":\"PropertyValueSpecification\",\"valueRequired\":true,\"valueName\":\"search_term_string\"}}],\"inLanguage\":\"en-US\"},{\"@type\":\"Organization\",\"@id\":\"https:\\\/\\\/fundacioncomillas.es\\\/en\\\/#organization\",\"name\":\"Fundaci\u00f3n Comillas\",\"alternateName\":\"Fundaci\u00f3n Comillas - CIESE\",\"url\":\"https:\\\/\\\/fundacioncomillas.es\\\/en\\\/\",\"logo\":{\"@type\":\"ImageObject\",\"inLanguage\":\"en-US\",\"@id\":\"https:\\\/\\\/fundacioncomillas.es\\\/en\\\/#\\\/schema\\\/logo\\\/image\\\/\",\"url\":\"https:\\\/\\\/fundacioncomillas.es\\\/wp-content\\\/uploads\\\/2023\\\/04\\\/logo-fundacion-comillas-.png\",\"contentUrl\":\"https:\\\/\\\/fundacioncomillas.es\\\/wp-content\\\/uploads\\\/2023\\\/04\\\/logo-fundacion-comillas-.png\",\"width\":548,\"height\":536,\"caption\":\"Fundaci\u00f3n Comillas\"},\"image\":{\"@id\":\"https:\\\/\\\/fundacioncomillas.es\\\/en\\\/#\\\/schema\\\/logo\\\/image\\\/\"},\"sameAs\":[\"https:\\\/\\\/www.facebook.com\\\/ciese.comillas\",\"https:\\\/\\\/x.com\\\/CIESEComillas\",\"https:\\\/\\\/www.instagram.com\\\/uniciesecomillas\\\/\",\"https:\\\/\\\/www.linkedin.com\\\/company\\\/fundacion-comillas\\\/\",\"https:\\\/\\\/www.youtube.com\\\/user\\\/fundacioncomillas\",\"https:\\\/\\\/twitter.com\\\/FundComillas\",\"https:\\\/\\\/www.linkedin.com\\\/company\\\/1533960\\\/admin\\\/\"]},{\"@type\":\"Person\",\"@id\":\"https:\\\/\\\/fundacioncomillas.es\\\/en\\\/#\\\/schema\\\/person\\\/3cdde58ad1a78de54c94309e39ec81cb\",\"name\":\"fundacion\",\"url\":\"https:\\\/\\\/fundacioncomillas.es\\\/en\\\/author\\\/fundacion\\\/\"}]}<\/script>\n<!-- \/ Yoast SEO plugin. -->","yoast_head_json":{"title":"Agotadas las plazas en el curso de NGLE","description":"Plazas agotadas en el curso de NGLE: Nueva gram\u00e1tica de la lengua espa\u00f1ola organizado por la Fundaci\u00f3n Comillas en el Instituto Santa Clara...","robots":{"index":"index","follow":"follow","max-snippet":"max-snippet:-1","max-image-preview":"max-image-preview:large","max-video-preview":"max-video-preview:-1"},"canonical":"https:\/\/fundacioncomillas.es\/en\/2025\/09\/04\/plazas-agotadas-en-el-curso-de-ngle-nueva-gramatica-de-la-lengua-espanola\/","og_locale":"en_US","og_type":"article","og_title":"Agotadas las plazas en el curso de NGLE","og_description":"Plazas agotadas en el curso de NGLE: Nueva gram\u00e1tica de la lengua espa\u00f1ola organizado por la Fundaci\u00f3n Comillas en el Instituto Santa Clara...","og_url":"https:\/\/fundacioncomillas.es\/en\/2025\/09\/04\/plazas-agotadas-en-el-curso-de-ngle-nueva-gramatica-de-la-lengua-espanola\/","og_site_name":"Fundaci\u00f3n Comillas","article_publisher":"https:\/\/www.facebook.com\/ciese.comillas","article_published_time":"2025-09-04T10:05:12+00:00","article_modified_time":"2025-09-05T08:24:34+00:00","og_image":[{"width":800,"height":600,"url":"https:\/\/fundacioncomillas.es\/wp-content\/uploads\/2025\/09\/ngle-fundacion-comillas.jpg","type":"image\/jpeg"}],"author":"fundacion","twitter_card":"summary_large_image","twitter_creator":"@CIESEComillas","twitter_site":"@CIESEComillas","twitter_misc":{"Written by":"fundacion","Est. reading time":"3 minutes"},"schema":{"@context":"https:\/\/schema.org","@graph":[{"@type":"Article","@id":"https:\/\/fundacioncomillas.es\/en\/2025\/09\/04\/plazas-agotadas-en-el-curso-de-ngle-nueva-gramatica-de-la-lengua-espanola\/#article","isPartOf":{"@id":"https:\/\/fundacioncomillas.es\/en\/2025\/09\/04\/plazas-agotadas-en-el-curso-de-ngle-nueva-gramatica-de-la-lengua-espanola\/"},"author":{"name":"fundacion","@id":"https:\/\/fundacioncomillas.es\/en\/#\/schema\/person\/3cdde58ad1a78de54c94309e39ec81cb"},"headline":"Plazas agotadas en el curso de NGLE: \u201cNueva gram\u00e1tica de la lengua espa\u00f1ola\u201d","datePublished":"2025-09-04T10:05:12+00:00","dateModified":"2025-09-05T08:24:34+00:00","mainEntityOfPage":{"@id":"https:\/\/fundacioncomillas.es\/en\/2025\/09\/04\/plazas-agotadas-en-el-curso-de-ngle-nueva-gramatica-de-la-lengua-espanola\/"},"wordCount":637,"publisher":{"@id":"https:\/\/fundacioncomillas.es\/en\/#organization"},"image":{"@id":"https:\/\/fundacioncomillas.es\/en\/2025\/09\/04\/plazas-agotadas-en-el-curso-de-ngle-nueva-gramatica-de-la-lengua-espanola\/#primaryimage"},"thumbnailUrl":"https:\/\/fundacioncomillas.es\/wp-content\/uploads\/2025\/09\/ngle-fundacion-comillas.jpg","keywords":["Edita Guit\u00e9rrez","fundaci\u00f3n comillas","IES Santa Clara","NGLE"],"articleSection":["FUNDACI\u00d3N"],"inLanguage":"en-US"},{"@type":"WebPage","@id":"https:\/\/fundacioncomillas.es\/en\/2025\/09\/04\/plazas-agotadas-en-el-curso-de-ngle-nueva-gramatica-de-la-lengua-espanola\/","url":"https:\/\/fundacioncomillas.es\/en\/2025\/09\/04\/plazas-agotadas-en-el-curso-de-ngle-nueva-gramatica-de-la-lengua-espanola\/","name":"Agotadas las plazas en el curso de NGLE","isPartOf":{"@id":"https:\/\/fundacioncomillas.es\/en\/#website"},"primaryImageOfPage":{"@id":"https:\/\/fundacioncomillas.es\/en\/2025\/09\/04\/plazas-agotadas-en-el-curso-de-ngle-nueva-gramatica-de-la-lengua-espanola\/#primaryimage"},"image":{"@id":"https:\/\/fundacioncomillas.es\/en\/2025\/09\/04\/plazas-agotadas-en-el-curso-de-ngle-nueva-gramatica-de-la-lengua-espanola\/#primaryimage"},"thumbnailUrl":"https:\/\/fundacioncomillas.es\/wp-content\/uploads\/2025\/09\/ngle-fundacion-comillas.jpg","datePublished":"2025-09-04T10:05:12+00:00","dateModified":"2025-09-05T08:24:34+00:00","description":"Plazas agotadas en el curso de NGLE: Nueva gram\u00e1tica de la lengua espa\u00f1ola organizado por la Fundaci\u00f3n Comillas en el Instituto Santa Clara...","breadcrumb":{"@id":"https:\/\/fundacioncomillas.es\/en\/2025\/09\/04\/plazas-agotadas-en-el-curso-de-ngle-nueva-gramatica-de-la-lengua-espanola\/#breadcrumb"},"inLanguage":"en-US","potentialAction":[{"@type":"ReadAction","target":["https:\/\/fundacioncomillas.es\/en\/2025\/09\/04\/plazas-agotadas-en-el-curso-de-ngle-nueva-gramatica-de-la-lengua-espanola\/"]}]},{"@type":"ImageObject","inLanguage":"en-US","@id":"https:\/\/fundacioncomillas.es\/en\/2025\/09\/04\/plazas-agotadas-en-el-curso-de-ngle-nueva-gramatica-de-la-lengua-espanola\/#primaryimage","url":"https:\/\/fundacioncomillas.es\/wp-content\/uploads\/2025\/09\/ngle-fundacion-comillas.jpg","contentUrl":"https:\/\/fundacioncomillas.es\/wp-content\/uploads\/2025\/09\/ngle-fundacion-comillas.jpg","width":800,"height":600,"caption":"NGLE Curso de la Fundaci\u00f3n Comillas para profesores"},{"@type":"BreadcrumbList","@id":"https:\/\/fundacioncomillas.es\/en\/2025\/09\/04\/plazas-agotadas-en-el-curso-de-ngle-nueva-gramatica-de-la-lengua-espanola\/#breadcrumb","itemListElement":[{"@type":"ListItem","position":1,"name":"Portada","item":"https:\/\/fundacioncomillas.es\/en\/"},{"@type":"ListItem","position":2,"name":"Plazas agotadas en el curso de NGLE: \u201cNueva gram\u00e1tica de la lengua espa\u00f1ola\u201d"}]},{"@type":"WebSite","@id":"https:\/\/fundacioncomillas.es\/en\/#website","url":"https:\/\/fundacioncomillas.es\/en\/","name":"Fundaci\u00f3n Comillas","description":"La Fundaci\u00f3n Comillas del Espa\u00f1ol y la Cultura Hisp\u00e1nica","publisher":{"@id":"https:\/\/fundacioncomillas.es\/en\/#organization"},"potentialAction":[{"@type":"SearchAction","target":{"@type":"EntryPoint","urlTemplate":"https:\/\/fundacioncomillas.es\/en\/?s={search_term_string}"},"query-input":{"@type":"PropertyValueSpecification","valueRequired":true,"valueName":"search_term_string"}}],"inLanguage":"en-US"},{"@type":"Organization","@id":"https:\/\/fundacioncomillas.es\/en\/#organization","name":"Fundaci\u00f3n Comillas","alternateName":"Fundaci\u00f3n Comillas - CIESE","url":"https:\/\/fundacioncomillas.es\/en\/","logo":{"@type":"ImageObject","inLanguage":"en-US","@id":"https:\/\/fundacioncomillas.es\/en\/#\/schema\/logo\/image\/","url":"https:\/\/fundacioncomillas.es\/wp-content\/uploads\/2023\/04\/logo-fundacion-comillas-.png","contentUrl":"https:\/\/fundacioncomillas.es\/wp-content\/uploads\/2023\/04\/logo-fundacion-comillas-.png","width":548,"height":536,"caption":"Fundaci\u00f3n Comillas"},"image":{"@id":"https:\/\/fundacioncomillas.es\/en\/#\/schema\/logo\/image\/"},"sameAs":["https:\/\/www.facebook.com\/ciese.comillas","https:\/\/x.com\/CIESEComillas","https:\/\/www.instagram.com\/uniciesecomillas\/","https:\/\/www.linkedin.com\/company\/fundacion-comillas\/","https:\/\/www.youtube.com\/user\/fundacioncomillas","https:\/\/twitter.com\/FundComillas","https:\/\/www.linkedin.com\/company\/1533960\/admin\/"]},{"@type":"Person","@id":"https:\/\/fundacioncomillas.es\/en\/#\/schema\/person\/3cdde58ad1a78de54c94309e39ec81cb","name":"fundacion","url":"https:\/\/fundacioncomillas.es\/en\/author\/fundacion\/"}]}},"_links":{"self":[{"href":"https:\/\/fundacioncomillas.es\/en\/wp-json\/wp\/v2\/posts\/20653","targetHints":{"allow":["GET"]}}],"collection":[{"href":"https:\/\/fundacioncomillas.es\/en\/wp-json\/wp\/v2\/posts"}],"about":[{"href":"https:\/\/fundacioncomillas.es\/en\/wp-json\/wp\/v2\/types\/post"}],"author":[{"embeddable":true,"href":"https:\/\/fundacioncomillas.es\/en\/wp-json\/wp\/v2\/users\/3"}],"replies":[{"embeddable":true,"href":"https:\/\/fundacioncomillas.es\/en\/wp-json\/wp\/v2\/comments?post=20653"}],"version-history":[{"count":5,"href":"https:\/\/fundacioncomillas.es\/en\/wp-json\/wp\/v2\/posts\/20653\/revisions"}],"predecessor-version":[{"id":20667,"href":"https:\/\/fundacioncomillas.es\/en\/wp-json\/wp\/v2\/posts\/20653\/revisions\/20667"}],"wp:featuredmedia":[{"embeddable":true,"href":"https:\/\/fundacioncomillas.es\/en\/wp-json\/wp\/v2\/media\/20655"}],"wp:attachment":[{"href":"https:\/\/fundacioncomillas.es\/en\/wp-json\/wp\/v2\/media?parent=20653"}],"wp:term":[{"taxonomy":"category","embeddable":true,"href":"https:\/\/fundacioncomillas.es\/en\/wp-json\/wp\/v2\/categories?post=20653"},{"taxonomy":"post_tag","embeddable":true,"href":"https:\/\/fundacioncomillas.es\/en\/wp-json\/wp\/v2\/tags?post=20653"}],"curies":[{"name":"wp","href":"https:\/\/api.w.org\/{rel}","templated":true}]}}