{"id":13263,"date":"2024-12-12T09:44:11","date_gmt":"2024-12-12T08:44:11","guid":{"rendered":"https:\/\/fundacioncomillas.es\/?p=13263"},"modified":"2024-12-12T11:57:54","modified_gmt":"2024-12-12T10:57:54","slug":"conoce-las-nuevas-palabras-del-diccionario-de-la-rae","status":"publish","type":"post","link":"https:\/\/fundacioncomillas.es\/en\/2024\/12\/12\/conoce-las-nuevas-palabras-del-diccionario-de-la-rae\/","title":{"rendered":"\u00a1Conoce las nuevas palabras del Diccionario de la RAE!"},"content":{"rendered":"<p style=\"text-align: justify;\"><em>Esp\u00f3iler, granularidad, s\u00e9rum, macroencuest<\/em>a\u2026 \u00a1Estas son solo algunas de las nuevas palabras que la <strong>RAE<\/strong> ha incluido en su diccionario! En su actualizaci\u00f3n 23.8, la Academia ha incorporado desde extranjerismos como <em>groupie,<\/em> hasta nuevos t\u00e9rminos cient\u00edficos tan relevantes en nuestra actualidad como la palabra <em>dana<\/em>. Y t\u00fa, \u00bfquieres <strong>conocer las nuevas palabras<\/strong>\u00a0del Diccionario de la RAE?<\/p>\n<h2 style=\"text-align: justify;\">\u00bfQu\u00e9 podemos encontrar en la actualizaci\u00f3n 23.8?<\/h2>\n<p style=\"text-align: justify;\">El pasado martes 10 de diciembre de 2024, la <a href=\"https:\/\/www.rae.es\/\" target=\"_blank\" rel=\"noopener\"><strong>Real Academia Espa\u00f1ola (RAE)<\/strong><\/a> present\u00f3 la \u00faltima actualizaci\u00f3n de su Diccionario de la Lengua Espa\u00f1ola (DLE). Para esta ocasi\u00f3n, se incorpor\u00f3 un total de <strong>4074 novedades<\/strong>, entre t\u00e9rminos, expresiones, acepciones, art\u00edculos, supresiones, etc.<\/p>\n<p style=\"text-align: justify;\">Actualmente, este diccionario consta con m\u00e1s de 94000 entradas y 200000 acepciones. Seg\u00fan Mu\u00f1oz Machado, esta es la <strong>\u00faltima actualizaci\u00f3n de la vig\u00e9simo tercera edici\u00f3n<\/strong>. Sin embargo, este no ser\u00e1 el fin de las innovaciones, pues se espera que la versi\u00f3n vig\u00e9simo cuarta del diccionario vea la luz en <strong>oto\u00f1o de 2026<\/strong>. Como ha se\u00f1alado Mu\u00f1oz Machado: \u201cA partir de 2026 vamos a abrir las costuras del diccionario, las entradas se pueden multiplicar e incorporar l\u00e9xico que no ha figurado nunca, quiz\u00e1 <strong>se llegue al doble<\/strong> de las que tenemos ahora\u201d.<\/p>\n<h2 style=\"text-align: justify;\">\u00bfCu\u00e1les son las nuevas palabras del Diccionario de la RAE?<\/h2>\n<p style=\"text-align: justify;\">La actualizaci\u00f3n 23.8 cuenta con novedades procedentes de \u00e1mbitos como la ciencia, el medioambiente, la tecnolog\u00eda, la gastronom\u00eda, la m\u00fasica o el deporte. Podemos destacar los siguientes ejemplos:<\/p>\n<ul style=\"text-align: justify;\">\n<li><strong>\u00c1mbito cient\u00edfico:<\/strong> <em>aerotermia, micelar o microbioma, driver<\/em>, etc.<\/li>\n<li><strong>\u00c1mbito laboral:<\/strong><em> teletrabajar,<\/em> nueva acepci\u00f3n de <em>temporada,<\/em> etc.<\/li>\n<li><strong>\u00c1mbito gastron\u00f3mico:<\/strong> <em>barista, frap\u00e9, infusionar, tabul\u00e9, umami, varietal, wasabi<\/em>, etc.<\/li>\n<li><strong>\u00c1mbito medioambiental y sanitario:<\/strong> <em>sobrepastoreo, org\u00e1nico, etc.<\/em><\/li>\n<li><strong>L\u00e9xico americano:<\/strong> <em>azotehuela, parrillar, posnet <\/em>o<em> p\u00f3snet<\/em> y el extranjerismo <em>sulky.<\/em><\/li>\n<\/ul>\n<p style=\"text-align: justify;\">Como ha destacado la acad\u00e9mica <strong>Dolores Corbella<\/strong>: \u201cEstamos en una \u00e9poca de transformaci\u00f3n y de trabajo intenso que se empezar\u00e1 a ver en la edici\u00f3n de 2026, vamos hacia a un <strong>diccionario integral panhisp\u00e1nico<\/strong>, tenemos la suerte de tener una lengua que hablan 600 millones de personas\u201d.<\/p>\n<p style=\"text-align: justify;\">En su <a href=\"https:\/\/www.youtube.com\/watch?v=Pk-jemyv894\" target=\"_blank\" rel=\"noopener\"><strong>actualizaci\u00f3n 23.8<\/strong><\/a>, la Academia ha incorporado desde extranjerismos como <em>groupie, <\/em>hasta nuevo t\u00e9rminos cient\u00edficos como <em>dana<\/em>. No obstante, \u00a1estas son solo algunas de las nuevas palabras que la <strong>RAE<\/strong> ha incluido en su diccionario! Si quieres conocer todas las novedades, ya puedes encontrarlas en la p\u00e1gina web del Diccionario de la Lengua Espa\u00f1ola (DLE):\u00a0<a href=\"http:\/\/dle.rae.es\" target=\"_blank\" rel=\"noopener\">dle.rae.es<\/a>.<\/p>\n<div class=\"fusion-row\">\n<section id=\"content\">\n<article id=\"post-13209\" class=\"post post-13209 type-post status-publish format-standard has-post-thumbnail hentry category-academicas category-alumnos-ciese tag-alumnos tag-alumnos-ciese tag-aprender-espanol tag-aula-ele tag-ciese tag-ele tag-estudiantes tag-fundacion-comillas tag-master-en-ele tag-profesor-de-espanol tag-salidas-profesionales\">\n<div class=\"post-content\">\n<h4 style=\"text-align: left;\"><strong>Art\u00edculo escrito por: Anna Bascones Mart\u00ednez (becaria del Dpto. de Comunicaci\u00f3n de la Fundaci\u00f3n Comillas y alumna de\u00a0<a href=\"https:\/\/fundacioncomillas.es\/estudios\/grado-de-estudios-hispanicos\/\">4\u00ba del Grado en Estudios Hisp\u00e1nicos<\/a>).<\/strong><\/h4>\n<\/div>\n<\/article>\n<\/section>\n<\/div>\n<h4><strong>SOBRE FUNDACI\u00d3N COMILLAS<\/strong><\/h4>\n<p style=\"text-align: justify;\">La <strong>Fundaci\u00f3n Comillas<\/strong> nace con la vocaci\u00f3n de convertirse en una\u00a0<strong>instituci\u00f3n de referencia internacional<\/strong>\u00a0en la formaci\u00f3n, investigaci\u00f3n y difusi\u00f3n de la lengua espa\u00f1ola y de la cultura hisp\u00e1nica. Entre los objetivos estrat\u00e9gicos de esta instituci\u00f3n est\u00e1 el desarrollo territorial, econ\u00f3mico y cultural de Cantabria, la investigaci\u00f3n e innovaci\u00f3n en espa\u00f1ol, as\u00ed como la ense\u00f1anza de este en su Centro de Estudios Superiores del Espa\u00f1ol (CIESE), centro universitario adscrito a la Univ. de Cantabria y en el que se puede estudiar el Grado en Estudios Hisp\u00e1nicos y el M\u00e1ster en ELE, as\u00ed, como los posgrados en\u00a0<a href=\"https:\/\/fundacioncomillas.es\/posgrado-ensenanza-espanol-de-la-salud\/\">\u00abEspecialista Universitario en Espa\u00f1ol de la Salud\u00bb<\/a>\u00a0o\u00a0<a href=\"https:\/\/fundacioncomillas.es\/experto-en-espanol-y-las-tecnologias-del-lenguaje\/\">\u00abExperto en Espa\u00f1ol y las Tecnolog\u00edas del Lenguaje\u00bb<\/a>, y otros cursos relacionados con la ense\u00f1anza del espa\u00f1ol. Asimismo, la Fundaci\u00f3n Comillas es centro examinador reconocido por el Instituto Cervantes de los ex\u00e1menes DELE y CCSE.<\/p>\n","protected":false},"excerpt":{"rendered":"<p>Esp\u00f3iler, granularidad, s\u00e9rum, macroencuesta\u2026 \u00a1Estas son solo algunas de las nuevas palabras que la RAE ha incluido en su diccionario! Sigue leyendo y descubre todas las novedades del Diccionario de la RAE.<\/p>\n","protected":false},"author":5,"featured_media":13268,"comment_status":"closed","ping_status":"closed","sticky":false,"template":"","format":"standard","meta":{"_acf_changed":false,"om_disable_all_campaigns":false,"_monsterinsights_skip_tracking":false,"_monsterinsights_sitenote_active":false,"_monsterinsights_sitenote_note":"","_monsterinsights_sitenote_category":0,"_uf_show_specific_survey":0,"_uf_disable_surveys":false,"footnotes":"","_links_to":"","_links_to_target":""},"categories":[42,40,41],"tags":[548,96,793,201,95,486,287],"class_list":["post-13263","post","type-post","status-publish","format-standard","has-post-thumbnail","hentry","category-academicas","category-cultura","category-fundacion","tag-aprender-espanol","tag-ciese","tag-diccionario","tag-espanol","tag-fundacion-comillas","tag-profesor-de-espanol","tag-rae"],"acf":[],"yoast_head":"<!-- This site is optimized with the Yoast SEO plugin v27.4 - https:\/\/yoast.com\/product\/yoast-seo-wordpress\/ -->\n<title>\u00a1Conoce las nuevas palabras del Diccionario de la RAE!<\/title>\n<meta name=\"description\" content=\"Esp\u00f3iler, granularidad, s\u00e9rum, macroencuesta\u2026 \u00a1Estas son solo algunas de las nuevas palabras que la RAE ha incluido en su diccionario!\" \/>\n<meta name=\"robots\" content=\"index, follow, max-snippet:-1, max-image-preview:large, max-video-preview:-1\" \/>\n<link rel=\"canonical\" href=\"https:\/\/fundacioncomillas.es\/en\/2024\/12\/12\/conoce-las-nuevas-palabras-del-diccionario-de-la-rae\/\" \/>\n<meta property=\"og:locale\" content=\"en_US\" \/>\n<meta property=\"og:type\" content=\"article\" \/>\n<meta property=\"og:title\" content=\"\u00a1Conoce las nuevas palabras del Diccionario de la RAE!\" \/>\n<meta property=\"og:description\" content=\"Esp\u00f3iler, granularidad, s\u00e9rum, macroencuesta\u2026 \u00a1Estas son solo algunas de las nuevas palabras que la RAE ha incluido en su diccionario!\" \/>\n<meta property=\"og:url\" content=\"https:\/\/fundacioncomillas.es\/en\/2024\/12\/12\/conoce-las-nuevas-palabras-del-diccionario-de-la-rae\/\" \/>\n<meta property=\"og:site_name\" content=\"Fundaci\u00f3n Comillas\" \/>\n<meta property=\"article:publisher\" content=\"https:\/\/www.facebook.com\/ciese.comillas\" \/>\n<meta property=\"article:published_time\" content=\"2024-12-12T08:44:11+00:00\" \/>\n<meta property=\"article:modified_time\" content=\"2024-12-12T10:57:54+00:00\" \/>\n<meta property=\"og:image\" content=\"https:\/\/fundacioncomillas.es\/wp-content\/uploads\/2024\/12\/nuevas-palabras-diccionario-de-la-rae.jpeg\" \/>\n\t<meta property=\"og:image:width\" content=\"1600\" \/>\n\t<meta property=\"og:image:height\" content=\"1062\" \/>\n\t<meta property=\"og:image:type\" content=\"image\/jpeg\" \/>\n<meta name=\"author\" content=\"Editora blog\" \/>\n<meta name=\"twitter:card\" content=\"summary_large_image\" \/>\n<meta name=\"twitter:creator\" content=\"@CIESEComillas\" \/>\n<meta name=\"twitter:site\" content=\"@CIESEComillas\" \/>\n<meta name=\"twitter:label1\" content=\"Written by\" \/>\n\t<meta name=\"twitter:data1\" content=\"Editora blog\" \/>\n\t<meta name=\"twitter:label2\" content=\"Est. reading time\" \/>\n\t<meta name=\"twitter:data2\" content=\"3 minutes\" \/>\n<script type=\"application\/ld+json\" class=\"yoast-schema-graph\">{\"@context\":\"https:\\\/\\\/schema.org\",\"@graph\":[{\"@type\":\"Article\",\"@id\":\"https:\\\/\\\/fundacioncomillas.es\\\/en\\\/2024\\\/12\\\/12\\\/conoce-las-nuevas-palabras-del-diccionario-de-la-rae\\\/#article\",\"isPartOf\":{\"@id\":\"https:\\\/\\\/fundacioncomillas.es\\\/en\\\/2024\\\/12\\\/12\\\/conoce-las-nuevas-palabras-del-diccionario-de-la-rae\\\/\"},\"author\":{\"name\":\"Editora blog\",\"@id\":\"https:\\\/\\\/fundacioncomillas.es\\\/en\\\/#\\\/schema\\\/person\\\/9c97d808ba85998ebb6c55ad7bc925b8\"},\"headline\":\"\u00a1Conoce las nuevas palabras del Diccionario de la RAE!\",\"datePublished\":\"2024-12-12T08:44:11+00:00\",\"dateModified\":\"2024-12-12T10:57:54+00:00\",\"mainEntityOfPage\":{\"@id\":\"https:\\\/\\\/fundacioncomillas.es\\\/en\\\/2024\\\/12\\\/12\\\/conoce-las-nuevas-palabras-del-diccionario-de-la-rae\\\/\"},\"wordCount\":622,\"publisher\":{\"@id\":\"https:\\\/\\\/fundacioncomillas.es\\\/en\\\/#organization\"},\"image\":{\"@id\":\"https:\\\/\\\/fundacioncomillas.es\\\/en\\\/2024\\\/12\\\/12\\\/conoce-las-nuevas-palabras-del-diccionario-de-la-rae\\\/#primaryimage\"},\"thumbnailUrl\":\"https:\\\/\\\/fundacioncomillas.es\\\/wp-content\\\/uploads\\\/2024\\\/12\\\/nuevas-palabras-diccionario-de-la-rae.jpeg\",\"keywords\":[\"aprender espa\u00f1ol\",\"ciese\",\"diccionario\",\"Espa\u00f1ol\",\"fundaci\u00f3n comillas\",\"profesor de espa\u00f1ol\",\"rae\"],\"articleSection\":[\"ACAD\u00c9MICAS\",\"CULTURA\",\"FUNDACI\u00d3N\"],\"inLanguage\":\"en-US\"},{\"@type\":\"WebPage\",\"@id\":\"https:\\\/\\\/fundacioncomillas.es\\\/en\\\/2024\\\/12\\\/12\\\/conoce-las-nuevas-palabras-del-diccionario-de-la-rae\\\/\",\"url\":\"https:\\\/\\\/fundacioncomillas.es\\\/en\\\/2024\\\/12\\\/12\\\/conoce-las-nuevas-palabras-del-diccionario-de-la-rae\\\/\",\"name\":\"\u00a1Conoce las nuevas palabras del Diccionario de la RAE!\",\"isPartOf\":{\"@id\":\"https:\\\/\\\/fundacioncomillas.es\\\/en\\\/#website\"},\"primaryImageOfPage\":{\"@id\":\"https:\\\/\\\/fundacioncomillas.es\\\/en\\\/2024\\\/12\\\/12\\\/conoce-las-nuevas-palabras-del-diccionario-de-la-rae\\\/#primaryimage\"},\"image\":{\"@id\":\"https:\\\/\\\/fundacioncomillas.es\\\/en\\\/2024\\\/12\\\/12\\\/conoce-las-nuevas-palabras-del-diccionario-de-la-rae\\\/#primaryimage\"},\"thumbnailUrl\":\"https:\\\/\\\/fundacioncomillas.es\\\/wp-content\\\/uploads\\\/2024\\\/12\\\/nuevas-palabras-diccionario-de-la-rae.jpeg\",\"datePublished\":\"2024-12-12T08:44:11+00:00\",\"dateModified\":\"2024-12-12T10:57:54+00:00\",\"description\":\"Esp\u00f3iler, granularidad, s\u00e9rum, macroencuesta\u2026 \u00a1Estas son solo algunas de las nuevas palabras que la RAE ha incluido en su diccionario!\",\"breadcrumb\":{\"@id\":\"https:\\\/\\\/fundacioncomillas.es\\\/en\\\/2024\\\/12\\\/12\\\/conoce-las-nuevas-palabras-del-diccionario-de-la-rae\\\/#breadcrumb\"},\"inLanguage\":\"en-US\",\"potentialAction\":[{\"@type\":\"ReadAction\",\"target\":[\"https:\\\/\\\/fundacioncomillas.es\\\/en\\\/2024\\\/12\\\/12\\\/conoce-las-nuevas-palabras-del-diccionario-de-la-rae\\\/\"]}]},{\"@type\":\"ImageObject\",\"inLanguage\":\"en-US\",\"@id\":\"https:\\\/\\\/fundacioncomillas.es\\\/en\\\/2024\\\/12\\\/12\\\/conoce-las-nuevas-palabras-del-diccionario-de-la-rae\\\/#primaryimage\",\"url\":\"https:\\\/\\\/fundacioncomillas.es\\\/wp-content\\\/uploads\\\/2024\\\/12\\\/nuevas-palabras-diccionario-de-la-rae.jpeg\",\"contentUrl\":\"https:\\\/\\\/fundacioncomillas.es\\\/wp-content\\\/uploads\\\/2024\\\/12\\\/nuevas-palabras-diccionario-de-la-rae.jpeg\",\"width\":1600,\"height\":1062,\"caption\":\"Nuevas palabras diccionario de la RAE 2024\"},{\"@type\":\"BreadcrumbList\",\"@id\":\"https:\\\/\\\/fundacioncomillas.es\\\/en\\\/2024\\\/12\\\/12\\\/conoce-las-nuevas-palabras-del-diccionario-de-la-rae\\\/#breadcrumb\",\"itemListElement\":[{\"@type\":\"ListItem\",\"position\":1,\"name\":\"Portada\",\"item\":\"https:\\\/\\\/fundacioncomillas.es\\\/en\\\/\"},{\"@type\":\"ListItem\",\"position\":2,\"name\":\"\u00a1Conoce las nuevas palabras del Diccionario de la RAE!\"}]},{\"@type\":\"WebSite\",\"@id\":\"https:\\\/\\\/fundacioncomillas.es\\\/en\\\/#website\",\"url\":\"https:\\\/\\\/fundacioncomillas.es\\\/en\\\/\",\"name\":\"Fundaci\u00f3n Comillas\",\"description\":\"La Fundaci\u00f3n Comillas del Espa\u00f1ol y la Cultura Hisp\u00e1nica\",\"publisher\":{\"@id\":\"https:\\\/\\\/fundacioncomillas.es\\\/en\\\/#organization\"},\"potentialAction\":[{\"@type\":\"SearchAction\",\"target\":{\"@type\":\"EntryPoint\",\"urlTemplate\":\"https:\\\/\\\/fundacioncomillas.es\\\/en\\\/?s={search_term_string}\"},\"query-input\":{\"@type\":\"PropertyValueSpecification\",\"valueRequired\":true,\"valueName\":\"search_term_string\"}}],\"inLanguage\":\"en-US\"},{\"@type\":\"Organization\",\"@id\":\"https:\\\/\\\/fundacioncomillas.es\\\/en\\\/#organization\",\"name\":\"Fundaci\u00f3n Comillas\",\"alternateName\":\"Fundaci\u00f3n Comillas - CIESE\",\"url\":\"https:\\\/\\\/fundacioncomillas.es\\\/en\\\/\",\"logo\":{\"@type\":\"ImageObject\",\"inLanguage\":\"en-US\",\"@id\":\"https:\\\/\\\/fundacioncomillas.es\\\/en\\\/#\\\/schema\\\/logo\\\/image\\\/\",\"url\":\"https:\\\/\\\/fundacioncomillas.es\\\/wp-content\\\/uploads\\\/2023\\\/04\\\/logo-fundacion-comillas-.png\",\"contentUrl\":\"https:\\\/\\\/fundacioncomillas.es\\\/wp-content\\\/uploads\\\/2023\\\/04\\\/logo-fundacion-comillas-.png\",\"width\":548,\"height\":536,\"caption\":\"Fundaci\u00f3n Comillas\"},\"image\":{\"@id\":\"https:\\\/\\\/fundacioncomillas.es\\\/en\\\/#\\\/schema\\\/logo\\\/image\\\/\"},\"sameAs\":[\"https:\\\/\\\/www.facebook.com\\\/ciese.comillas\",\"https:\\\/\\\/x.com\\\/CIESEComillas\",\"https:\\\/\\\/www.instagram.com\\\/uniciesecomillas\\\/\",\"https:\\\/\\\/www.linkedin.com\\\/company\\\/fundacion-comillas\\\/\",\"https:\\\/\\\/www.youtube.com\\\/user\\\/fundacioncomillas\",\"https:\\\/\\\/twitter.com\\\/FundComillas\",\"https:\\\/\\\/www.linkedin.com\\\/company\\\/1533960\\\/admin\\\/\"]},{\"@type\":\"Person\",\"@id\":\"https:\\\/\\\/fundacioncomillas.es\\\/en\\\/#\\\/schema\\\/person\\\/9c97d808ba85998ebb6c55ad7bc925b8\",\"name\":\"Editora blog\",\"url\":\"https:\\\/\\\/fundacioncomillas.es\\\/en\\\/author\\\/editora-blog\\\/\"}]}<\/script>\n<!-- \/ Yoast SEO plugin. -->","yoast_head_json":{"title":"\u00a1Conoce las nuevas palabras del Diccionario de la RAE!","description":"Esp\u00f3iler, granularidad, s\u00e9rum, macroencuesta\u2026 \u00a1Estas son solo algunas de las nuevas palabras que la RAE ha incluido en su diccionario!","robots":{"index":"index","follow":"follow","max-snippet":"max-snippet:-1","max-image-preview":"max-image-preview:large","max-video-preview":"max-video-preview:-1"},"canonical":"https:\/\/fundacioncomillas.es\/en\/2024\/12\/12\/conoce-las-nuevas-palabras-del-diccionario-de-la-rae\/","og_locale":"en_US","og_type":"article","og_title":"\u00a1Conoce las nuevas palabras del Diccionario de la RAE!","og_description":"Esp\u00f3iler, granularidad, s\u00e9rum, macroencuesta\u2026 \u00a1Estas son solo algunas de las nuevas palabras que la RAE ha incluido en su diccionario!","og_url":"https:\/\/fundacioncomillas.es\/en\/2024\/12\/12\/conoce-las-nuevas-palabras-del-diccionario-de-la-rae\/","og_site_name":"Fundaci\u00f3n Comillas","article_publisher":"https:\/\/www.facebook.com\/ciese.comillas","article_published_time":"2024-12-12T08:44:11+00:00","article_modified_time":"2024-12-12T10:57:54+00:00","og_image":[{"width":1600,"height":1062,"url":"https:\/\/fundacioncomillas.es\/wp-content\/uploads\/2024\/12\/nuevas-palabras-diccionario-de-la-rae.jpeg","type":"image\/jpeg"}],"author":"Editora blog","twitter_card":"summary_large_image","twitter_creator":"@CIESEComillas","twitter_site":"@CIESEComillas","twitter_misc":{"Written by":"Editora blog","Est. reading time":"3 minutes"},"schema":{"@context":"https:\/\/schema.org","@graph":[{"@type":"Article","@id":"https:\/\/fundacioncomillas.es\/en\/2024\/12\/12\/conoce-las-nuevas-palabras-del-diccionario-de-la-rae\/#article","isPartOf":{"@id":"https:\/\/fundacioncomillas.es\/en\/2024\/12\/12\/conoce-las-nuevas-palabras-del-diccionario-de-la-rae\/"},"author":{"name":"Editora blog","@id":"https:\/\/fundacioncomillas.es\/en\/#\/schema\/person\/9c97d808ba85998ebb6c55ad7bc925b8"},"headline":"\u00a1Conoce las nuevas palabras del Diccionario de la RAE!","datePublished":"2024-12-12T08:44:11+00:00","dateModified":"2024-12-12T10:57:54+00:00","mainEntityOfPage":{"@id":"https:\/\/fundacioncomillas.es\/en\/2024\/12\/12\/conoce-las-nuevas-palabras-del-diccionario-de-la-rae\/"},"wordCount":622,"publisher":{"@id":"https:\/\/fundacioncomillas.es\/en\/#organization"},"image":{"@id":"https:\/\/fundacioncomillas.es\/en\/2024\/12\/12\/conoce-las-nuevas-palabras-del-diccionario-de-la-rae\/#primaryimage"},"thumbnailUrl":"https:\/\/fundacioncomillas.es\/wp-content\/uploads\/2024\/12\/nuevas-palabras-diccionario-de-la-rae.jpeg","keywords":["aprender espa\u00f1ol","ciese","diccionario","Espa\u00f1ol","fundaci\u00f3n comillas","profesor de espa\u00f1ol","rae"],"articleSection":["ACAD\u00c9MICAS","CULTURA","FUNDACI\u00d3N"],"inLanguage":"en-US"},{"@type":"WebPage","@id":"https:\/\/fundacioncomillas.es\/en\/2024\/12\/12\/conoce-las-nuevas-palabras-del-diccionario-de-la-rae\/","url":"https:\/\/fundacioncomillas.es\/en\/2024\/12\/12\/conoce-las-nuevas-palabras-del-diccionario-de-la-rae\/","name":"\u00a1Conoce las nuevas palabras del Diccionario de la RAE!","isPartOf":{"@id":"https:\/\/fundacioncomillas.es\/en\/#website"},"primaryImageOfPage":{"@id":"https:\/\/fundacioncomillas.es\/en\/2024\/12\/12\/conoce-las-nuevas-palabras-del-diccionario-de-la-rae\/#primaryimage"},"image":{"@id":"https:\/\/fundacioncomillas.es\/en\/2024\/12\/12\/conoce-las-nuevas-palabras-del-diccionario-de-la-rae\/#primaryimage"},"thumbnailUrl":"https:\/\/fundacioncomillas.es\/wp-content\/uploads\/2024\/12\/nuevas-palabras-diccionario-de-la-rae.jpeg","datePublished":"2024-12-12T08:44:11+00:00","dateModified":"2024-12-12T10:57:54+00:00","description":"Esp\u00f3iler, granularidad, s\u00e9rum, macroencuesta\u2026 \u00a1Estas son solo algunas de las nuevas palabras que la RAE ha incluido en su diccionario!","breadcrumb":{"@id":"https:\/\/fundacioncomillas.es\/en\/2024\/12\/12\/conoce-las-nuevas-palabras-del-diccionario-de-la-rae\/#breadcrumb"},"inLanguage":"en-US","potentialAction":[{"@type":"ReadAction","target":["https:\/\/fundacioncomillas.es\/en\/2024\/12\/12\/conoce-las-nuevas-palabras-del-diccionario-de-la-rae\/"]}]},{"@type":"ImageObject","inLanguage":"en-US","@id":"https:\/\/fundacioncomillas.es\/en\/2024\/12\/12\/conoce-las-nuevas-palabras-del-diccionario-de-la-rae\/#primaryimage","url":"https:\/\/fundacioncomillas.es\/wp-content\/uploads\/2024\/12\/nuevas-palabras-diccionario-de-la-rae.jpeg","contentUrl":"https:\/\/fundacioncomillas.es\/wp-content\/uploads\/2024\/12\/nuevas-palabras-diccionario-de-la-rae.jpeg","width":1600,"height":1062,"caption":"Nuevas palabras diccionario de la RAE 2024"},{"@type":"BreadcrumbList","@id":"https:\/\/fundacioncomillas.es\/en\/2024\/12\/12\/conoce-las-nuevas-palabras-del-diccionario-de-la-rae\/#breadcrumb","itemListElement":[{"@type":"ListItem","position":1,"name":"Portada","item":"https:\/\/fundacioncomillas.es\/en\/"},{"@type":"ListItem","position":2,"name":"\u00a1Conoce las nuevas palabras del Diccionario de la RAE!"}]},{"@type":"WebSite","@id":"https:\/\/fundacioncomillas.es\/en\/#website","url":"https:\/\/fundacioncomillas.es\/en\/","name":"Fundaci\u00f3n Comillas","description":"La Fundaci\u00f3n Comillas del Espa\u00f1ol y la Cultura Hisp\u00e1nica","publisher":{"@id":"https:\/\/fundacioncomillas.es\/en\/#organization"},"potentialAction":[{"@type":"SearchAction","target":{"@type":"EntryPoint","urlTemplate":"https:\/\/fundacioncomillas.es\/en\/?s={search_term_string}"},"query-input":{"@type":"PropertyValueSpecification","valueRequired":true,"valueName":"search_term_string"}}],"inLanguage":"en-US"},{"@type":"Organization","@id":"https:\/\/fundacioncomillas.es\/en\/#organization","name":"Fundaci\u00f3n Comillas","alternateName":"Fundaci\u00f3n Comillas - CIESE","url":"https:\/\/fundacioncomillas.es\/en\/","logo":{"@type":"ImageObject","inLanguage":"en-US","@id":"https:\/\/fundacioncomillas.es\/en\/#\/schema\/logo\/image\/","url":"https:\/\/fundacioncomillas.es\/wp-content\/uploads\/2023\/04\/logo-fundacion-comillas-.png","contentUrl":"https:\/\/fundacioncomillas.es\/wp-content\/uploads\/2023\/04\/logo-fundacion-comillas-.png","width":548,"height":536,"caption":"Fundaci\u00f3n Comillas"},"image":{"@id":"https:\/\/fundacioncomillas.es\/en\/#\/schema\/logo\/image\/"},"sameAs":["https:\/\/www.facebook.com\/ciese.comillas","https:\/\/x.com\/CIESEComillas","https:\/\/www.instagram.com\/uniciesecomillas\/","https:\/\/www.linkedin.com\/company\/fundacion-comillas\/","https:\/\/www.youtube.com\/user\/fundacioncomillas","https:\/\/twitter.com\/FundComillas","https:\/\/www.linkedin.com\/company\/1533960\/admin\/"]},{"@type":"Person","@id":"https:\/\/fundacioncomillas.es\/en\/#\/schema\/person\/9c97d808ba85998ebb6c55ad7bc925b8","name":"Editora blog","url":"https:\/\/fundacioncomillas.es\/en\/author\/editora-blog\/"}]}},"_links":{"self":[{"href":"https:\/\/fundacioncomillas.es\/en\/wp-json\/wp\/v2\/posts\/13263","targetHints":{"allow":["GET"]}}],"collection":[{"href":"https:\/\/fundacioncomillas.es\/en\/wp-json\/wp\/v2\/posts"}],"about":[{"href":"https:\/\/fundacioncomillas.es\/en\/wp-json\/wp\/v2\/types\/post"}],"author":[{"embeddable":true,"href":"https:\/\/fundacioncomillas.es\/en\/wp-json\/wp\/v2\/users\/5"}],"replies":[{"embeddable":true,"href":"https:\/\/fundacioncomillas.es\/en\/wp-json\/wp\/v2\/comments?post=13263"}],"version-history":[{"count":5,"href":"https:\/\/fundacioncomillas.es\/en\/wp-json\/wp\/v2\/posts\/13263\/revisions"}],"predecessor-version":[{"id":13265,"href":"https:\/\/fundacioncomillas.es\/en\/wp-json\/wp\/v2\/posts\/13263\/revisions\/13265"}],"wp:featuredmedia":[{"embeddable":true,"href":"https:\/\/fundacioncomillas.es\/en\/wp-json\/wp\/v2\/media\/13268"}],"wp:attachment":[{"href":"https:\/\/fundacioncomillas.es\/en\/wp-json\/wp\/v2\/media?parent=13263"}],"wp:term":[{"taxonomy":"category","embeddable":true,"href":"https:\/\/fundacioncomillas.es\/en\/wp-json\/wp\/v2\/categories?post=13263"},{"taxonomy":"post_tag","embeddable":true,"href":"https:\/\/fundacioncomillas.es\/en\/wp-json\/wp\/v2\/tags?post=13263"}],"curies":[{"name":"wp","href":"https:\/\/api.w.org\/{rel}","templated":true}]}}